{"id":25899,"date":"2025-03-14T19:43:50","date_gmt":"2025-03-15T02:43:50","guid":{"rendered":"https:\/\/www.regioncuatronoticias.com\/?p=25899"},"modified":"2025-03-14T19:43:56","modified_gmt":"2025-03-15T02:43:56","slug":"quien-es-mark-carney-el-economista-que-lidera-canada-en-tiempos-de-crisis","status":"publish","type":"post","link":"https:\/\/www.regioncuatronoticias.com\/index.php\/2025\/03\/14\/quien-es-mark-carney-el-economista-que-lidera-canada-en-tiempos-de-crisis\/","title":{"rendered":"\u00bfQui\u00e9n es Mark Carney? El economista que lidera Canad\u00e1 en tiempos de crisis"},"content":{"rendered":"\n<p><strong>Mark Carney, economista y exgobernador de los bancos centrales de Canad\u00e1 e Inglaterra, asumi\u00f3 este viernes como primer ministro de Canad\u00e1, sucediendo a Justin Trudeau. Con una trayectoria destacada en la gesti\u00f3n de crisis financieras como la de 2008, el Brexit y la pandemia de COVID-19, Carney llega en un momento cr\u00edtico para el pa\u00eds, enfrentando una guerra comercial con Estados Unidos y las amenazas expansionistas de Donald Trump<\/strong><\/p>\n\n\n\n<p>Tomado de EMEEQUIS<\/p>\n\n\n\n<p>Redacci\u00f3n<\/p>\n\n\n\n<p>Viernes 14 de marzo de 2025<\/p>\n\n\n\n<p>EMEEQUIS.\u2013&nbsp; Este viernes, Mark Carney se convirti\u00f3 en el vig\u00e9simo cuarto primer ministro de Canad\u00e1, sucediendo a Justin Trudeau en un momento crucial para el pa\u00eds. Con una trayectoria impresionante como economista y banquero central, Carney asume el liderazgo en medio de una guerra comercial con Estados Unidos, las amenazas expansionistas de Donald Trump y el desaf\u00edo de consolidar su posici\u00f3n antes de las pr\u00f3ximas elecciones generales.<\/p>\n\n\n\n<p><strong>DE FORT SMITH A OTTAWA: EL RECORRIDO DE UN L\u00cdDER<\/strong><\/p>\n\n\n\n<p>Nacido hace 59 a\u00f1os en Fort Smith, una remota ciudad del noroeste canadiense, Carney creci\u00f3 en Edmonton, la capital petrolera del pa\u00eds. Estudi\u00f3 Econom\u00eda en Harvard y obtuvo un m\u00e1ster y doctorado en Oxford, donde comenz\u00f3 a forjar su reputaci\u00f3n como un pensador brillante. Tras trabajar en Goldman Sachs, su carrera dio un giro en 2008, cuando asumi\u00f3 como gobernador del Banco de Canad\u00e1 en plena crisis financiera global.<\/p>\n\n\n\n<p>Carney, el gobernador m\u00e1s joven de un banco central del G7 y G20, tom\u00f3 decisiones audaces que ayudaron a Canad\u00e1 a esquivar lo peor de la crisis. Su enfoque innovador, como la orientaci\u00f3n a futuro y la estabilidad financiera, fue elogiado por expertos y le vali\u00f3 el reconocimiento internacional.<\/p>\n\n\n\n<p><strong>DEL BANCO DE INGLATERRA A LA POL\u00cdTICA<\/strong><\/p>\n\n\n\n<p>En 2013, Carney dej\u00f3 Canad\u00e1 para convertirse en gobernador del Banco de Inglaterra, donde enfrent\u00f3 dos de los mayores desaf\u00edos de la historia reciente: el Brexit y la pandemia de COVID-19. Su manejo de ambas crisis consolid\u00f3 su reputaci\u00f3n como un l\u00edder capaz de navegar aguas turbulentas.<\/p>\n\n\n\n<p>Tras abandonar el Banco de Inglaterra en 2020, Carney se uni\u00f3 a Brookfield Asset Management, una de las mayores firmas de inversi\u00f3n del mundo, y fue nombrado enviado especial de la ONU para la Acci\u00f3n Clim\u00e1tica y Finanzas. Sin embargo, su coraz\u00f3n siempre estuvo en Canad\u00e1, donde preparaba su regreso a la pol\u00edtica de la mano del Partido Liberal de Trudeau.<\/p>\n\n\n\n<p><strong>EL ASCENSO AL PODER: DE ECONOMISTA A PRIMER MINISTRO<\/strong><\/p>\n\n\n\n<p>La renuncia de Justin Trudeau en enero de 2025, tras un desplome en las encuestas y la dimisi\u00f3n de su mano derecha, Chrystia Freeland, abri\u00f3 la puerta para que Carney asumiera el liderazgo del Partido Liberal. Con el respaldo de gran parte del partido, Carney se convirti\u00f3 autom\u00e1ticamente en primer ministro tras la dimisi\u00f3n formal de Trudeau este viernes.<\/p>\n\n\n\n<p><strong>DESAF\u00cdOS INMEDIATOS: TRUMP, EL COMERCIO Y LA SOBERAN\u00cdA<\/strong><\/p>\n\n\n\n<p>Carney llega al poder en un momento cr\u00edtico. Las amenazas de Donald Trump de anexar Canad\u00e1 como el estado 51 de Estados Unidos y los aranceles comerciales impuestos por Washington han puesto en jaque la econom\u00eda canadiense. Carney, sin embargo, se muestra firme: \u201cCanad\u00e1 nunca ser\u00e1 parte de Estados Unidos, de ninguna forma\u201d, declar\u00f3.<\/p>\n\n\n\n<p>Utilizando una analog\u00eda del hockey sobre hielo, el deporte nacional, Carney advirti\u00f3: \u201cNo buscamos esta pelea. Pero los canadienses siempre est\u00e1n listos cuando alguien se quita los guantes. As\u00ed que los estadounidenses no deber\u00edan equivocarse porque en el comercio, como en el hockey, Canad\u00e1 ganar\u00e1\u201d.<\/p>\n\n\n\n<p><strong>UN L\u00cdDER PREPARADO PARA LA CRISIS<\/strong><\/p>\n\n\n\n<p>Carney ha dejado claro que su experiencia en la gesti\u00f3n de crisis lo prepara para este momento. \u201cEn una situaci\u00f3n como esta, se necesita experiencia en t\u00e9rminos de gesti\u00f3n de crisis, se necesitan capacidades de negociaci\u00f3n\u201d, afirm\u00f3.<\/p>\n\n\n\n<p>Con un gabinete que mantiene a muchos ministros del gobierno de Trudeau, Carney tiene un margen de maniobra para enfrentar los desaf\u00edos inmediatos. Sin embargo, su mayor prueba ser\u00e1 consolidar su liderazgo antes de las elecciones generales, que podr\u00edan celebrarse en cualquier momento antes del oto\u00f1o.<\/p>\n\n\n\n<p><strong>EL LEGADO DE TRUDEAU Y EL FUTURO DE CANAD\u00c1<\/strong><\/p>\n\n\n\n<p>Aunque la herencia de Trudeau parec\u00eda una fruta envenenada, la recuperaci\u00f3n del Partido Liberal en las encuestas, impulsada por la firmeza de Trudeau frente a Trump, le da a Carney un respiro inicial. Ahora, el nuevo primer ministro debe demostrar que est\u00e1 a la altura del desaf\u00edo.<\/p>\n\n\n\n<p>Con una combinaci\u00f3n de experiencia econ\u00f3mica, habilidades de negociaci\u00f3n y una visi\u00f3n clara para el futuro, Mark Carney se prepara para escribir un nuevo cap\u00edtulo en la historia de Canad\u00e1. \u00bfPodr\u00e1 este economista convertido en pol\u00edtico guiar al pa\u00eds a trav\u00e9s de estas aguas turbulentas? El tiempo lo dir\u00e1, pero una cosa es segura: Canad\u00e1 tiene un l\u00edder que no teme quitarse los guantes.<\/p>\n\n\n\n<p>@emeequis<\/p>\n\n\n\n<p><a href=\"https:\/\/emeequis.com\/al-dia\/quien-es-mark-carney-el-economista-que-lidera-canada-en-tiempos-de-crisis\">https:\/\/emeequis.com\/al-dia\/quien-es-mark-carney-el-economista-que-lidera-canada-en-tiempos-de-crisis<\/a><\/p>\n","protected":false},"excerpt":{"rendered":"<p>Mark Carney, economista y exgobernador de los bancos centrales de Canad\u00e1 e Inglaterra, asumi\u00f3 este viernes como primer ministro de Canad\u00e1, sucediendo a Justin Trudeau. Con una trayectoria destacada en la gesti\u00f3n de crisis financieras como la de 2008, el Brexit y la pandemia de COVID-19, Carney llega en un momento cr\u00edtico para el pa\u00eds, [&hellip;]<\/p>\n","protected":false},"author":1,"featured_media":25900,"comment_status":"open","ping_status":"open","sticky":false,"template":"","format":"standard","meta":{"content-type":"","footnotes":""},"categories":[7,115],"tags":[],"class_list":{"0":"post-25899","1":"post","2":"type-post","3":"status-publish","4":"format-standard","5":"has-post-thumbnail","7":"category-internacional","8":"category-politica"},"_links":{"self":[{"href":"https:\/\/www.regioncuatronoticias.com\/index.php\/wp-json\/wp\/v2\/posts\/25899","targetHints":{"allow":["GET"]}}],"collection":[{"href":"https:\/\/www.regioncuatronoticias.com\/index.php\/wp-json\/wp\/v2\/posts"}],"about":[{"href":"https:\/\/www.regioncuatronoticias.com\/index.php\/wp-json\/wp\/v2\/types\/post"}],"author":[{"embeddable":true,"href":"https:\/\/www.regioncuatronoticias.com\/index.php\/wp-json\/wp\/v2\/users\/1"}],"replies":[{"embeddable":true,"href":"https:\/\/www.regioncuatronoticias.com\/index.php\/wp-json\/wp\/v2\/comments?post=25899"}],"version-history":[{"count":1,"href":"https:\/\/www.regioncuatronoticias.com\/index.php\/wp-json\/wp\/v2\/posts\/25899\/revisions"}],"predecessor-version":[{"id":25901,"href":"https:\/\/www.regioncuatronoticias.com\/index.php\/wp-json\/wp\/v2\/posts\/25899\/revisions\/25901"}],"wp:featuredmedia":[{"embeddable":true,"href":"https:\/\/www.regioncuatronoticias.com\/index.php\/wp-json\/wp\/v2\/media\/25900"}],"wp:attachment":[{"href":"https:\/\/www.regioncuatronoticias.com\/index.php\/wp-json\/wp\/v2\/media?parent=25899"}],"wp:term":[{"taxonomy":"category","embeddable":true,"href":"https:\/\/www.regioncuatronoticias.com\/index.php\/wp-json\/wp\/v2\/categories?post=25899"},{"taxonomy":"post_tag","embeddable":true,"href":"https:\/\/www.regioncuatronoticias.com\/index.php\/wp-json\/wp\/v2\/tags?post=25899"}],"curies":[{"name":"wp","href":"https:\/\/api.w.org\/{rel}","templated":true}]}}