{"id":25896,"date":"2025-03-14T19:41:34","date_gmt":"2025-03-15T02:41:34","guid":{"rendered":"https:\/\/www.regioncuatronoticias.com\/?p=25896"},"modified":"2025-03-14T19:41:42","modified_gmt":"2025-03-15T02:41:42","slug":"congreso-de-jalisco-llamara-a-comparecer-al-gabinete-de-seguridad-estatal-por-el-rancho-de-teuchitlan","status":"publish","type":"post","link":"https:\/\/www.regioncuatronoticias.com\/index.php\/2025\/03\/14\/congreso-de-jalisco-llamara-a-comparecer-al-gabinete-de-seguridad-estatal-por-el-rancho-de-teuchitlan\/","title":{"rendered":"Congreso de Jalisco llamar\u00e1 a comparecer al Gabinete de Seguridad Estatal por el rancho de Teuchitl\u00e1n"},"content":{"rendered":"\n<p><strong>La comparecencia de los tres integrantes del Gabinete de Seguridad del gobierno de Jalisco se realizar\u00e1 el pr\u00f3ximo mi\u00e9rcoles 19 de marzo a las 11:00 horas.<\/strong><\/p>\n\n\n\n<p>Tomado de Proceso<\/p>\n\n\n\n<p>Elizabeth Rivera Avelar<\/p>\n\n\n\n<p>Viernes, 14 de marzo de 2025<\/p>\n\n\n\n<p>GUADALAJARA, Jal. (apro). El pleno del Congreso del Estado de Jalisco tom\u00f3 la decisi\u00f3n un\u00e1nime de convocar al Gabinete Estatal de Seguridad para que aclare las omisiones registradas en el rancho de reclutamiento y exterminio de Teuchitl\u00e1n. Esta comparecencia tambi\u00e9n tiene como objetivo exigir que se tomen acciones y se impongan sanciones a quienes resulten responsables de este crimen.<\/p>\n\n\n\n<p>De esta forma, deber\u00e1n acudir a responder a las interrogantes de los legisladores: el fiscal estatal, Salvador Gonz\u00e1lez de los Santos; el coordinador Estrat\u00e9gico de Seguridad, Roberto Alarc\u00f3n; y el secretario de Seguridad P\u00fablica, Juan Pablo Hern\u00e1ndez.<\/p>\n\n\n\n<p>La petici\u00f3n inicial fue hecha por el diputado Enrique Vel\u00e1zquez, de Hagamos: \u201cCon la finalidad de que informen a esta soberan\u00eda todo lo concerniente con el predio conocido como el rancho Izaguirre, en el municipio de Teuchitl\u00e1n. Esto no se trata de atacar a nadie, se trata de generar las condiciones para que involucrados todos aqu\u00ed nos digan qu\u00e9 es lo que hace falta, porque es muy f\u00e1cil echar la culpa a quien sea, pero si hacen falta m\u00e1s recursos, m\u00e1s capacitaci\u00f3n, u otra, si esas personas creen que ese problema no les toca que dejen su espacio para alguien que sea profesional y sepa lo que debe hacer\u201d.<\/p>\n\n\n\n<p>A esta solicitud se sum\u00f3 el legislador independiente Alejandro Puerto, \u201cpienso que deben venir a comparecer el fiscal estatal y el secretario de Seguridad, porque evidentemente este problema de la deficiencia en los procesos de b\u00fasqueda debe enfrentarse con todas las herramientas existentes y el Congreso tiene una muy poderosa: revisar y supervisar las tareas que hace el Poder Ejecutivo y todas las \u00e1reas de gobierno.\u201d<\/p>\n\n\n\n<p>El promotor del acuerdo hizo un llamado para que, en esta ocasi\u00f3n, la cita de funcionarios de seguridad p\u00fablica no se opacara realiz\u00e1ndola en la v\u00edspera del fin de semana ni por la tarde noche, como sol\u00eda ocurrir en la anterior administraci\u00f3n estatal y en la legislatura precedente.<\/p>\n\n\n\n<p>\u201cLo importante es que entendamos que las comparecencias son parte fundamental del trabajo de este Congreso. Durante muchos a\u00f1os se ha evitado, incluso cuando se hacen las glosas del informe, se busca que el tema de seguridad se vaya al viernes a la tarde para que se pierda la nota los fines de semana. Creo que eso ya es insostenible. Eso no puede ser. La fracci\u00f3n de Hagamos presentamos no una ni dos, sino varias veces, la necesidad de rendir cuentas de los funcionarios ante esta representaci\u00f3n popular\u201d, manifest\u00f3 Vel\u00e1zquez.<\/p>\n\n\n\n<p>A diferencia de lo ocurrido en otras ocasiones, la bancada del partido en el gobierno de Movimiento Ciudadano (MC) esta vez no se resisti\u00f3 a que los funcionarios del \u00e1rea de seguridad rindan cuentas ante el Poder Legislativo de Jalisco y, tras un receso de dos horas, aceptaron la propuesta.<\/p>\n\n\n\n<p>El coordinador de la bancada de MC, Jos\u00e9 Luis Tostado Bastidas, se\u00f1al\u00f3: \u201cEste caso debe ser investigado hasta sus \u00faltimas consecuencias. Aqu\u00ed no debe haber impunidad, ni c\u00e1lculos pol\u00edticos. Jalisco debe saber qu\u00e9 pas\u00f3, c\u00f3mo pas\u00f3 y qui\u00e9nes son los responsables. Se debe llevar hasta el fondo y deslindar responsabilidades de las autoridades locales, estatales y federales. Si hubo omisiones, negligencias o encubrimientos que se castigue sin importar de qui\u00e9n se trate\u201d.<\/p>\n\n\n\n<p>La comparecencia de los tres integrantes del Gabinete de Seguridad del gobierno de Jalisco se har\u00e1 el pr\u00f3ximo mi\u00e9rcoles 19 de marzo a las 11:00 horas.<\/p>\n\n\n\n<p><strong>Fiscal\u00eda Anticorrupci\u00f3n investigar\u00e1 posibles irregularidades en el Caso Teuchitl\u00e1n<\/strong><\/p>\n\n\n\n<p>La Fiscal\u00eda Anticorrupci\u00f3n de Jalisco comenzar\u00e1 una investigaci\u00f3n sobre posibles irregularidades cometidas por funcionarios de la Fiscal\u00eda Estatal en el caso de Teuchitl\u00e1n. Gerardo de la Cruz Tovar, titular de la Fiscal\u00eda Anticorrupci\u00f3n, anunci\u00f3 que convocar\u00e1n a declarar a polic\u00edas investigadores, ministerios p\u00fablicos y a altos funcionarios vinculados con el campamento de reclutamiento involucrado en el incidente.<\/p>\n\n\n\n<p>Tovar destac\u00f3 que, tras la detenci\u00f3n de 10 personas y el rescate de dos con vida, as\u00ed como de un cad\u00e1ver, es imperativo que los servidores p\u00fablicos actuaran con exhaustividad en su investigaci\u00f3n. Subray\u00f3 que &#8220;la falta de investigaci\u00f3n no solo genera impunidad, sino que tambi\u00e9n representa una violaci\u00f3n a los derechos fundamentales de las v\u00edctimas y sus familias, quienes se vieron privados de acceder a la justicia&#8221;.<\/p>\n\n\n\n<p><a href=\"https:\/\/www.proceso.com.mx\/nacional\/estados\/2025\/3\/14\/congreso-de-jalisco-llamara-comparecer-al-gabinete-de-seguridad-estatal-por-el-rancho-de-teuchitlan-347426.html\">https:\/\/www.proceso.com.mx\/nacional\/estados\/2025\/3\/14\/congreso-de-jalisco-llamara-comparecer-al-gabinete-de-seguridad-estatal-por-el-rancho-de-teuchitlan-347426.html<\/a><\/p>\n","protected":false},"excerpt":{"rendered":"<p>La comparecencia de los tres integrantes del Gabinete de Seguridad del gobierno de Jalisco se realizar\u00e1 el pr\u00f3ximo mi\u00e9rcoles 19 de marzo a las 11:00 horas. Tomado de Proceso Elizabeth Rivera Avelar Viernes, 14 de marzo de 2025 GUADALAJARA, Jal. (apro). El pleno del Congreso del Estado de Jalisco tom\u00f3 la decisi\u00f3n un\u00e1nime de convocar [&hellip;]<\/p>\n","protected":false},"author":1,"featured_media":25897,"comment_status":"open","ping_status":"open","sticky":false,"template":"","format":"standard","meta":{"content-type":"","footnotes":""},"categories":[3,115,113],"tags":[],"class_list":{"0":"post-25896","1":"post","2":"type-post","3":"status-publish","4":"format-standard","5":"has-post-thumbnail","7":"category-mexico","8":"category-politica","9":"category-seguridad"},"_links":{"self":[{"href":"https:\/\/www.regioncuatronoticias.com\/index.php\/wp-json\/wp\/v2\/posts\/25896","targetHints":{"allow":["GET"]}}],"collection":[{"href":"https:\/\/www.regioncuatronoticias.com\/index.php\/wp-json\/wp\/v2\/posts"}],"about":[{"href":"https:\/\/www.regioncuatronoticias.com\/index.php\/wp-json\/wp\/v2\/types\/post"}],"author":[{"embeddable":true,"href":"https:\/\/www.regioncuatronoticias.com\/index.php\/wp-json\/wp\/v2\/users\/1"}],"replies":[{"embeddable":true,"href":"https:\/\/www.regioncuatronoticias.com\/index.php\/wp-json\/wp\/v2\/comments?post=25896"}],"version-history":[{"count":1,"href":"https:\/\/www.regioncuatronoticias.com\/index.php\/wp-json\/wp\/v2\/posts\/25896\/revisions"}],"predecessor-version":[{"id":25898,"href":"https:\/\/www.regioncuatronoticias.com\/index.php\/wp-json\/wp\/v2\/posts\/25896\/revisions\/25898"}],"wp:featuredmedia":[{"embeddable":true,"href":"https:\/\/www.regioncuatronoticias.com\/index.php\/wp-json\/wp\/v2\/media\/25897"}],"wp:attachment":[{"href":"https:\/\/www.regioncuatronoticias.com\/index.php\/wp-json\/wp\/v2\/media?parent=25896"}],"wp:term":[{"taxonomy":"category","embeddable":true,"href":"https:\/\/www.regioncuatronoticias.com\/index.php\/wp-json\/wp\/v2\/categories?post=25896"},{"taxonomy":"post_tag","embeddable":true,"href":"https:\/\/www.regioncuatronoticias.com\/index.php\/wp-json\/wp\/v2\/tags?post=25896"}],"curies":[{"name":"wp","href":"https:\/\/api.w.org\/{rel}","templated":true}]}}