{"id":25890,"date":"2025-03-14T19:05:54","date_gmt":"2025-03-15T02:05:54","guid":{"rendered":"https:\/\/www.regioncuatronoticias.com\/?p=25890"},"modified":"2025-03-14T19:05:56","modified_gmt":"2025-03-15T02:05:56","slug":"sheinbaum-pide-no-culpar-a-amlo-por-campo-de-exterminio-en-jalisco-ya-dejenlo-en-paz","status":"publish","type":"post","link":"https:\/\/www.regioncuatronoticias.com\/index.php\/2025\/03\/14\/sheinbaum-pide-no-culpar-a-amlo-por-campo-de-exterminio-en-jalisco-ya-dejenlo-en-paz\/","title":{"rendered":"Sheinbaum pide no culpar a AMLO por campo de exterminio en Jalisco: \u201cYa d\u00e9jenlo en paz\u201d"},"content":{"rendered":"\n<p><strong>\u201cYa se les olvid\u00f3 Garc\u00eda Luna, ya se les olvid\u00f3 la guerra contra el narco, ya se les olvid\u00f3 Felipe Calder\u00f3n&#8221;, se\u00f1al\u00f3 la presidenta.<\/strong><\/p>\n\n\n\n<p>Tomado de La Jornada<\/p>\n\n\n\n<p>Dalila Escobar<\/p>\n\n\n\n<p>Viernes 14 de marzo de 2025<\/p>\n\n\n\n<p>CIUDAD DE M\u00c9XICO (apro).- \u201cYa d\u00e9jenlo en paz\u201d, expres\u00f3 la presidenta Claudia Sheinbaum para salir en defensa del expresidente Andr\u00e9s Manuel L\u00f3pez Obrador a quien, dijo, quieren culpar del entorno por el hallazgo de posibles crematorios en un rancho en Jalisco.<\/p>\n\n\n\n<p>La mandataria federal se refer\u00eda a la investigaci\u00f3n \u201cde fondo\u201d que hace la Fiscal\u00eda General de la Rep\u00fablica (FGR) con \u201cevidencia cient\u00edfica\u201d del hallazgo de un colectivo de buscadoras, que denunci\u00f3 lo que encontraron en el rancho de Izaguirre, por lo que la autoridad pide que se espere a determinar en realidad qu\u00e9 era y para qu\u00e9 usaban el inmueble, pero se quej\u00f3 de que \u201ccoment\u00f3cratas\u201d se adelantaban a informar sobre el caso.<\/p>\n\n\n\n<p>\u201cAyer vi que narcopresidente AMLO, ya d\u00e9jenlo en paz. Todo otra vez contra el presidente L\u00f3pez Obrador, cuando quien ten\u00eda resguardado el predio era la fiscal\u00eda estatal\u201d, asegur\u00f3 esta ma\u00f1ana.<\/p>\n\n\n\n<p>La jefa del Ejecutivo Federal pidi\u00f3 esperar a la informaci\u00f3n de la FGR.<\/p>\n\n\n\n<p>Despu\u00e9s, se lanz\u00f3 de nuevo contra la oposici\u00f3n: \u201cYa se les olvid\u00f3 Garc\u00eda Luna, ya se les olvid\u00f3 la guerra contra el narco, ya se les olvid\u00f3 Felipe Calder\u00f3n.\u00a0 El \u00fanico detenido de un gobierno, funcionario p\u00fablico, es Garc\u00eda Luna\u201d, lo cual se dio en Estados Unidos, aunque no es la \u00fanica detenci\u00f3n de un servidor p\u00fablico mexicano en ese pa\u00eds.<\/p>\n\n\n\n<p><a href=\"https:\/\/www.proceso.com.mx\/nacional\/politica\/2025\/3\/14\/sheinbaum-pide-no-culpar-amlo-por-campo-de-exterminio-en-jalisco-ya-dejenlo-en-paz-347415.html\">https:\/\/www.proceso.com.mx\/nacional\/politica\/2025\/3\/14\/sheinbaum-pide-no-culpar-amlo-por-campo-de-exterminio-en-jalisco-ya-dejenlo-en-paz-347415.html<\/a><\/p>\n","protected":false},"excerpt":{"rendered":"<p>\u201cYa se les olvid\u00f3 Garc\u00eda Luna, ya se les olvid\u00f3 la guerra contra el narco, ya se les olvid\u00f3 Felipe Calder\u00f3n&#8221;, se\u00f1al\u00f3 la presidenta. Tomado de La Jornada Dalila Escobar Viernes 14 de marzo de 2025 CIUDAD DE M\u00c9XICO (apro).- \u201cYa d\u00e9jenlo en paz\u201d, expres\u00f3 la presidenta Claudia Sheinbaum para salir en defensa del expresidente [&hellip;]<\/p>\n","protected":false},"author":1,"featured_media":25891,"comment_status":"open","ping_status":"open","sticky":false,"template":"","format":"standard","meta":{"content-type":"","footnotes":""},"categories":[3,115,105],"tags":[],"class_list":{"0":"post-25890","1":"post","2":"type-post","3":"status-publish","4":"format-standard","5":"has-post-thumbnail","7":"category-mexico","8":"category-politica","9":"category-principal"},"_links":{"self":[{"href":"https:\/\/www.regioncuatronoticias.com\/index.php\/wp-json\/wp\/v2\/posts\/25890","targetHints":{"allow":["GET"]}}],"collection":[{"href":"https:\/\/www.regioncuatronoticias.com\/index.php\/wp-json\/wp\/v2\/posts"}],"about":[{"href":"https:\/\/www.regioncuatronoticias.com\/index.php\/wp-json\/wp\/v2\/types\/post"}],"author":[{"embeddable":true,"href":"https:\/\/www.regioncuatronoticias.com\/index.php\/wp-json\/wp\/v2\/users\/1"}],"replies":[{"embeddable":true,"href":"https:\/\/www.regioncuatronoticias.com\/index.php\/wp-json\/wp\/v2\/comments?post=25890"}],"version-history":[{"count":1,"href":"https:\/\/www.regioncuatronoticias.com\/index.php\/wp-json\/wp\/v2\/posts\/25890\/revisions"}],"predecessor-version":[{"id":25892,"href":"https:\/\/www.regioncuatronoticias.com\/index.php\/wp-json\/wp\/v2\/posts\/25890\/revisions\/25892"}],"wp:featuredmedia":[{"embeddable":true,"href":"https:\/\/www.regioncuatronoticias.com\/index.php\/wp-json\/wp\/v2\/media\/25891"}],"wp:attachment":[{"href":"https:\/\/www.regioncuatronoticias.com\/index.php\/wp-json\/wp\/v2\/media?parent=25890"}],"wp:term":[{"taxonomy":"category","embeddable":true,"href":"https:\/\/www.regioncuatronoticias.com\/index.php\/wp-json\/wp\/v2\/categories?post=25890"},{"taxonomy":"post_tag","embeddable":true,"href":"https:\/\/www.regioncuatronoticias.com\/index.php\/wp-json\/wp\/v2\/tags?post=25890"}],"curies":[{"name":"wp","href":"https:\/\/api.w.org\/{rel}","templated":true}]}}