{"id":25872,"date":"2025-03-14T18:03:29","date_gmt":"2025-03-15T01:03:29","guid":{"rendered":"https:\/\/www.regioncuatronoticias.com\/?p=25872"},"modified":"2025-03-14T18:03:33","modified_gmt":"2025-03-15T01:03:33","slug":"fiscalia-de-jalisco-niega-que-madres-buscadoras-reportaran-crematorio-clandestino-en-diciembre-investigan-omisiones-del-caso","status":"publish","type":"post","link":"https:\/\/www.regioncuatronoticias.com\/index.php\/2025\/03\/14\/fiscalia-de-jalisco-niega-que-madres-buscadoras-reportaran-crematorio-clandestino-en-diciembre-investigan-omisiones-del-caso\/","title":{"rendered":"Fiscal\u00eda de Jalisco niega que Madres Buscadoras reportaran crematorio clandestino en diciembre; investigan omisiones del caso"},"content":{"rendered":"\n<p><strong>La Fiscal\u00eda se\u00f1al\u00f3 que no cuenta con ning\u00fan reporte al respecto y que actu\u00f3 de inmediato cuando el colectivo Guerreros Buscadores de Jalisco dio aviso de sus hallazgos en el predio<\/strong><\/p>\n\n\n\n<p>Informaci\u00f3n de El Universal<\/p>\n\n\n\n<p>Redacci\u00f3n<\/p>\n\n\n\n<p>Viernes 14 de marzo de 2025<\/p>\n\n\n\n<p>La Fiscal\u00eda de Jalisco neg\u00f3 que en diciembre de 2024 el colectivo Madres Buscadoras de Jalisco les haya informado sobre lo que de descubrieron al inspeccionar el Rancho Izaguirre, en Teuchitl\u00e1n, como lo se\u00f1al\u00f3Ceci Flores, l\u00edder de las Madres Buscadoras de Sonora.<\/p>\n\n\n\n<p>\u201cEn Diciembre de 2024 y Enero de 2025 nuestro colectivo Madres Buscadoras de Jalisco entr\u00f3 a hacer b\u00fasqueda en el narco-rancho porque un sobreviviente an\u00f3nimo nos cont\u00f3 todo el dolor que ah\u00ed escond\u00edan. En Diciembre, algunos hornos donde quedaron hechas cenizas muchas vidas, a\u00fan estaban activos, humeando y desprend\u00edan olor a muerte; le avisamos a las autoridades, pero\u2026\u201d, escribi\u00f3 la buscadora en sus redes sociales el pasado 10 de marzo, donde adem\u00e1s public\u00f3 videos y fotograf\u00edas del lugar y lo que encontraron.<\/p>\n\n\n\n<p>A diferencia de lo que hizo el pasado 5 de marzo el colectivo Guerreros Buscadores de Jalisco, en esa ocasi\u00f3n las Madres Buscadoras no removieron la tierra de la que \u2013aseguran\u2013 a\u00fan sal\u00eda humo y dieron aviso a las autoridades.<\/p>\n\n\n\n<p>Sin embargo, la Fiscal\u00eda se\u00f1al\u00f3 que no cuenta con ning\u00fan reporte al respecto y que la dependencia actu\u00f3 de inmediato cuando el colectivo Guerreros Buscadores de Jalisco dio aviso de sus hallazgos en el predio que supuestamente estaba asegurado.<\/p>\n\n\n\n<p><strong>No hay hornos pero s\u00ed huesos calcinados<\/strong><\/p>\n\n\n\n<p>Tras la revisi\u00f3n realizada este jueves en el rancho con apoyo de instancias federales, la Fiscal\u00eda de Jalisco se\u00f1al\u00f3 que no se localizaron \u201cestructuras que fungieran como hornos\u201d, pero reconoci\u00f3 que se han localizado huesos calcinados.<\/p>\n\n\n\n<p>\u201cLos indicios \u2013particularmente los restos \u00f3seos\u2013 apuntan a que s\u00ed hubo calcinaci\u00f3n \u2013el t\u00e9rmino t\u00e9cnico que utilizan en la investigaci\u00f3n es exposici\u00f3n t\u00e9rmica\u2013, pero no dentro de estructuras con funci\u00f3n de hornos\u201d, precis\u00f3 la dependencia.<\/p>\n\n\n\n<p>Una fuente cercana a la investigaci\u00f3n y que ha estado dentro del predio observando los trabajos se\u00f1al\u00f3 que se tiene la hip\u00f3tesis de que en alg\u00fan punto se pudo cavar un hoyo para colocar una cama de le\u00f1a, despu\u00e9s el cuerpo de \u201calg\u00fan ser vivo\u201d y encima nuevamente le\u00f1a para quemarlo.<\/p>\n\n\n\n<p>No obstante, explic\u00f3 que hasta ahora, en los agujeros que hay en la tierra e incluso son visibles en las fotograf\u00edas a\u00e9reas del terreno, se han encontrado restos \u00f3seos calcinados y algunos trozos de madera quemada o carb\u00f3n, pero en ellos no hay rastros de fuego que alcanzara la temperatura suficiente para quemar un cuerpo, pues la arena fina que conforma el suelo deber\u00eda estar derretida en ciertos puntos.<\/p>\n\n\n\n<p>La Fiscal\u00eda del estado corrobor\u00f3 la existencia de habitaciones, ba\u00f1os, cocina, bodegas, un \u00e1rea de adiestramiento t\u00e1ctico y otra de acondicionamiento f\u00edsico en el rancho, donde ahora se utilizan herramientas tecnol\u00f3gicas, entre ellas drones multiespectrales y t\u00e9rmicos, y t\u00e9cnicas geof\u00edsicas como georradar, an\u00e1lisis electromagn\u00e9tico y estudios de resistividad el\u00e9ctrica para hacer la prospecci\u00f3n del terreno; adem\u00e1s inform\u00f3 que la FGR ya se encuentra laborando en el sitio.<\/p>\n\n\n\n<p><strong>Fiscal\u00eda anticorrupci\u00f3n investiga omisiones<\/strong><\/p>\n\n\n\n<p>Durante una entrevista con Radio Metr\u00f3poli, el fiscal anticorrupci\u00f3n de Jalisco, Gerardo de la Cruz Tovar, indic\u00f3 que desde el mi\u00e9rcoles se inici\u00f3 una investigaci\u00f3n sobre c\u00f3mo se proces\u00f3 este lugar desde que en septiembre de 2024 la Guardia Nacional lleg\u00f3 al sitio y tras un enfrentamiento a tiros, arrest\u00f3 a 10 &nbsp;personas, rescat\u00f3 a dos v\u00edctimas y localiz\u00f3 a una persona muerta en el interior.<\/p>\n\n\n\n<p>Explic\u00f3 que hay procedimientos establecidos sobre c\u00f3mo se debe conservar la cadena de custodia de los indicios y el resguardo del lugar.<\/p>\n\n\n\n<p>\u201cEsta investigaci\u00f3n nos va a ir diciendo qui\u00e9n tiene responsabilidades, hay algo muy importante, el rancho no estaba custodiado y es el primer paso a verificar, si verdaderamente se asegur\u00f3 el rancho o no, porque una cosa es entrar a un lugar y luego salirte e irte dej\u00e1ndolo sin ninguna custodia; es parte de lo que vamos a checar, si el Ministerio P\u00fablico orden\u00f3 o no el aseguramiento\u201d, se\u00f1al\u00f3.<\/p>\n\n\n\n<p>Dela Cruz consider\u00f3 que \u201cnecesariamente\u201d en este caso hay una responsabilidad de los diversos \u00f3rganos de gobierno, porque el primer respondiente fue la Guardia Nacional y porque debido a la naturaleza de los delitos tambi\u00e9n le debi\u00f3 reportar a la autoridad federal y el Ministerio P\u00fablico estatal le debi\u00f3 de dar vista al Ministerio P\u00fablico federal.<\/p>\n\n\n\n<p>Se\u00f1al\u00f3 que si dentro de la investigaci\u00f3n se detecta que hay omisiones por parte de funcionarios federales la dependencia a su cargo no tiene facultades para proceder en su contra, pero s\u00ed se puede dar vista a la Fiscal\u00eda Especializada en Combate a la Corrupci\u00f3n del gobierno federal.<\/p>\n\n\n\n<p><a href=\"https:\/\/www.eluniversal.com.mx\/estados\/fiscalia-de-jalisco-niega-que-colectivo-de-madres-buscadoras-reportaran-crematorio-clandestino-en-diciembre-investigan-omisiones-del-caso\">https:\/\/www.eluniversal.com.mx\/estados\/fiscalia-de-jalisco-niega-que-colectivo-de-madres-buscadoras-reportaran-crematorio-clandestino-en-diciembre-investigan-omisiones-del-caso<\/a><\/p>\n","protected":false},"excerpt":{"rendered":"<p>La Fiscal\u00eda se\u00f1al\u00f3 que no cuenta con ning\u00fan reporte al respecto y que actu\u00f3 de inmediato cuando el colectivo Guerreros Buscadores de Jalisco dio aviso de sus hallazgos en el predio Informaci\u00f3n de El Universal Redacci\u00f3n Viernes 14 de marzo de 2025 La Fiscal\u00eda de Jalisco neg\u00f3 que en diciembre de 2024 el colectivo Madres [&hellip;]<\/p>\n","protected":false},"author":1,"featured_media":25873,"comment_status":"open","ping_status":"open","sticky":false,"template":"","format":"standard","meta":{"content-type":"","footnotes":""},"categories":[3,105,113],"tags":[],"class_list":{"0":"post-25872","1":"post","2":"type-post","3":"status-publish","4":"format-standard","5":"has-post-thumbnail","7":"category-mexico","8":"category-principal","9":"category-seguridad"},"_links":{"self":[{"href":"https:\/\/www.regioncuatronoticias.com\/index.php\/wp-json\/wp\/v2\/posts\/25872","targetHints":{"allow":["GET"]}}],"collection":[{"href":"https:\/\/www.regioncuatronoticias.com\/index.php\/wp-json\/wp\/v2\/posts"}],"about":[{"href":"https:\/\/www.regioncuatronoticias.com\/index.php\/wp-json\/wp\/v2\/types\/post"}],"author":[{"embeddable":true,"href":"https:\/\/www.regioncuatronoticias.com\/index.php\/wp-json\/wp\/v2\/users\/1"}],"replies":[{"embeddable":true,"href":"https:\/\/www.regioncuatronoticias.com\/index.php\/wp-json\/wp\/v2\/comments?post=25872"}],"version-history":[{"count":1,"href":"https:\/\/www.regioncuatronoticias.com\/index.php\/wp-json\/wp\/v2\/posts\/25872\/revisions"}],"predecessor-version":[{"id":25874,"href":"https:\/\/www.regioncuatronoticias.com\/index.php\/wp-json\/wp\/v2\/posts\/25872\/revisions\/25874"}],"wp:featuredmedia":[{"embeddable":true,"href":"https:\/\/www.regioncuatronoticias.com\/index.php\/wp-json\/wp\/v2\/media\/25873"}],"wp:attachment":[{"href":"https:\/\/www.regioncuatronoticias.com\/index.php\/wp-json\/wp\/v2\/media?parent=25872"}],"wp:term":[{"taxonomy":"category","embeddable":true,"href":"https:\/\/www.regioncuatronoticias.com\/index.php\/wp-json\/wp\/v2\/categories?post=25872"},{"taxonomy":"post_tag","embeddable":true,"href":"https:\/\/www.regioncuatronoticias.com\/index.php\/wp-json\/wp\/v2\/tags?post=25872"}],"curies":[{"name":"wp","href":"https:\/\/api.w.org\/{rel}","templated":true}]}}