{"id":25863,"date":"2025-03-14T08:39:08","date_gmt":"2025-03-14T15:39:08","guid":{"rendered":"https:\/\/www.regioncuatronoticias.com\/?p=25863"},"modified":"2025-03-14T08:39:12","modified_gmt":"2025-03-14T15:39:12","slug":"desaparecidos","status":"publish","type":"post","link":"https:\/\/www.regioncuatronoticias.com\/index.php\/2025\/03\/14\/desaparecidos\/","title":{"rendered":"Desaparecidos"},"content":{"rendered":"\n<p>Columna El Zancudo<\/p>\n\n\n\n<p>Arturo Soto Mungu\u00eda<\/p>\n\n\n\n<p>Desaparecidos<\/p>\n\n\n\n<p>Viernes 14 de marzo de 2025<\/p>\n\n\n\n<p>La sola palabra \u2018desaparecidos\u2019 tiene un sonido macabro y suele despertar los miedos que cre\u00edamos olvidados entre viejas historias de terror que nadie recuerda con nostalgia porque remiten a un tiempo de salvajes cavernarios.<\/p>\n\n\n\n<p>&nbsp;Entre el espanto y el asombro; entre el miedo y la indignaci\u00f3n, la comunidad internacional tiene hoy sus ojos puestos en M\u00e9xico por el \u201cdescubrimiento\u201d de un campo de entrenamiento de sicarios y a la vez un sitio de exterminio donde un n\u00famero indeterminado de personas fueron torturadas, asesinadas, reducidas a cenizas en hornos crematorios que son el relato de la impunidad y el desenfado con que el crimen organizado opera a sus anchas en el pa\u00eds.<\/p>\n\n\n\n<p>&nbsp;Entrecomillo la palabra \u201cdescubrimiento\u201d, porque en realidad el Rancho Izaguirre, ubicado en un paraje del municipio de Teuchitl\u00e1n, Jalisco ya hab\u00eda sido intervenido por agentes de la Fiscal\u00eda de aquel estado en un operativo en el que se detuvo a diez personas y se encontr\u00f3 un civil sin vida en septiembre del a\u00f1o pasado.<\/p>\n\n\n\n<p>&nbsp;El 5 de marzo pasado, el Colectivo Guerreros Buscadores acudi\u00f3 al lugar para encontrar lo que autoridades de los tres niveles de gobierno no pudieron o no quisieron ver: restos humanos fragmentados y calcinados; cientos de prendas, zapatos y objetos diversos que incluyen hojas manuscritas relatando el testimonio del horror de las v\u00edctimas, hombres y mujeres que un d\u00eda desaparecieron y de los que ya nada se supo.<\/p>\n\n\n\n<p>&nbsp;El episodio remite obligadamente a un repaso de las cifras de la tragedia: solamente en 2024 se registraron oficialmente 13 mil 627 personas desaparecidas; en los primeros cien d\u00edas del gobierno de Claudia Sheinbaum, hay documentadas 40 desapariciones diarias, lo que significa un incremento del 40% respecto a los n\u00fameros del gobierno anterior.<\/p>\n\n\n\n<p>&nbsp;El Rancho Izaguirre en Jalisco es uno, pero nadie sabe a ciencia cierta cu\u00e1ntos sitios m\u00e1s hay a lo largo y ancho del pa\u00eds donde reposan los restos de hombres y mujeres, j\u00f3venes y viejos, ni\u00f1os y ni\u00f1as que un d\u00eda estaban en el regazo familiar y al siguiente solo son ausencia.<\/p>\n\n\n\n<p>&nbsp;Creo que lamentablemente la normalizaci\u00f3n de estos cr\u00edmenes no permite dimensionar la magnitud de las tragedias familiares. No basta con asumir que \u2018andaban en malos pasos\u2019 porque eso no aplica en todos los casos, y aunque aplicara eso no amaina la pesadumbre, el sentimiento de indefensi\u00f3n y la rabia de asistir a la carpa callejera en que las autoridades est\u00e1n m\u00e1s preocupadas por deslindar responsabilidades jurisdiccionales y acusarse unas a otras, que en reconocer la ya muy larga cadena de omisiones y complicidades que derivaron en esa lastimosa estampa de un pa\u00eds donde se han tenido que integrar grupos de \u2018buscadoras\u2019 que recorren las zonas urbanas y rurales picando la tierra con palos y varillas, escarbando con palas y picos para encontrar sus muertos.<\/p>\n\n\n\n<p>En los d\u00edas que el Rancho Izaguirre comenz\u00f3 cobrar relevancia por la dimensi\u00f3n de la tragedia, aqu\u00ed en Hermosillo, en un paraje muy cercano a la mancha urbana, por rumbos del norponiente, las \u2018Madres Buscadoras\u2019 encontraron restos de al menos cuatro cuerpos enterrados.<\/p>\n\n\n\n<p>Una imagen de ese hallazgo, viralizada en redes sociales es estremecedora: el hueso de un brazo aprisionado con esposas met\u00e1licas rebasa cualquier intento por describir el horror de esa muerte y la historia personal, familiar detr\u00e1s del hecho.<\/p>\n\n\n\n<p>&nbsp;No hay manera de asimilar esa barbarie. No la hay.<\/p>\n\n\n\n<p><strong>&nbsp;II<\/strong><\/p>\n\n\n\n<p>Ya le tocaba a Nogales y ayer el gobernador Alfonso Durazo entreg\u00f3 diez nuevas unidades de transporte urbano que, con una inversi\u00f3n de 7.8 millones de pesos vendr\u00e1n a resolver una buena parte de los problemas de movilidad en la fronteriza ciudad.<\/p>\n\n\n\n<p>&nbsp;Este era un compromiso del mandatario desde aquellos a\u00f1os de campa\u00f1a, cuando los nogalenses coincidieron en se\u00f1alar que el transporte p\u00fablico es una de las asignaturas que por a\u00f1os ha permanecido pendiente y hoy comienza a verse una luz al final del t\u00fanel de la movilidad segura para estudiantes, trabajadores y usuarios en general.<\/p>\n\n\n\n<p>&nbsp;Las diez unidades mueven aproximadamente 45 mil usuarios diariamente, circulando por 65 colonias, 144 escuelas y cinco instituciones de salud; se trata de&nbsp; veh\u00edculos tipo Van totalmente el\u00e9ctricas, con capacidad para transportar a 14 pasajeros sentados, con cinturones de seguridad, aire acondicionado y p\u00f3liza de seguro.<\/p>\n\n\n\n<p>&nbsp;Por cierto, el Ayuntamiento que encabeza el alcalde Juan Gim Nogales ser\u00e1 el responsable directo de la operaci\u00f3n y mantenimiento de estas unidades, a partir de un convenio firmado con el gobierno del estado, tal y como se ha venido haciendo en otros municipios como Hermosillo, Cajeme y San Luis R\u00edo Colorado.<\/p>\n\n\n\n<p><strong>&nbsp;III<\/strong><\/p>\n\n\n\n<p>Una solicitud ciudadana comienza a tomar forma en Hermosillo para honrar la memoria de la historiadora, maestra, antrop\u00f3loga y destacada activista por los derechos de las etnias sonorenses, especialmente la yaqui, Raquel Padilla Ramos, lastimosamente asesinada el 7 de noviembre de 2019.<\/p>\n\n\n\n<p>&nbsp;Un grupo de ciudadanos est\u00e1 proponiendo al Ayuntamiento de Hermosillo imponer su nombre a la calle de la colonia El Coloso, justo donde los yaquis asentados en esta capital tienen su residencia y realizan all\u00ed las ceremonias tradicionales de Semana Santa.<\/p>\n\n\n\n<p>&nbsp;La Comisi\u00f3n de Nomenclatura del cabildo hermosillense debe tomar nota de esta solicitud y proceder en consecuencia, ya que ser\u00eda un gesto de reconocimiento al comprometido trabajo de la maestra, quien como pocos dej\u00f3 constancia de profesionalismo en sus tareas de investigaci\u00f3n, documentaci\u00f3n y lucha por los derechos de los pueblos originarios.<\/p>\n\n\n\n<p>&nbsp;Padilla Ramos era parte del Sistema Nacional de Investigadores; formaba parte de la planta docente de El Colegio de Sonora y del Instituto Nacional de Antropolog\u00eda e Historia. Su trayectoria merece ese reconocimiento y muchos m\u00e1s.<\/p>\n\n\n\n<p><strong>Tambi\u00e9n me puedes seguir en X: @Chaposoto<\/strong><\/p>\n\n\n\n<p><strong>Visita www.elzancudo.com.mx<\/strong><\/p>\n","protected":false},"excerpt":{"rendered":"<p>Columna El Zancudo Arturo Soto Mungu\u00eda Desaparecidos Viernes 14 de marzo de 2025 La sola palabra \u2018desaparecidos\u2019 tiene un sonido macabro y suele despertar los miedos que cre\u00edamos olvidados entre viejas historias de terror que nadie recuerda con nostalgia porque remiten a un tiempo de salvajes cavernarios. &nbsp;Entre el espanto y el asombro; entre el [&hellip;]<\/p>\n","protected":false},"author":1,"featured_media":25864,"comment_status":"open","ping_status":"open","sticky":false,"template":"","format":"standard","meta":{"content-type":"","footnotes":""},"categories":[125],"tags":[],"class_list":{"0":"post-25863","1":"post","2":"type-post","3":"status-publish","4":"format-standard","5":"has-post-thumbnail","7":"category-arturo-soto-munguia"},"_links":{"self":[{"href":"https:\/\/www.regioncuatronoticias.com\/index.php\/wp-json\/wp\/v2\/posts\/25863","targetHints":{"allow":["GET"]}}],"collection":[{"href":"https:\/\/www.regioncuatronoticias.com\/index.php\/wp-json\/wp\/v2\/posts"}],"about":[{"href":"https:\/\/www.regioncuatronoticias.com\/index.php\/wp-json\/wp\/v2\/types\/post"}],"author":[{"embeddable":true,"href":"https:\/\/www.regioncuatronoticias.com\/index.php\/wp-json\/wp\/v2\/users\/1"}],"replies":[{"embeddable":true,"href":"https:\/\/www.regioncuatronoticias.com\/index.php\/wp-json\/wp\/v2\/comments?post=25863"}],"version-history":[{"count":1,"href":"https:\/\/www.regioncuatronoticias.com\/index.php\/wp-json\/wp\/v2\/posts\/25863\/revisions"}],"predecessor-version":[{"id":25865,"href":"https:\/\/www.regioncuatronoticias.com\/index.php\/wp-json\/wp\/v2\/posts\/25863\/revisions\/25865"}],"wp:featuredmedia":[{"embeddable":true,"href":"https:\/\/www.regioncuatronoticias.com\/index.php\/wp-json\/wp\/v2\/media\/25864"}],"wp:attachment":[{"href":"https:\/\/www.regioncuatronoticias.com\/index.php\/wp-json\/wp\/v2\/media?parent=25863"}],"wp:term":[{"taxonomy":"category","embeddable":true,"href":"https:\/\/www.regioncuatronoticias.com\/index.php\/wp-json\/wp\/v2\/categories?post=25863"},{"taxonomy":"post_tag","embeddable":true,"href":"https:\/\/www.regioncuatronoticias.com\/index.php\/wp-json\/wp\/v2\/tags?post=25863"}],"curies":[{"name":"wp","href":"https:\/\/api.w.org\/{rel}","templated":true}]}}