{"id":25845,"date":"2025-03-13T23:43:52","date_gmt":"2025-03-14T06:43:52","guid":{"rendered":"https:\/\/www.regioncuatronoticias.com\/?p=25845"},"modified":"2025-03-13T23:44:01","modified_gmt":"2025-03-14T06:44:01","slug":"mueren-dos-mujeres-tras-ser-atropelladas-por-joven-que-conducia-auto-a-exceso-de-velocidad-en-hermosillo","status":"publish","type":"post","link":"https:\/\/www.regioncuatronoticias.com\/index.php\/2025\/03\/13\/mueren-dos-mujeres-tras-ser-atropelladas-por-joven-que-conducia-auto-a-exceso-de-velocidad-en-hermosillo\/","title":{"rendered":"Mueren dos mujeres tras ser atropelladas por joven que conduc\u00eda auto a exceso de velocidad en Hermosillo"},"content":{"rendered":"\n<p>Tomado de Dossier Pol\u00edtico<\/p>\n\n\n\n<p>Santiago Garc\u00eda C.<\/p>\n\n\n\n<p>Jueves 13 de marzo de 2025<\/p>\n\n\n\n<p>Hermosillo, Sonora.- Dos mujeres fallecieron tras ser atropelladas la ma\u00f1ana de este jueves en Hermosillo.<\/p>\n\n\n\n<p>El tr\u00e1gico accidente vial ocurri\u00f3 a las 07:30 horas sobre la calle Perimetral y Antonio Quiroga, inform\u00f3 la Fiscal\u00eda de Sonora.<\/p>\n\n\n\n<p>Michelle Guadalupe de 25 a\u00f1os de edad, que conduc\u00eda un veh\u00edculo Nissan March, modelo 2021, color plateado, presuntamente a exceso de velocidad, atropell\u00f3 a Mayra \u201cN\u201d y Perla Patricia \u201cN\u201d, de 44 a\u00f1os.<\/p>\n\n\n\n<p>\u201cAmbas fueron trasladadas de emergencia a recibir atenci\u00f3n m\u00e9dica pero no superaron las lesiones y fallecieron\u201d, dio a conocer la dependencia.<\/p>\n\n\n\n<p>La presunta responsable Michelle Guadalupe \u201cN\u201d, de 25 a\u00f1os de edad, se encuentra detenida, a la espera de que se efect\u00faen las acciones legales correspondientes.<\/p>\n\n\n\n<p><a href=\"https:\/\/dossierpolitico.com\/2025\/03\/13\/mueren-dos-mujeres-tras-ser-atropelladas-por-joven-que-conducia-auto-a-exceso-de-velocidad-en-hermosillo\/\">https:\/\/dossierpolitico.com\/2025\/03\/13\/mueren-dos-mujeres-tras-ser-atropelladas-por-joven-que-conducia-auto-a-exceso-de-velocidad-en-hermosillo\/<\/a><\/p>\n","protected":false},"excerpt":{"rendered":"<p>Tomado de Dossier Pol\u00edtico Santiago Garc\u00eda C. Jueves 13 de marzo de 2025 Hermosillo, Sonora.- Dos mujeres fallecieron tras ser atropelladas la ma\u00f1ana de este jueves en Hermosillo. El tr\u00e1gico accidente vial ocurri\u00f3 a las 07:30 horas sobre la calle Perimetral y Antonio Quiroga, inform\u00f3 la Fiscal\u00eda de Sonora. Michelle Guadalupe de 25 a\u00f1os de [&hellip;]<\/p>\n","protected":false},"author":1,"featured_media":25846,"comment_status":"open","ping_status":"open","sticky":false,"template":"","format":"standard","meta":{"content-type":"","footnotes":""},"categories":[8,105,113],"tags":[],"class_list":{"0":"post-25845","1":"post","2":"type-post","3":"status-publish","4":"format-standard","5":"has-post-thumbnail","7":"category-hermosillo","8":"category-principal","9":"category-seguridad"},"_links":{"self":[{"href":"https:\/\/www.regioncuatronoticias.com\/index.php\/wp-json\/wp\/v2\/posts\/25845","targetHints":{"allow":["GET"]}}],"collection":[{"href":"https:\/\/www.regioncuatronoticias.com\/index.php\/wp-json\/wp\/v2\/posts"}],"about":[{"href":"https:\/\/www.regioncuatronoticias.com\/index.php\/wp-json\/wp\/v2\/types\/post"}],"author":[{"embeddable":true,"href":"https:\/\/www.regioncuatronoticias.com\/index.php\/wp-json\/wp\/v2\/users\/1"}],"replies":[{"embeddable":true,"href":"https:\/\/www.regioncuatronoticias.com\/index.php\/wp-json\/wp\/v2\/comments?post=25845"}],"version-history":[{"count":1,"href":"https:\/\/www.regioncuatronoticias.com\/index.php\/wp-json\/wp\/v2\/posts\/25845\/revisions"}],"predecessor-version":[{"id":25847,"href":"https:\/\/www.regioncuatronoticias.com\/index.php\/wp-json\/wp\/v2\/posts\/25845\/revisions\/25847"}],"wp:featuredmedia":[{"embeddable":true,"href":"https:\/\/www.regioncuatronoticias.com\/index.php\/wp-json\/wp\/v2\/media\/25846"}],"wp:attachment":[{"href":"https:\/\/www.regioncuatronoticias.com\/index.php\/wp-json\/wp\/v2\/media?parent=25845"}],"wp:term":[{"taxonomy":"category","embeddable":true,"href":"https:\/\/www.regioncuatronoticias.com\/index.php\/wp-json\/wp\/v2\/categories?post=25845"},{"taxonomy":"post_tag","embeddable":true,"href":"https:\/\/www.regioncuatronoticias.com\/index.php\/wp-json\/wp\/v2\/tags?post=25845"}],"curies":[{"name":"wp","href":"https:\/\/api.w.org\/{rel}","templated":true}]}}