{"id":25835,"date":"2025-03-13T22:43:20","date_gmt":"2025-03-14T05:43:20","guid":{"rendered":"https:\/\/www.regioncuatronoticias.com\/?p=25835"},"modified":"2025-03-13T22:43:23","modified_gmt":"2025-03-14T05:43:23","slug":"politicos-buscan-colgarse-de-vigilia-y-luto-nacional-por-campo-de-exterminio-acusan-organizadores","status":"publish","type":"post","link":"https:\/\/www.regioncuatronoticias.com\/index.php\/2025\/03\/13\/politicos-buscan-colgarse-de-vigilia-y-luto-nacional-por-campo-de-exterminio-acusan-organizadores\/","title":{"rendered":"Pol\u00edticos buscan colgarse de vigilia y luto nacional por campo de exterminio, acusan organizadores"},"content":{"rendered":"\n<p>Personas que forman parte del Movimiento Nacional por la Esperanza, vinculada a Morena, \u201cse acercaron a los familiares en la Ciudad de M\u00e9xico para ofrecer inexplicablemente mobiliario, carpas y sillas de parte del profesor Ren\u00e9 Bejarano y Dolores Padierna\u201d, denunciaron.<\/p>\n\n\n\n<p>Tomado de Proceso<\/p>\n\n\n\n<p>Gloria Leticia D\u00edaz<\/p>\n\n\n\n<p>Jueves 13 de marzo de 2025<\/p>\n\n\n\n<p>CIUDAD DE M\u00c9XICO (apro) .- Organizadores de la vigilia y luto nacional por el hallazgo de un campo de exterminio en Jalisco por colectivos de familiares de personas desaparecidas, denunciaron a organizaciones vinculadas a Morena y al nuevo partido Somos M\u00e9xico de incurrir en \u201cla tentaci\u00f3n de agandalle\u201d y colgarse de la movilizaci\u00f3n nacional programada para el s\u00e1bado 15 en m\u00e1s de una docena de plazas p\u00fablicas, incluido el Z\u00f3calo de la Ciudad de M\u00e9xico.<\/p>\n\n\n\n<p>Al insistir en el rechazo a los partidos pol\u00edticos por tener \u201clas manos manchadas de sangre\u201d, en un comunicado transmitido por Huellas de la Memoria, el primer colectivo de familiares de desaparecidos que convoc\u00f3 a la vigilia y luto nacional, resaltaron que a pesar de advertir la posici\u00f3n apartidista de la movilizaci\u00f3n hecha el martes 11, \u201ctal parece que a algunas y algunos pol\u00edticos carro\u00f1eros y carro\u00f1eras\u201d no les qued\u00f3 claro el mensaje.&nbsp;<\/p>\n\n\n\n<p>Ante la insistente \u201ctentaci\u00f3n de agandalle\u201d, Huellas de la Memoria resalt\u00f3 que ante la indignaci\u00f3n que ha generado el descubrimiento de colectivos de buscadores y buscadoras en Teuchitl\u00e1n, Jalisco, y con ella la suma de familiares de personas desaparecidas y de ciudadanos indignados para participar en la vigilia y el luto nacional, \u201ctambi\u00e9n crece la ambici\u00f3n de los partidos que tratan de suplantar a los convocantes, haci\u00e9ndose pasar por \u2018sociedad civil organizada\u2019 u en otros casos, ni siquiera esconden sus sigla, ni su cinismo oportunista de querer encabezar la vigilia y, por tanto, la denuncia contra el gobierno \u201c.&nbsp;<\/p>\n\n\n\n<p>El colectivo denunci\u00f3 que, la tarde del martes 11, personas que forman parte del Movimiento Nacional por la Esperanza, vinculada a Morena, \u201cse acercaron a los familiares en la Ciudad de M\u00e9xico para ofrecer inexplicablemente mobiliario, carpas y sillas de parte del profesor Ren\u00e9 Bejarano y Dolores Padierna\u201d.<\/p>\n\n\n\n<p>Seg\u00fan el comunicado, \u201clas familias las rechazaron de inmediato\u201d y se comunicaron con Huellas de la Memoria, lo que motiv\u00f3 que se emitiera el primer pronunciamiento.&nbsp;<\/p>\n\n\n\n<p>Un d\u00eda despu\u00e9s, \u201cpersonas cercanas al exsenador Emilio \u00c1lvarez Icaza, preguntaron a compa\u00f1eros que c\u00f3mo iba a estar la log\u00edstica, a qu\u00e9 hora ser\u00eda el evento central, quienes participar\u00edan y \u2018si se ofrec\u00eda algo\u201d.&nbsp;<\/p>\n\n\n\n<p>Los familiares de personas desaparecidas recordaron que \u00c1lvarez Icaza es integrante del Frente C\u00edvico Nacional y del nuevo partido Somos M\u00e9xico, en el que militan Guadalupe Acosta Naranjo, Fernando Belauzar\u00e1n del extinto PRD y Gustavo Madero del PAN, \u201centre muchos otros impresentables que hoy, seg\u00fan la coyuntura, se hacen pasar por \u2018sociedad civil\u2019 para aprovechar acciones de protesta que les sirvan y posicionarse frente al gobierno en futuro proceso electoral\u201d.&nbsp;<\/p>\n\n\n\n<p>Los convocantes a la movilizaci\u00f3n social reprobaron la \u201cnecedad y cinismo\u201d de los pol\u00edticos del partido de reciente creaci\u00f3n que en la cuenta de X de la plataforma electoral UNE, vinculada a Somos M\u00e9xico, lanzaron un video en el que convocan a la vigilia y el luto nacional.<\/p>\n\n\n\n<p>\u201cComo convocantes y organizadores de la iniciativa y junto con colectivos de familias buscadoras de todo el pa\u00eds, les decimos a los partidos pol\u00edticos viejos o nuevos, que no los queremos aqu\u00ed, aunque se vistan de \u2018Sociedad Civil\u2019, aunque se llamen UNE, aunque se digan Frente C\u00edvico Nacional, Somos M\u00e9xico tienen las manos manchadas de sangre, al igual que las tienen los de Morena, PT, Partido Verde, PAN, PRI, PRD, Movimiento Ciudadano\u201d, puntualizaron los integrantes de Huellas de la Memoria.&nbsp;<\/p>\n\n\n\n<p>Los familiares de personas desaparecidas insistieron en el rechazo al se\u00f1alar que \u201cno vamos a caminar con quien nos meti\u00f3 en este infierno\u201d, que para los activistas suman m\u00e1s de 120 mil v\u00edctimas, m\u00e1s de las 113 mil del Registro Nacional de Personas Desaparecidas y No Localizadas (RNPDNO)<\/p>\n\n\n\n<p>\u201cNo necesitamos de su apoyo. No queremos que nos acompa\u00f1en. No queremos que se presenten No queremos que marchen en esta Vigila que con tanta rabia y dignidad estamos organizamos\u201d, apuntaron.&nbsp;<\/p>\n\n\n\n<p>Tras hacer votos porque los pol\u00edticos entiendan su indignaci\u00f3n, el \u00faltimo p\u00e1rrafo del comunicado lo dirigieron a la presidenta Claudia Sheinbaum a la que invitaron a dejar \u201cde inventarse un pa\u00eds que no existe\u201d y encontrarse con los familiares de las personas desaparecidas.&nbsp;<\/p>\n\n\n\n<p>\u201cA la presidenta Claudia Sheinbaum Pardo le exigimos que deje su soberbia y la comodidad de su palacio, que deje de inventarse un pa\u00eds que no existe. Y que, si quiere enfrentarse a la realidad, se encuentre cara a cara con todos los colectivos de familias buscadoras, ellos y ellas le ayudaran y nos ayudaran a buscar la puerta de salida del infierno, ese infierno que usted, se\u00f1ora presidenta, nunca ha pisado\u201d, concluy\u00f3 Huellas de la Memoria.&nbsp;<\/p>\n\n\n\n<p>A dos d\u00edas de la vigila y luto nacional, colectivos de familiares de personas desaparecidas y de buscadores han anunciado la ocupaci\u00f3n de plazas p\u00fablicas de las ciudades de Aguascalientes, Apatzing\u00e1n, Ciudad de M\u00e9xico, Chihuahua, Chilpancingo, Ciudad Ju\u00e1rez, Colima, Cuernavaca, Fresnillo, Guadalajara, Monterrey, Morelia, Pachuca, Piedras Negras, Puebla, Quer\u00e9taro, Saltillo, Tampico, Tepic, Tijuana, Torre\u00f3n, Xalapa, Zacatecas, Veracruz y M\u00e9rida.<\/p>\n\n\n\n<p><a href=\"https:\/\/www.proceso.com.mx\/nacional\/2025\/3\/13\/politicos-buscan-colgarse-de-vigilia-luto-nacional-por-campo-de-exterminio-acusan-organizadores-347358.html\">https:\/\/www.proceso.com.mx\/nacional\/2025\/3\/13\/politicos-buscan-colgarse-de-vigilia-luto-nacional-por-campo-de-exterminio-acusan-organizadores-347358.html<\/a><\/p>\n","protected":false},"excerpt":{"rendered":"<p>Personas que forman parte del Movimiento Nacional por la Esperanza, vinculada a Morena, \u201cse acercaron a los familiares en la Ciudad de M\u00e9xico para ofrecer inexplicablemente mobiliario, carpas y sillas de parte del profesor Ren\u00e9 Bejarano y Dolores Padierna\u201d, denunciaron. Tomado de Proceso Gloria Leticia D\u00edaz Jueves 13 de marzo de 2025 CIUDAD DE M\u00c9XICO [&hellip;]<\/p>\n","protected":false},"author":1,"featured_media":25836,"comment_status":"open","ping_status":"open","sticky":false,"template":"","format":"standard","meta":{"content-type":"","footnotes":""},"categories":[3,115,105,113],"tags":[],"class_list":{"0":"post-25835","1":"post","2":"type-post","3":"status-publish","4":"format-standard","5":"has-post-thumbnail","7":"category-mexico","8":"category-politica","9":"category-principal","10":"category-seguridad"},"_links":{"self":[{"href":"https:\/\/www.regioncuatronoticias.com\/index.php\/wp-json\/wp\/v2\/posts\/25835","targetHints":{"allow":["GET"]}}],"collection":[{"href":"https:\/\/www.regioncuatronoticias.com\/index.php\/wp-json\/wp\/v2\/posts"}],"about":[{"href":"https:\/\/www.regioncuatronoticias.com\/index.php\/wp-json\/wp\/v2\/types\/post"}],"author":[{"embeddable":true,"href":"https:\/\/www.regioncuatronoticias.com\/index.php\/wp-json\/wp\/v2\/users\/1"}],"replies":[{"embeddable":true,"href":"https:\/\/www.regioncuatronoticias.com\/index.php\/wp-json\/wp\/v2\/comments?post=25835"}],"version-history":[{"count":1,"href":"https:\/\/www.regioncuatronoticias.com\/index.php\/wp-json\/wp\/v2\/posts\/25835\/revisions"}],"predecessor-version":[{"id":25837,"href":"https:\/\/www.regioncuatronoticias.com\/index.php\/wp-json\/wp\/v2\/posts\/25835\/revisions\/25837"}],"wp:featuredmedia":[{"embeddable":true,"href":"https:\/\/www.regioncuatronoticias.com\/index.php\/wp-json\/wp\/v2\/media\/25836"}],"wp:attachment":[{"href":"https:\/\/www.regioncuatronoticias.com\/index.php\/wp-json\/wp\/v2\/media?parent=25835"}],"wp:term":[{"taxonomy":"category","embeddable":true,"href":"https:\/\/www.regioncuatronoticias.com\/index.php\/wp-json\/wp\/v2\/categories?post=25835"},{"taxonomy":"post_tag","embeddable":true,"href":"https:\/\/www.regioncuatronoticias.com\/index.php\/wp-json\/wp\/v2\/tags?post=25835"}],"curies":[{"name":"wp","href":"https:\/\/api.w.org\/{rel}","templated":true}]}}