{"id":25826,"date":"2025-03-13T22:25:08","date_gmt":"2025-03-14T05:25:08","guid":{"rendered":"https:\/\/www.regioncuatronoticias.com\/?p=25826"},"modified":"2025-03-13T22:25:10","modified_gmt":"2025-03-14T05:25:10","slug":"investiga-fgje-sonora-agresion-a-estudiante-de-secundaria-en-hermosillo","status":"publish","type":"post","link":"https:\/\/www.regioncuatronoticias.com\/index.php\/2025\/03\/13\/investiga-fgje-sonora-agresion-a-estudiante-de-secundaria-en-hermosillo\/","title":{"rendered":"Investiga FGJE Sonora agresi\u00f3n a estudiante de secundaria en Hermosillo"},"content":{"rendered":"\n<p>Tomado de Expreso<\/p>\n\n\n\n<p>Paola Meraz<\/p>\n\n\n\n<p>Jueves 13 de marzo de 2025.<\/p>\n\n\n\n<p>La joven, quien fue dada de alta tras presentar lesiones leves que no ponen en riesgo su vida, se encuentra fuera de peligro.<\/p>\n\n\n\n<p>La Fiscal\u00eda General de Justicia del Estado de Sonora (Fgjes) abri\u00f3 una carpeta de investigaci\u00f3n con enfoque en derechos de la adolescencia, tras los hechos ocurridos el pasado 12 de marzo, cuando una estudiante de secundaria fue agredida presuntamente por otras alumnas del mismo plantel en el exterior de la escuela, ubicada al norte de Hermosillo.&nbsp;<\/p>\n\n\n\n<p>La Agencia del Ministerio P\u00fablico Especializada en Procuraci\u00f3n de Justicia para Adolescentes ya inici\u00f3 las investigaciones y se encuentra en espera de recibir formalmente la denuncia por parte de los padres de la menor para incorporar los elementos probatorios necesarios en el caso.&nbsp;<\/p>\n\n\n\n<p>La joven, quien fue dada de alta tras presentar lesiones leves que no ponen en riesgo su vida, se encuentra fuera de peligro.&nbsp;<\/p>\n\n\n\n<p>El incidente, que fue difundido en redes sociales, est\u00e1 siendo analizado por las autoridades para esclarecer lo sucedido. Adem\u00e1s, agentes ministeriales trabajan en la recolecci\u00f3n de testimonios y evidencias que ayuden a determinar las circunstancias del altercado.\u00a0<\/p>\n\n\n\n<p><a href=\"https:\/\/www.expreso.com.mx\/noticias\/hermosillo\/investigan-agresion-a-estudiante-de-secundaria-en-hermosillo\/228103\">https:\/\/www.expreso.com.mx\/noticias\/hermosillo\/investigan-agresion-a-estudiante-de-secundaria-en-hermosillo\/228103<\/a><\/p>\n","protected":false},"excerpt":{"rendered":"<p>Tomado de Expreso Paola Meraz Jueves 13 de marzo de 2025. La joven, quien fue dada de alta tras presentar lesiones leves que no ponen en riesgo su vida, se encuentra fuera de peligro. La Fiscal\u00eda General de Justicia del Estado de Sonora (Fgjes) abri\u00f3 una carpeta de investigaci\u00f3n con enfoque en derechos de la [&hellip;]<\/p>\n","protected":false},"author":1,"featured_media":25827,"comment_status":"open","ping_status":"open","sticky":false,"template":"","format":"standard","meta":{"content-type":"","footnotes":""},"categories":[8,113],"tags":[],"class_list":{"0":"post-25826","1":"post","2":"type-post","3":"status-publish","4":"format-standard","5":"has-post-thumbnail","7":"category-hermosillo","8":"category-seguridad"},"_links":{"self":[{"href":"https:\/\/www.regioncuatronoticias.com\/index.php\/wp-json\/wp\/v2\/posts\/25826","targetHints":{"allow":["GET"]}}],"collection":[{"href":"https:\/\/www.regioncuatronoticias.com\/index.php\/wp-json\/wp\/v2\/posts"}],"about":[{"href":"https:\/\/www.regioncuatronoticias.com\/index.php\/wp-json\/wp\/v2\/types\/post"}],"author":[{"embeddable":true,"href":"https:\/\/www.regioncuatronoticias.com\/index.php\/wp-json\/wp\/v2\/users\/1"}],"replies":[{"embeddable":true,"href":"https:\/\/www.regioncuatronoticias.com\/index.php\/wp-json\/wp\/v2\/comments?post=25826"}],"version-history":[{"count":1,"href":"https:\/\/www.regioncuatronoticias.com\/index.php\/wp-json\/wp\/v2\/posts\/25826\/revisions"}],"predecessor-version":[{"id":25828,"href":"https:\/\/www.regioncuatronoticias.com\/index.php\/wp-json\/wp\/v2\/posts\/25826\/revisions\/25828"}],"wp:featuredmedia":[{"embeddable":true,"href":"https:\/\/www.regioncuatronoticias.com\/index.php\/wp-json\/wp\/v2\/media\/25827"}],"wp:attachment":[{"href":"https:\/\/www.regioncuatronoticias.com\/index.php\/wp-json\/wp\/v2\/media?parent=25826"}],"wp:term":[{"taxonomy":"category","embeddable":true,"href":"https:\/\/www.regioncuatronoticias.com\/index.php\/wp-json\/wp\/v2\/categories?post=25826"},{"taxonomy":"post_tag","embeddable":true,"href":"https:\/\/www.regioncuatronoticias.com\/index.php\/wp-json\/wp\/v2\/tags?post=25826"}],"curies":[{"name":"wp","href":"https:\/\/api.w.org\/{rel}","templated":true}]}}