{"id":25793,"date":"2025-03-12T23:31:15","date_gmt":"2025-03-13T06:31:15","guid":{"rendered":"https:\/\/www.regioncuatronoticias.com\/?p=25793"},"modified":"2025-03-12T23:31:18","modified_gmt":"2025-03-13T06:31:18","slug":"que-pena-con-la-presidenta","status":"publish","type":"post","link":"https:\/\/www.regioncuatronoticias.com\/index.php\/2025\/03\/12\/que-pena-con-la-presidenta\/","title":{"rendered":"Qu\u00e9 pena con la presidenta\u2026"},"content":{"rendered":"\n<p><strong>Columna El Zancudo<\/strong><\/p>\n\n\n\n<p><strong>Arturo Soto Mungu\u00eda<\/strong><\/p>\n\n\n\n<p><strong>Qu\u00e9 pena con la presidenta\u2026<\/strong><\/p>\n\n\n\n<p><strong>Martes 11 de marzo de 2025<\/strong><\/p>\n\n\n\n<p>Quiz\u00e1s el desaire que le hicieron a la presidenta de la Rep\u00fablica y comandanta suprema de las Fuerzas Armadas no hubiese causado tanto revuelo si se hubiera presentado en otro contexto.<\/p>\n\n\n\n<p>&nbsp;Pero en uno donde las c\u00e1maras legislativas le \u2018batearon\u2019 su iniciativa para acabar con el nepotismo electoral posponiendo su entrada en vigor hasta el a\u00f1o 2030, cuando ella ya se est\u00e9 despidiendo de Palacio Nacional el tema se inscribe en el marco de ciertos roces con los coordinadores parlamentarios: Ricardo Monreal en la de Diputados y Ad\u00e1n Augusto L\u00f3pez en la de Senadores.<\/p>\n\n\n\n<p>&nbsp;Quiz\u00e1s se haya tratado solo de un descuido en el protocolo, o se dio porque, como dijo la presidenta, \u201cestaban distra\u00eddos\u201d, pero m\u00e1s que distra\u00eddos, Monreal, L\u00f3pez, Luisa Mar\u00eda Alcalde, Alejandro Esquer, Manuel Velasco y otros personajes estaban embelesados buscando su m\u00e1s panor\u00e1mica sonrisa para aparecer al lado de Andr\u00e9s Manuel L\u00f3pez Beltr\u00e1n, el hijo del expresidente y quien firma como secretario de Organizaci\u00f3n de Morena, a quien por si fuera poco est\u00e1n proyectando como el pr\u00f3ximo candidato de la alianza que encabeza ese partido a la gubernatura de la Ciudad de M\u00e9xico.<\/p>\n\n\n\n<p>&nbsp;Hay quienes va m\u00e1s all\u00e1 y aseguran que el ya no tan joven v\u00e1stago presidencial est\u00e1 aprovechando el cargo partidista para encabezar una campa\u00f1a nacional de afiliaci\u00f3n que le dar\u00e1 proyecci\u00f3n en todo el pa\u00eds, prepar\u00e1ndolo eventualmente para competir por la presidencial en 2030.<\/p>\n\n\n\n<p>&nbsp;Puede ser una \u2018volada\u2019 pero el agua de ese r\u00edo son\u00f3 fuerte precisamente en el contexto de la discusi\u00f3n de la ley Sheinbaum contra el nepotismo, donde se filtr\u00f3 un audio de Ricardo Monreal diciendo que el panista Federico D\u00f6ring le asegur\u00f3 que diputados de Morena les ofrecieron cien votos para apoyar que la reforma entrara en vigor en 2027, tal como estaba propuesta por la presidenta, algo que el propio Monreal neg\u00f3 momentos despu\u00e9s, deslind\u00e1ndose de cualquier negociaci\u00f3n en ese sentido. Una negociaci\u00f3n en la que los panistas buscaban adem\u00e1s dejar fuera de la contienda presidencial a los hijos del expresidente mediante una iniciativa que propone impedir a los hijos de expresidentes postularse en los siguientes diez a\u00f1os despu\u00e9s de haber dejado el cargo, seg\u00fan el propio Monreal.<\/p>\n\n\n\n<p>&nbsp;Con estos antecedentes, el episodio en el Z\u00f3calo acapar\u00f3 titulares y memes. El ala m\u00e1s dura de la izquierda morenista, donde no se tiene una buena opini\u00f3n ni de Monreal ni de Ad\u00e1n Augusto, mucho menos del senador del PVEM, Manuel Velasco mand\u00f3 su opini\u00f3n sobre este suceso a trav\u00e9s de un cart\u00f3n del Monero Hern\u00e1ndez en las p\u00e1ginas de La Jornada, con el que ilustramos esta columna.<\/p>\n\n\n\n<p>El cart\u00f3n se convierte en prueba de que s\u00ed hay materia en el caso de las fricciones entre la c\u00fapula morenista, aunque oficialmente traten de minimizar el desencuentro.<\/p>\n\n\n\n<p>&nbsp;La pol\u00edtica mexicana est\u00e1 llena de rituales y formas que son fondo. Si no lo creen, pregunten a la ministra Norma Pi\u00f1a, que escribi\u00f3 su epitafio pol\u00edtico cuando evit\u00f3 ponerse de pie ante el entonces presidente L\u00f3pez Obrador durante un acto republicano de aniversario de la Constituci\u00f3n en Quer\u00e9taro.<\/p>\n\n\n\n<p>&nbsp;En el Z\u00f3calo, haberse \u2018distra\u00eddo\u2019 al paso de la presidenta, d\u00e1ndole la espalda es una gran falta de respeto, pero haberse \u2018distra\u00eddo\u2019 por estar buscando aparecer en una foto con Andr\u00e9s Manuel L\u00f3pez Beltr\u00e1n le aporta un extra a la grilla, m\u00e1s del que le aport\u00f3 la propia presidenta cuando, sinti\u00e9ndose ignorada, apresur\u00f3 el paso y dej\u00f3 a todos con un palmo de narices cuando, d\u00e1ndose cuenta del error, intentaron alcanzarla para el saludo protocolario.<\/p>\n\n\n\n<p>&nbsp;Claudia Sheinbaum, ya ha dado muestras de ello, es una mujer recia y de car\u00e1cter firme. Lo era desde que firmaba como precandidata, imaginen ahora que trae cruzada al pecho la banda presidencial, emblema del m\u00e1ximo poder pol\u00edtico en M\u00e9xico.<\/p>\n\n\n\n<p>&nbsp;Por eso, Monreal, Ad\u00e1n y Velasco se apresuraron y desvivieron esa misma tarde ofreci\u00e9ndole sus m\u00e1s sentidas disculpas. A ver si la presidenta no les aplica esa de que \u201cEl que perdona muri\u00f3 en la cruz\u201d.<\/p>\n\n\n\n<p><strong>&nbsp;II<\/strong><\/p>\n\n\n\n<p>Arranc\u00f3 ayer la entrega de la beca Rita Cetina, un programa federal que beneficiar\u00e1 a 124 mil estudiantes de secundaria en Sonora, cuyas familias recibir\u00e1n un apoyo de mil 900 pesos m\u00e1s un adicional de 900 pesos por cada estudiante extra.<\/p>\n\n\n\n<p>El programa viene a reforzar el de Becas Sonora de Oportunidades que comenz\u00f3 con el actual gobierno estatal contando con un monto de 400 millones de pesos que se obtuvieron del recorte al presupuesto del Congreso; ese monto ha ido creciendo y ya va en m\u00e1s de 750 millones de pesos, teniendo como meta alcanzar los 2 mil mdp al t\u00e9rmino del sexenio de Alfonso Durazo Monta\u00f1o.<\/p>\n\n\n\n<p>&nbsp;Con estos recursos se garantiza el acceso y la permanencia de los j\u00f3venes en sus escuelas, reduciendo la deserci\u00f3n escolar y asegurando que m\u00e1s estudiantes puedan continuar sus clases.<\/p>\n\n\n\n<p>&nbsp;El acto de arranque de este programa fue en la Escuela Secundaria General 9 \u201cArquitecto Gustavo F. Aguilar Beltr\u00e1n\u201d donde 760 de sus alumnos recibieron la beca Rita Cetina, un programa creado por la presidenta Claudia Sheinbaum para estudiantes secundarianos de todo el pa\u00eds, y se suma a otros apoyos estatales como el de becas citado l\u00edneas arriba, el de uniformes y \u00fatiles&nbsp; escolares gratuitos.<\/p>\n\n\n\n<p><strong>&nbsp;Notita final<\/strong><\/p>\n\n\n\n<p>&nbsp;La Fiscal\u00eda Anticorrupci\u00f3n de Sonora absolvi\u00f3 a la ex alcaldesa de Guaymas, Sara Valle Dessens de cualquier responsabilidad en el presunto desv\u00edo de recursos en el fallido proyecto de la llamada \u2018Playa Incluyente\u2019, una obra de ocho millones de pesos que emprendi\u00f3 en el \u00faltimo mes de su gesti\u00f3n en 2024, y de la que no quedan m\u00e1s que unas desvencijadas palapas en una playa de San Carlos.<\/p>\n\n\n\n<p>&nbsp;Con esto se pone fin a una de las historias m\u00e1s bizarras de aquella administraci\u00f3n municipal. Y eso que historias bizarras tuvo muchas.<\/p>\n\n\n\n<p><strong>&nbsp;Tambi\u00e9n me puedes seguir en X: @Chaposoto<\/strong><\/p>\n\n\n\n<p><strong>Visita www.elzancudo.com.mx<\/strong><\/p>\n","protected":false},"excerpt":{"rendered":"<p>Columna El Zancudo Arturo Soto Mungu\u00eda Qu\u00e9 pena con la presidenta\u2026 Martes 11 de marzo de 2025 Quiz\u00e1s el desaire que le hicieron a la presidenta de la Rep\u00fablica y comandanta suprema de las Fuerzas Armadas no hubiese causado tanto revuelo si se hubiera presentado en otro contexto. &nbsp;Pero en uno donde las c\u00e1maras legislativas [&hellip;]<\/p>\n","protected":false},"author":1,"featured_media":25794,"comment_status":"open","ping_status":"open","sticky":false,"template":"","format":"standard","meta":{"content-type":"","footnotes":""},"categories":[125],"tags":[],"class_list":{"0":"post-25793","1":"post","2":"type-post","3":"status-publish","4":"format-standard","5":"has-post-thumbnail","7":"category-arturo-soto-munguia"},"_links":{"self":[{"href":"https:\/\/www.regioncuatronoticias.com\/index.php\/wp-json\/wp\/v2\/posts\/25793","targetHints":{"allow":["GET"]}}],"collection":[{"href":"https:\/\/www.regioncuatronoticias.com\/index.php\/wp-json\/wp\/v2\/posts"}],"about":[{"href":"https:\/\/www.regioncuatronoticias.com\/index.php\/wp-json\/wp\/v2\/types\/post"}],"author":[{"embeddable":true,"href":"https:\/\/www.regioncuatronoticias.com\/index.php\/wp-json\/wp\/v2\/users\/1"}],"replies":[{"embeddable":true,"href":"https:\/\/www.regioncuatronoticias.com\/index.php\/wp-json\/wp\/v2\/comments?post=25793"}],"version-history":[{"count":1,"href":"https:\/\/www.regioncuatronoticias.com\/index.php\/wp-json\/wp\/v2\/posts\/25793\/revisions"}],"predecessor-version":[{"id":25795,"href":"https:\/\/www.regioncuatronoticias.com\/index.php\/wp-json\/wp\/v2\/posts\/25793\/revisions\/25795"}],"wp:featuredmedia":[{"embeddable":true,"href":"https:\/\/www.regioncuatronoticias.com\/index.php\/wp-json\/wp\/v2\/media\/25794"}],"wp:attachment":[{"href":"https:\/\/www.regioncuatronoticias.com\/index.php\/wp-json\/wp\/v2\/media?parent=25793"}],"wp:term":[{"taxonomy":"category","embeddable":true,"href":"https:\/\/www.regioncuatronoticias.com\/index.php\/wp-json\/wp\/v2\/categories?post=25793"},{"taxonomy":"post_tag","embeddable":true,"href":"https:\/\/www.regioncuatronoticias.com\/index.php\/wp-json\/wp\/v2\/tags?post=25793"}],"curies":[{"name":"wp","href":"https:\/\/api.w.org\/{rel}","templated":true}]}}