{"id":25767,"date":"2025-03-12T00:00:53","date_gmt":"2025-03-12T07:00:53","guid":{"rendered":"https:\/\/www.regioncuatronoticias.com\/?p=25767"},"modified":"2025-03-12T00:00:56","modified_gmt":"2025-03-12T07:00:56","slug":"diputados-de-morena-pan-y-mc-aprueban-reforma-en-defensa-de-la-soberania-nacional","status":"publish","type":"post","link":"https:\/\/www.regioncuatronoticias.com\/index.php\/2025\/03\/12\/diputados-de-morena-pan-y-mc-aprueban-reforma-en-defensa-de-la-soberania-nacional\/","title":{"rendered":"Diputados de Morena, PAN y MC aprueban reforma en defensa de la Soberan\u00eda Nacional"},"content":{"rendered":"\n<p><strong>Los legisladores aprobaron la reforma por 417 votos a favor y 36 en contra de la iniciativa que tambi\u00e9n establece que no consentir\u00e1 intervenci\u00f3n en investigaci\u00f3n y persecuci\u00f3n alguna sin la autorizaci\u00f3n y colaboraci\u00f3n expresa del Estado mexicano.<\/strong><\/p>\n\n\n\n<p>Tomado de Proceso<\/p>\n\n\n\n<p>Por Juan Carlos Cort\u00e9s<\/p>\n\n\n\n<p>Martes 11 de marzo de 2025 \u00b7 18:57<\/p>\n\n\n\n<p>CIUDAD DE M\u00c9XICO (apro) .- Diputados oficialistas junto al PAN y MC aprobaron la reforma que env\u00edo la presidenta Claudia Sheinbaum en materia de protecci\u00f3n a la soberan\u00eda nacional, intervenciones extranjeras y la prohibici\u00f3n del tr\u00e1fico ilegal de armas, en respuesta a la designaci\u00f3n de terroristas a miembros de crimen organizado por parte de Estados Unidos.<\/p>\n\n\n\n<p>La iniciativa reforma el art\u00edculo 19 y adiciona los p\u00e1rrafos segundo y tercero del art\u00edculo 40 de la Constituci\u00f3n Pol\u00edtica y establece que el pueblo de M\u00e9xico, bajo ninguna circunstancia, aceptar\u00e1 intervenciones, intromisiones o cualquier otro acto desde el extranjero, que sea lesivo de la integridad, independencia y soberan\u00eda de la naci\u00f3n.<\/p>\n\n\n\n<p>Los legisladores aprobaron la reforma por 417 votos a favor y 36 en contra de la iniciativa que tambi\u00e9n establece que no consentir\u00e1 intervenci\u00f3n en investigaci\u00f3n y persecuci\u00f3n alguna sin la autorizaci\u00f3n y colaboraci\u00f3n expresa del Estado mexicano, adem\u00e1s determina que el juez ordenar\u00e1 la prisi\u00f3n preventiva oficiosamente por el delito de terrorismo y tr\u00e1fico de armas.<\/p>\n\n\n\n<p>La reforma tendr\u00e1 que aprobarse en al menos 17 congresos locales para que, la iniciativa enviada por la presidenta Claudia Sheinbaum, se eleve a rango constitucional.<\/p>\n\n\n\n<p>&nbsp;Diputados del PRI votan en contra por considerar que la reforma es innecesaria; piden atender inseguridad, en su lugar<\/p>\n\n\n\n<p>Durante el debate, los diputados de oposici\u00f3n, sobre todo los del PRI, resaltaron que la Carta Magna ya proh\u00edbe la intervenci\u00f3n, por lo que consideraron innecesaria la iniciativa, en cambio pidieron atender la violencia interna del pa\u00eds.<\/p>\n\n\n\n<p>El diputado del PRI, Emilio Lara Calder\u00f3n, afirm\u00f3 que la Constituci\u00f3n Pol\u00edtica ya establece la soberan\u00eda de M\u00e9xico que, como lo dicta el art\u00edculo 39, reside esencial y originariamente en el pueblo, por lo que consider\u00f3 la reforma como una cortina de humo para justificar los fracasos de Morena.<\/p>\n\n\n\n<p>\u201cLo que no podemos permitir las y los diputados del PRI es que se utilice esta C\u00e1mara de Diputados, pero, sobre todo, la Constituci\u00f3n como una cortina de humo para justificar los fracasos de Morena en seguridad, en econom\u00eda y en diplomacia. Hoy nuestra soberan\u00eda se erosiona, pero no por la Constituci\u00f3n, por la inacci\u00f3n y por la omisi\u00f3n de este gobierno, de una pol\u00edtica de abrazos y no balazos que ha permitido que el crimen organizado tome el control de vastas regiones del pa\u00eds\u201d, explic\u00f3.<\/p>\n\n\n\n<p>Por su parte, la diputada tricolor, Nadia Navarro Acevedo, afirm\u00f3 que su partido no apoy\u00f3 la reforma, pues la calific\u00f3 de palabras vac\u00edas y carente de todo contenido, sin embargo, pidi\u00f3 atender los problemas de violencia en que se encuentra el pa\u00eds.&nbsp;&nbsp;<\/p>\n\n\n\n<p>\u201cEn el Grupo Parlamentario del PRI votaremos en contra de este dictamen porque no abona al fortalecimiento de nuestro Estado mexicano. Nuestra ley es clara, en el art\u00edculo 39 de la Carta Magna reconoce el poder soberano. El art\u00edculo 33, proh\u00edbe la presencia de los extranjeros en la pol\u00edtica nacional.<\/p>\n\n\n\n<p>\u201cPero esta discusi\u00f3n no es sobre independencia ni soberan\u00eda ni pol\u00edtica exterior, el documento que estamos discutiendo y que seguramente aprobar\u00e1 la mayor\u00eda, es un medio para distraer la falta de acci\u00f3n contundente en la defensa de nuestro pa\u00eds\u201d, resalt\u00f3.<\/p>\n\n\n\n<p>Por su parte, el diputado del PAN, C\u00e9sar Israel Dami\u00e1n Retes, resalt\u00f3 que su partido vot\u00f3 a favor de la iniciativa, aunque, afirm\u00f3, que la reforma s\u00f3lo es populismo constitucional y cuestion\u00f3 que la soberan\u00eda tambi\u00e9n se viola de manera interior al no atender la violencia en el pa\u00eds.<\/p>\n\n\n\n<p>\u201cPorque si de verdad les interesa la soberan\u00eda \u00bfen d\u00f3nde est\u00e1 el Estado cuando secuestran, violan y matan mujeres? \u00bfPor qu\u00e9 no hace nada el Estado en los territorios que domina el narcotr\u00e1fico? \u00bfPor qu\u00e9 el Estado no ha hecho todo para pacificar Sinaloa?\u201d, cuestion\u00f3.<\/p>\n\n\n\n<p><a href=\"https:\/\/www.proceso.com.mx\/nacional\/2025\/3\/11\/diputados-de-morena-pan-mc-aprueban-reforma-en-defensa-de-la-soberania-nacional-347214.html\">https:\/\/www.proceso.com.mx\/nacional\/2025\/3\/11\/diputados-de-morena-pan-mc-aprueban-reforma-en-defensa-de-la-soberania-nacional-347214.html<\/a><\/p>\n","protected":false},"excerpt":{"rendered":"<p>Los legisladores aprobaron la reforma por 417 votos a favor y 36 en contra de la iniciativa que tambi\u00e9n establece que no consentir\u00e1 intervenci\u00f3n en investigaci\u00f3n y persecuci\u00f3n alguna sin la autorizaci\u00f3n y colaboraci\u00f3n expresa del Estado mexicano. Tomado de Proceso Por Juan Carlos Cort\u00e9s Martes 11 de marzo de 2025 \u00b7 18:57 CIUDAD DE [&hellip;]<\/p>\n","protected":false},"author":1,"featured_media":25768,"comment_status":"open","ping_status":"open","sticky":false,"template":"","format":"standard","meta":{"content-type":"","footnotes":""},"categories":[3,115],"tags":[],"class_list":{"0":"post-25767","1":"post","2":"type-post","3":"status-publish","4":"format-standard","5":"has-post-thumbnail","7":"category-mexico","8":"category-politica"},"_links":{"self":[{"href":"https:\/\/www.regioncuatronoticias.com\/index.php\/wp-json\/wp\/v2\/posts\/25767","targetHints":{"allow":["GET"]}}],"collection":[{"href":"https:\/\/www.regioncuatronoticias.com\/index.php\/wp-json\/wp\/v2\/posts"}],"about":[{"href":"https:\/\/www.regioncuatronoticias.com\/index.php\/wp-json\/wp\/v2\/types\/post"}],"author":[{"embeddable":true,"href":"https:\/\/www.regioncuatronoticias.com\/index.php\/wp-json\/wp\/v2\/users\/1"}],"replies":[{"embeddable":true,"href":"https:\/\/www.regioncuatronoticias.com\/index.php\/wp-json\/wp\/v2\/comments?post=25767"}],"version-history":[{"count":1,"href":"https:\/\/www.regioncuatronoticias.com\/index.php\/wp-json\/wp\/v2\/posts\/25767\/revisions"}],"predecessor-version":[{"id":25769,"href":"https:\/\/www.regioncuatronoticias.com\/index.php\/wp-json\/wp\/v2\/posts\/25767\/revisions\/25769"}],"wp:featuredmedia":[{"embeddable":true,"href":"https:\/\/www.regioncuatronoticias.com\/index.php\/wp-json\/wp\/v2\/media\/25768"}],"wp:attachment":[{"href":"https:\/\/www.regioncuatronoticias.com\/index.php\/wp-json\/wp\/v2\/media?parent=25767"}],"wp:term":[{"taxonomy":"category","embeddable":true,"href":"https:\/\/www.regioncuatronoticias.com\/index.php\/wp-json\/wp\/v2\/categories?post=25767"},{"taxonomy":"post_tag","embeddable":true,"href":"https:\/\/www.regioncuatronoticias.com\/index.php\/wp-json\/wp\/v2\/tags?post=25767"}],"curies":[{"name":"wp","href":"https:\/\/api.w.org\/{rel}","templated":true}]}}