{"id":25752,"date":"2025-03-11T23:41:38","date_gmt":"2025-03-12T06:41:38","guid":{"rendered":"https:\/\/www.regioncuatronoticias.com\/?p=25752"},"modified":"2025-03-11T23:41:40","modified_gmt":"2025-03-12T06:41:40","slug":"profepa-clausura-ducto-a-mina-de-grupo-mexico-en-sonora","status":"publish","type":"post","link":"https:\/\/www.regioncuatronoticias.com\/index.php\/2025\/03\/11\/profepa-clausura-ducto-a-mina-de-grupo-mexico-en-sonora\/","title":{"rendered":"Profepa clausura ducto a mina de Grupo M\u00e9xico en Sonora"},"content":{"rendered":"\n<p>Tomado de La Jornada<\/p>\n\n\n\n<p>Cristina G\u00f3mez Lima<\/p>\n\n\n\n<p>Martes 11 de marzo de 2025<\/p>\n\n\n\n<p>Cananea, Son. La Procuradur\u00eda Federal de Protecci\u00f3n al Ambiente (Profepa) clausur\u00f3 de manera total y temporal un ducto de 10.5 kil\u00f3metros de longitud y 89 cent\u00edmetros de di\u00e1metro que trasladaba agua, perteneciente a la minera Buenavista del Cobre, de Grupo M\u00e9xico, por no contar con los permisos ambientales necesarios para su instalaci\u00f3n y operaci\u00f3n en Cananea, municipio ubicado al norte de Sonora, apoder\u00e1ndose del l\u00edquido potable, demandado por cientos de familias de la sierra que lo carecen para sus necesidades b\u00e1sicas.<\/p>\n\n\n\n<p>A trav\u00e9s de un comunicado, la dependencia federal inform\u00f3 que la tuber\u00eda fue detectada en el camino vecinal que conecta Cananea con Bacanuchi, en el municipio de Arizpe, luego de que ciudadanos denunciaran la existencia de trabajos en la zona. Durante la inspecci\u00f3n, los agentes de la Profepa no solo constataron la presencia del ducto, sino tambi\u00e9n la remoci\u00f3n de vegetaci\u00f3n en varios puntos.<\/p>\n\n\n\n<p>\u201cLos inspectores de Profepa iniciaron su revisi\u00f3n en atenci\u00f3n a denuncias ciudadanas acerca de las obras que se realizaban en el camino vecinal de Cananea hacia Bacanuchi, municipio de Arizpe, en Sonora, y de si dichos trabajos contaban con autorizaci\u00f3n. De acuerdo con los inspectores, adem\u00e1s del ducto se encontr\u00f3 remoci\u00f3n de vegetaci\u00f3n en algunas \u00e1reas; la tuber\u00eda se conecta con una serie de pozos\u201d, expuso la Profepa.<\/p>\n\n\n\n<p>Al solicitar la documentaci\u00f3n correspondiente, el representante de la empresa no pudo acreditar la autorizaci\u00f3n de la Secretar\u00eda de Medio Ambiente y Recursos Naturales (Semarnat), por lo que se procedi\u00f3 a la clausura inmediata de la obra y la colocaci\u00f3n de sellos oficiales. La demanda de agua en Sonora se ha intensificado con la declaraci\u00f3n de emergencia de parte de la Comisi\u00f3n Nacional del Agua (Conagua), ante una sequ\u00eda moderada y extrema en el cien por ciento del territorio estatal.<\/p>\n\n\n\n<p>En innumerables ocasiones, ambientalistas, productores y pobladores de los municipios de la sierra de Sonora, han protestado en contra del consorcio minero de Germ\u00e1n Larrea Mora Velazco por acaparar sin medida el agua destinada para la poblaci\u00f3n de los pozos y r\u00edos Bacoachi y Sonora.<\/p>\n\n\n\n<p>Desde junio de 2024, pobladores de los municipios de Bacoachi y Arizpe han bloqueado intermitentemente el paso en el Ca\u00f1\u00f3n de Evans, camino que conecta con Cananea, hartos del robo del l\u00edquido por parte de Grupo M\u00e9xico hacia el yacimiento de cobre m\u00e1s grande del pa\u00eds, Buenavista del Cobre, para as\u00ed evitar el traslado de pipas que cargan y descargan agua las 24 horas, agua destinada para las comunidades de la sierra norte de Sonora.<\/p>\n\n\n\n<p>Buenavista del Cobre, una de las minas de cobre a cielo abierto m\u00e1s grandes del mundo, ha estado en el centro de controversias ambientales en el pasado, incluyendo el derrame de sulfato de cobre acidulado en el R\u00edo Sonora en 2014 y que a la fecha no ha reparado los da\u00f1os de salud y medio ambiente provocados en los ocho pueblos afectados. Este nuevo hallazgo aviva preocupaciones sobre el cumplimiento de normativas ambientales por parte de la compa\u00f1\u00eda minera.<\/p>\n\n\n\n<p>Hasta el momento, Grupo M\u00e9xico no ha emitido un posicionamiento oficial sobre la clausura.<\/p>\n\n\n\n<p><a href=\"https:\/\/www.jornada.com.mx\/noticia\/2025\/03\/11\/estados\/profepa-clausura-ducto-a-mina-de-grupo-mexico-en-sonora\">https:\/\/www.jornada.com.mx\/noticia\/2025\/03\/11\/estados\/profepa-clausura-ducto-a-mina-de-grupo-mexico-en-sonora<\/a><\/p>\n","protected":false},"excerpt":{"rendered":"<p>Tomado de La Jornada Cristina G\u00f3mez Lima Martes 11 de marzo de 2025 Cananea, Son. La Procuradur\u00eda Federal de Protecci\u00f3n al Ambiente (Profepa) clausur\u00f3 de manera total y temporal un ducto de 10.5 kil\u00f3metros de longitud y 89 cent\u00edmetros de di\u00e1metro que trasladaba agua, perteneciente a la minera Buenavista del Cobre, de Grupo M\u00e9xico, por [&hellip;]<\/p>\n","protected":false},"author":1,"featured_media":25753,"comment_status":"open","ping_status":"open","sticky":false,"template":"","format":"standard","meta":{"content-type":"","footnotes":""},"categories":[3,115,105],"tags":[],"class_list":{"0":"post-25752","1":"post","2":"type-post","3":"status-publish","4":"format-standard","5":"has-post-thumbnail","7":"category-mexico","8":"category-politica","9":"category-principal"},"_links":{"self":[{"href":"https:\/\/www.regioncuatronoticias.com\/index.php\/wp-json\/wp\/v2\/posts\/25752","targetHints":{"allow":["GET"]}}],"collection":[{"href":"https:\/\/www.regioncuatronoticias.com\/index.php\/wp-json\/wp\/v2\/posts"}],"about":[{"href":"https:\/\/www.regioncuatronoticias.com\/index.php\/wp-json\/wp\/v2\/types\/post"}],"author":[{"embeddable":true,"href":"https:\/\/www.regioncuatronoticias.com\/index.php\/wp-json\/wp\/v2\/users\/1"}],"replies":[{"embeddable":true,"href":"https:\/\/www.regioncuatronoticias.com\/index.php\/wp-json\/wp\/v2\/comments?post=25752"}],"version-history":[{"count":1,"href":"https:\/\/www.regioncuatronoticias.com\/index.php\/wp-json\/wp\/v2\/posts\/25752\/revisions"}],"predecessor-version":[{"id":25754,"href":"https:\/\/www.regioncuatronoticias.com\/index.php\/wp-json\/wp\/v2\/posts\/25752\/revisions\/25754"}],"wp:featuredmedia":[{"embeddable":true,"href":"https:\/\/www.regioncuatronoticias.com\/index.php\/wp-json\/wp\/v2\/media\/25753"}],"wp:attachment":[{"href":"https:\/\/www.regioncuatronoticias.com\/index.php\/wp-json\/wp\/v2\/media?parent=25752"}],"wp:term":[{"taxonomy":"category","embeddable":true,"href":"https:\/\/www.regioncuatronoticias.com\/index.php\/wp-json\/wp\/v2\/categories?post=25752"},{"taxonomy":"post_tag","embeddable":true,"href":"https:\/\/www.regioncuatronoticias.com\/index.php\/wp-json\/wp\/v2\/tags?post=25752"}],"curies":[{"name":"wp","href":"https:\/\/api.w.org\/{rel}","templated":true}]}}