{"id":25733,"date":"2025-03-11T22:43:53","date_gmt":"2025-03-12T05:43:53","guid":{"rendered":"https:\/\/www.regioncuatronoticias.com\/?p=25733"},"modified":"2025-03-11T22:43:55","modified_gmt":"2025-03-12T05:43:55","slug":"reabriran-caso-abc","status":"publish","type":"post","link":"https:\/\/www.regioncuatronoticias.com\/index.php\/2025\/03\/11\/reabriran-caso-abc\/","title":{"rendered":"\u00bfReabrir\u00e1n caso ABC?"},"content":{"rendered":"\n<p><strong>Columna Corren Rumores<\/strong><\/p>\n\n\n\n<p><strong>Hilario Olea<\/strong><\/p>\n\n\n\n<p><strong>\u00bfReabrir\u00e1n caso ABC?<\/strong><\/p>\n\n\n\n<p><strong>Mi\u00e9rcoles 12 de marzo de 2025<\/strong><\/p>\n\n\n\n<p><strong>UN NUEVO PERITAJE\u2026 <\/strong>Sumamente extra\u00f1o y hasta sospechoso el peritaje que esta semana est\u00e1n haciendo en las instalaciones y ruinas de la Guarder\u00eda ABC, porque lo hacen a casi 16 a\u00f1os de la tragedia.&nbsp; Por otro lado todos saben que el lugar ha sido vandalizado y saqueado&nbsp; porque no hay vigilancia que evite que entren extra\u00f1os al lugar.&nbsp; Pero ahora se les ocurre&nbsp; hacer un peritaje para buscar pruebas que muestren quien tuvo la culpa de la tragedia.&nbsp; Esto tiene tufo pol\u00edtico,&nbsp; porque pareciera que m\u00e1s buscar pruebas para resolver el caso como que van a buscar nuevos culpables o encontrar un pretexto para una nueva cacer\u00eda de brujas. Pero eso se sabr\u00e1 pronto porque si el fondo es pol\u00edtico de repente van a presentar datos que nunca se hab\u00edan visto; pero \u00a1Oh, sorpresa!, la pericia de los periciales ha encontrado pruebas nuevas. Digan lo que digan, esto no tiene fondo legal, por el tufo es de otro tipo.<\/p>\n\n\n\n<p><strong>UNA NUEVA VERSI\u00d3N\u2026 <\/strong>Dicen que esto es v\u00e1lido porque no hay una versi\u00f3n hist\u00f3rica. Claro que no, hay una docena. Hay todo tipo de teor\u00edas. Como esa de que el gobierno quem\u00f3 unos documentos comprometedores en el almac\u00e9n contiguo que era de la Secretar\u00eda de Hacienda. Lo curioso del caso es que era 5 de junio, a un mes de las elecciones y el PRI encabezaba las preferencias electorales con 15 puntos. \u00bfPara qu\u00e9 quemar documentos si ten\u00eda la victoria en el bolsillo?&nbsp; En realidad, la tragedia fue usada y abusada por el PAN y por todos los adversarios que ten\u00eda el gobernador Eduardo Bours. Por eso han llamado al incendio de la Guarder\u00eda ABC la crisis perfecta. Veremos ahora qu\u00e9 nueva versi\u00f3n sacan. Hacer algo para pegarle al PRI no vemos la necesidad, porque este partido est\u00e1 hundido. Ligar a la tragedia con el alcalde To\u00f1o Astiazar\u00e1n\u2026 podr\u00eda ser. En fin, ya veremos si es que presentan resultados.<\/p>\n\n\n\n<p><strong>\u00bfNO HUBO PERDON? <\/strong>Dicen que en pol\u00edtica la forma es fondo y todo se maneja a base de se\u00f1ales y mensajes. Algunos llegan, incluso, a tener corte siciliano. Y digo por el incidente del desaire a la presidenta Sheinbum, cuando le&nbsp; dieron la espalda en el evento del Z\u00f3calo y a pesar de que&nbsp; los disculp\u00f3, el lunes les cancelaron la reuni\u00f3n que sostiene cada semana con Ad\u00e1n Augusto L\u00f3pez, como coordinador de los senadores, y con Ricardo Monreal, coordinador de los diputados. La explicaci\u00f3n de la mandataria es para ponerse a temblar, porque dijo que tal reuni\u00f3n no era necesaria porque todos los temas de la agenda iban caminando. Traducido: que no son necesarios para sacar adelante los asuntos legislativos. Como me la pinten, este mensaje es para meter calambres, porque se ve que la se\u00f1ora si bien no es rencorosa, si tiene buena memoria y hay pifias que no se pueden pasar por alto, aunque sean errores involuntarios.&nbsp; Peor si sospecha que el error fue de adrede. Ah, y el mensaje tambi\u00e9n debe llegarle al responsable de la falla, que fue Andy L\u00f3pez Beltr\u00e1n, el presidenciable.<\/p>\n\n\n\n<p><strong>DISCULPA NO ACEPTADA\u2026 <\/strong>Otra, hasta el momento, si se fijan, la presidenta no ha aceptado las disculpas de la descortes\u00eda que le enviaron por redes los involucrados. Todos se disculparon con excepci\u00f3n de Andy L\u00f3pez Beltr\u00e1n; quiz\u00e1 por su calidad de presidenciable no lo necesita.&nbsp; El punto es que ahora tendr\u00e1n que contentar a la jefa y lo \u00fanico que les aceptar\u00eda, creo, es que arreglen la reforma electoral para que la ley contra el nepotismo y la no reelecci\u00f3n entre en vigor el 2027 y no hasta el 2030 como quieren los tres amigos Manuel Velasco del Verde, y los morenistas Ricardo Monreal y Ad\u00e1n Augusto L\u00f3pez. Si no quieren que les sigan aplicando le ley del hielo, estos descorteses deben hacer algo para ser perdonados, pero algo que valga la pena y no un inche mensajito en redes. La se\u00f1al es clara. Ahora hay que ver qu\u00e9 suceder\u00e1.<\/p>\n\n\n\n<p><strong>FOMENTANDO LA HUEVA\u2026 <\/strong>En lugar de subirles el sueldo, que a lo mejor eso hubieran preferido los bur\u00f3cratas estatales de Chiapas, el gobernador Eduardo Ram\u00edrez tuvo la luminosa idea y feliz ocurrencia de reducir el horario laboral y a partir de esta semana los empleados saldr\u00e1n de trabajar a la una de la tarde los viernes. Ojo, que solo son los viernes. Esto para que salgan corriendo y se vayan a disfrutar con la familia. Si Chuy.&nbsp; Es obvio que esto lo hace el gobernador&nbsp; con afanes populistas y porque debe estar m\u00e1s piojo que una liendre.&nbsp; Para que decir que en el caso de los varones, el 99% van a salir corriendo a las caguamas.&nbsp; Esto no es nuevo, porque en su tiempo lo implement\u00f3 el gobernador Armando L\u00f3pez Nogales, pero el pretexto no era el chupe, aunque era la realidad, sino para ahorrarse gastos en energ\u00eda el\u00e9ctrica. El caso es que con esto se fomenta la hueva y&nbsp; veremos&nbsp; si no tiene contagio en otros estados.&nbsp; Pero por lo pronto, que envidia con los chiapanecos que saldr\u00e1n a darle duro a la mexicana alegr\u00eda.<\/p>\n\n\n\n<p><strong>En fin, as\u00ed&nbsp; la dejaremos y recuerden lo que dec\u00eda el Fil\u00f3sofo de G\u00fcemes, El uno siempre va antes del dos, pero en el veintiuno, se freg\u00f3 el uno. Sale<\/strong><\/p>\n\n\n\n<p><strong>S\u00edganos en la cuenta de X o Twitter @hilarioolea.<\/strong><\/p>\n\n\n\n<p><strong>Pueden vernos de lunes a viernes de 8 a 9 de la noche en nuestro canal de YouTube \u201cEntre Todos Digital\u201d.<\/strong><\/p>\n\n\n\n<p><strong>Sigan nuestras redes sociales<\/strong><\/p>\n","protected":false},"excerpt":{"rendered":"<p>Columna Corren Rumores Hilario Olea \u00bfReabrir\u00e1n caso ABC? Mi\u00e9rcoles 12 de marzo de 2025 UN NUEVO PERITAJE\u2026 Sumamente extra\u00f1o y hasta sospechoso el peritaje que esta semana est\u00e1n haciendo en las instalaciones y ruinas de la Guarder\u00eda ABC, porque lo hacen a casi 16 a\u00f1os de la tragedia.&nbsp; Por otro lado todos saben que el [&hellip;]<\/p>\n","protected":false},"author":1,"featured_media":25734,"comment_status":"open","ping_status":"open","sticky":false,"template":"","format":"standard","meta":{"content-type":"","footnotes":""},"categories":[121],"tags":[],"class_list":{"0":"post-25733","1":"post","2":"type-post","3":"status-publish","4":"format-standard","5":"has-post-thumbnail","7":"category-hilarioolea"},"_links":{"self":[{"href":"https:\/\/www.regioncuatronoticias.com\/index.php\/wp-json\/wp\/v2\/posts\/25733","targetHints":{"allow":["GET"]}}],"collection":[{"href":"https:\/\/www.regioncuatronoticias.com\/index.php\/wp-json\/wp\/v2\/posts"}],"about":[{"href":"https:\/\/www.regioncuatronoticias.com\/index.php\/wp-json\/wp\/v2\/types\/post"}],"author":[{"embeddable":true,"href":"https:\/\/www.regioncuatronoticias.com\/index.php\/wp-json\/wp\/v2\/users\/1"}],"replies":[{"embeddable":true,"href":"https:\/\/www.regioncuatronoticias.com\/index.php\/wp-json\/wp\/v2\/comments?post=25733"}],"version-history":[{"count":1,"href":"https:\/\/www.regioncuatronoticias.com\/index.php\/wp-json\/wp\/v2\/posts\/25733\/revisions"}],"predecessor-version":[{"id":25735,"href":"https:\/\/www.regioncuatronoticias.com\/index.php\/wp-json\/wp\/v2\/posts\/25733\/revisions\/25735"}],"wp:featuredmedia":[{"embeddable":true,"href":"https:\/\/www.regioncuatronoticias.com\/index.php\/wp-json\/wp\/v2\/media\/25734"}],"wp:attachment":[{"href":"https:\/\/www.regioncuatronoticias.com\/index.php\/wp-json\/wp\/v2\/media?parent=25733"}],"wp:term":[{"taxonomy":"category","embeddable":true,"href":"https:\/\/www.regioncuatronoticias.com\/index.php\/wp-json\/wp\/v2\/categories?post=25733"},{"taxonomy":"post_tag","embeddable":true,"href":"https:\/\/www.regioncuatronoticias.com\/index.php\/wp-json\/wp\/v2\/tags?post=25733"}],"curies":[{"name":"wp","href":"https:\/\/api.w.org\/{rel}","templated":true}]}}