{"id":25730,"date":"2025-03-11T09:43:15","date_gmt":"2025-03-11T16:43:15","guid":{"rendered":"https:\/\/www.regioncuatronoticias.com\/?p=25730"},"modified":"2025-03-11T09:43:18","modified_gmt":"2025-03-11T16:43:18","slug":"antes-de-que-fgr-atraiga-caso-de-crematorios-de-jalisco-se-investigara-responsabilidad-de-autoridades-locales-gertz-manero","status":"publish","type":"post","link":"https:\/\/www.regioncuatronoticias.com\/index.php\/2025\/03\/11\/antes-de-que-fgr-atraiga-caso-de-crematorios-de-jalisco-se-investigara-responsabilidad-de-autoridades-locales-gertz-manero\/","title":{"rendered":"Antes de que FGR atraiga caso de crematorios de Jalisco, se investigar\u00e1 responsabilidad de autoridades locales: Gertz Manero"},"content":{"rendered":"\n<p><strong>El fiscal calific\u00f3 el hallazgo como \u201calgo muy cr\u00edtico y muy grave\u201d y poco cre\u00edble que las autoridades locales no conocieran sobre ese rancho.<\/strong><\/p>\n\n\n\n<p>Tomado de El Imparcial<\/p>\n\n\n\n<p>Shaila Rosagel&nbsp;<\/p>\n\n\n\n<p>Martes 11 de julio de 2025<\/p>\n\n\n\n<p>Ciudad de M\u00e9xico (GH).- Antes de la que la Fiscal\u00eda General de la Rep\u00fablica (FGR) atraiga el caso de los hornos crematorios encontrados en un rancho de Jalisco, investigar\u00e1 la responsabilidad de las autoridades locales, dijo Alejandro Gertz Manero, fiscal General de la Rep\u00fablica.<\/p>\n\n\n\n<p>El fiscal calific\u00f3 el hallazgo como \u201calgo muy cr\u00edtico y muy grave\u201d y poco cre\u00edble que las autoridades locales no conocieran sobre ese rancho.<\/p>\n\n\n\n<p>Por esa raz\u00f3n antes de determinar si la FGR puede o no atraer ese asunto, vamos a establecer toda una investigaci\u00f3n sobre la historia de este caso, no es cre\u00edble que una situaci\u00f3n como esta no haya sido conocida por las autoridades\u201d, dijo.<\/p>\n\n\n\n<p>Gertz Manero precis\u00f3 que debe haber una claridad absoluta sobre la federalizaci\u00f3n de \u201cese delito antes de atraer este asunto\u201d.<\/p>\n\n\n\n<p>\u201cSi no regreso, te pido que recuerdes lo mucho que te amo\u201d: La carta de despedida hallada entre las pertenencias de las v\u00edctimas en el crematorio clandestino del CJNG en Teuchitl\u00e1n<\/p>\n\n\n\n<p>\u201cSi no regreso, te pido que recuerdes lo mucho que te amo\u201d: La carta de despedida hallada entre las pertenencias de las v\u00edctimas en el crematorio clandestino del CJNG en Teuchitl\u00e1n<\/p>\n\n\n\n<p>Vamos hacer una investigaci\u00f3n de lo que ocurri\u00f3 ah\u00ed, ya hab\u00eda una investigaci\u00f3n en los alrededores, era un tema conocido, tenemos que establecer los antecedentes\u201d, detall\u00f3.<\/p>\n\n\n\n<p>El funcionario mencion\u00f3 una carta de un joven que debe investigarse en un plazo \u201cmuy razonable\u201d.<\/p>\n\n\n\n<p>Fundamentalmente tenemos que llegar al fondo de ese asunto; tenemos que llegar al fondo. Porqu\u00e9 estaban todas esa prendas ah\u00ed, para un crematorio se necesitan unos niveles muy altos, en este caso en un plazo que debe ser muy corto, la FGR va hacer una investigaci\u00f3n\u201d, indic\u00f3.<\/p>\n\n\n\n<p>Antes de que FGR atraiga caso de crematorios de Jalisco, se investigar\u00e1 responsabilidad de autoridades locales: Gertz Manero<\/p>\n\n\n\n<p>El fiscal calific\u00f3 el hallazgo como \u201calgo muy cr\u00edtico y muy grave\u201d y poco cre\u00edble que las autoridades locales no conocieran sobre ese rancho.<\/p>\n\n\n\n<figure class=\"wp-block-embed\"><div class=\"wp-block-embed__wrapper\">\nhttps:\/\/www.elimparcial.com\/mexico\/2025\/03\/11\/antes-de-que-fgr-atraiga-caso-de-crematorios-de-jalisco-se-investigara-responsabilidad-de-autoridades-locales-gertz-manero\n<\/div><\/figure>\n","protected":false},"excerpt":{"rendered":"<p>El fiscal calific\u00f3 el hallazgo como \u201calgo muy cr\u00edtico y muy grave\u201d y poco cre\u00edble que las autoridades locales no conocieran sobre ese rancho. Tomado de El Imparcial Shaila Rosagel&nbsp; Martes 11 de julio de 2025 Ciudad de M\u00e9xico (GH).- Antes de la que la Fiscal\u00eda General de la Rep\u00fablica (FGR) atraiga el caso de [&hellip;]<\/p>\n","protected":false},"author":1,"featured_media":25731,"comment_status":"open","ping_status":"open","sticky":false,"template":"","format":"standard","meta":{"content-type":"","footnotes":""},"categories":[3,105,113],"tags":[],"class_list":{"0":"post-25730","1":"post","2":"type-post","3":"status-publish","4":"format-standard","5":"has-post-thumbnail","7":"category-mexico","8":"category-principal","9":"category-seguridad"},"_links":{"self":[{"href":"https:\/\/www.regioncuatronoticias.com\/index.php\/wp-json\/wp\/v2\/posts\/25730","targetHints":{"allow":["GET"]}}],"collection":[{"href":"https:\/\/www.regioncuatronoticias.com\/index.php\/wp-json\/wp\/v2\/posts"}],"about":[{"href":"https:\/\/www.regioncuatronoticias.com\/index.php\/wp-json\/wp\/v2\/types\/post"}],"author":[{"embeddable":true,"href":"https:\/\/www.regioncuatronoticias.com\/index.php\/wp-json\/wp\/v2\/users\/1"}],"replies":[{"embeddable":true,"href":"https:\/\/www.regioncuatronoticias.com\/index.php\/wp-json\/wp\/v2\/comments?post=25730"}],"version-history":[{"count":1,"href":"https:\/\/www.regioncuatronoticias.com\/index.php\/wp-json\/wp\/v2\/posts\/25730\/revisions"}],"predecessor-version":[{"id":25732,"href":"https:\/\/www.regioncuatronoticias.com\/index.php\/wp-json\/wp\/v2\/posts\/25730\/revisions\/25732"}],"wp:featuredmedia":[{"embeddable":true,"href":"https:\/\/www.regioncuatronoticias.com\/index.php\/wp-json\/wp\/v2\/media\/25731"}],"wp:attachment":[{"href":"https:\/\/www.regioncuatronoticias.com\/index.php\/wp-json\/wp\/v2\/media?parent=25730"}],"wp:term":[{"taxonomy":"category","embeddable":true,"href":"https:\/\/www.regioncuatronoticias.com\/index.php\/wp-json\/wp\/v2\/categories?post=25730"},{"taxonomy":"post_tag","embeddable":true,"href":"https:\/\/www.regioncuatronoticias.com\/index.php\/wp-json\/wp\/v2\/tags?post=25730"}],"curies":[{"name":"wp","href":"https:\/\/api.w.org\/{rel}","templated":true}]}}