{"id":25721,"date":"2025-03-10T22:09:52","date_gmt":"2025-03-11T05:09:52","guid":{"rendered":"https:\/\/www.regioncuatronoticias.com\/?p=25721"},"modified":"2025-03-10T22:09:57","modified_gmt":"2025-03-11T05:09:57","slug":"califica-sheinbaum-de-terrible-narco-campamento-en-jalisco","status":"publish","type":"post","link":"https:\/\/www.regioncuatronoticias.com\/index.php\/2025\/03\/10\/califica-sheinbaum-de-terrible-narco-campamento-en-jalisco\/","title":{"rendered":"Califica Sheinbaum de terrible narco-campamento en Jalisco"},"content":{"rendered":"\n<p>Tomado de Reforma<\/p>\n\n\n\n<p>Natalia Vitela y Claudia Guerrero<\/p>\n\n\n\n<p>Lunes 10 de marzo de 2025<\/p>\n\n\n\n<p>Cd. de M\u00e9xico.- \u201cEs terrible\u201d, dijo la Presidenta Claudia Sheinbaum sobre los crematorios de cuerpos hallados en Jalisco.<\/p>\n\n\n\n<p>Cuestionada en la ma\u00f1anera, la Mandataria federal pidi\u00f3 investigar qu\u00e9 fue lo que pas\u00f3 en esos lugares.<\/p>\n\n\n\n<p>\u201cObviamente es terrible, ahora corresponde al Gabinete de Seguridad, a las Fiscal\u00edas, en su momento a los tribunales o al Poder Judicial, pues investigar y ver, en particular en este caso que ya se hab\u00eda hecho entiendo un primer, no s\u00e9 si fue cateo exactamente, la Fiscal\u00eda estatal, por qu\u00e9 despu\u00e9s no resguardaron el lugar\u201d, coment\u00f3 Sheinbaum.\u201dO sea, hay que hacer una investigaci\u00f3n de qu\u00e9 fue lo que pas\u00f3\u201d.<\/p>\n\n\n\n<p>La Presidenta pidi\u00f3 revisar si FGR puede atraer el caso.<\/p>\n\n\n\n<p>\u201cEl Gobernador, hay que decirlo tambi\u00e9n, est\u00e1 en esto, est\u00e1 muy en contacto con el Secretario de Seguridad y con la Fiscal\u00eda General de la Rep\u00fablica si es necesario atraer el caso\u201d, expres\u00f3.<\/p>\n\n\n\n<p>\u201cLo est\u00e1n revisando\u201d.<\/p>\n\n\n\n<p>REFORMA public\u00f3 el pasado domingo que esta semana, el colectivo Guerreros Buscadores de Jalisco hall\u00f3 3 crematorios de cuerpos, restos de dientes, ropa y maletas en un centro de adiestramiento criminal que fue localizado en septiembre en Teuchitl\u00e1n.<\/p>\n\n\n\n<p>Seg\u00fan un joven sobreviviente, en el predio, que est\u00e1 a 60 kil\u00f3metros de Guadalajara, hab\u00eda un \u00e1rea en la que entrenaban a los reclutados, un sitio adaptado como cocina, un sitio para desmembrar los cuerpos, ba\u00f1os (s\u00f3lo para los mandos), zona de crematorios, otro lugar de adiestramiento y un lugar en el que dorm\u00edan los reclutados y tambi\u00e9n les daban adiestramiento.<\/p>\n\n\n\n<p><a href=\"https:\/\/www.reforma.com\/califica-sheinbaum-de-terrible-narco-campamento-en-jalisco\/ar2967357\">https:\/\/www.reforma.com\/califica-sheinbaum-de-terrible-narco-campamento-en-jalisco\/ar2967357<\/a><\/p>\n","protected":false},"excerpt":{"rendered":"<p>Tomado de Reforma Natalia Vitela y Claudia Guerrero Lunes 10 de marzo de 2025 Cd. de M\u00e9xico.- \u201cEs terrible\u201d, dijo la Presidenta Claudia Sheinbaum sobre los crematorios de cuerpos hallados en Jalisco. Cuestionada en la ma\u00f1anera, la Mandataria federal pidi\u00f3 investigar qu\u00e9 fue lo que pas\u00f3 en esos lugares. \u201cObviamente es terrible, ahora corresponde al [&hellip;]<\/p>\n","protected":false},"author":1,"featured_media":25722,"comment_status":"open","ping_status":"open","sticky":false,"template":"","format":"standard","meta":{"content-type":"","footnotes":""},"categories":[3,105,113],"tags":[],"class_list":{"0":"post-25721","1":"post","2":"type-post","3":"status-publish","4":"format-standard","5":"has-post-thumbnail","7":"category-mexico","8":"category-principal","9":"category-seguridad"},"_links":{"self":[{"href":"https:\/\/www.regioncuatronoticias.com\/index.php\/wp-json\/wp\/v2\/posts\/25721","targetHints":{"allow":["GET"]}}],"collection":[{"href":"https:\/\/www.regioncuatronoticias.com\/index.php\/wp-json\/wp\/v2\/posts"}],"about":[{"href":"https:\/\/www.regioncuatronoticias.com\/index.php\/wp-json\/wp\/v2\/types\/post"}],"author":[{"embeddable":true,"href":"https:\/\/www.regioncuatronoticias.com\/index.php\/wp-json\/wp\/v2\/users\/1"}],"replies":[{"embeddable":true,"href":"https:\/\/www.regioncuatronoticias.com\/index.php\/wp-json\/wp\/v2\/comments?post=25721"}],"version-history":[{"count":1,"href":"https:\/\/www.regioncuatronoticias.com\/index.php\/wp-json\/wp\/v2\/posts\/25721\/revisions"}],"predecessor-version":[{"id":25723,"href":"https:\/\/www.regioncuatronoticias.com\/index.php\/wp-json\/wp\/v2\/posts\/25721\/revisions\/25723"}],"wp:featuredmedia":[{"embeddable":true,"href":"https:\/\/www.regioncuatronoticias.com\/index.php\/wp-json\/wp\/v2\/media\/25722"}],"wp:attachment":[{"href":"https:\/\/www.regioncuatronoticias.com\/index.php\/wp-json\/wp\/v2\/media?parent=25721"}],"wp:term":[{"taxonomy":"category","embeddable":true,"href":"https:\/\/www.regioncuatronoticias.com\/index.php\/wp-json\/wp\/v2\/categories?post=25721"},{"taxonomy":"post_tag","embeddable":true,"href":"https:\/\/www.regioncuatronoticias.com\/index.php\/wp-json\/wp\/v2\/tags?post=25721"}],"curies":[{"name":"wp","href":"https:\/\/api.w.org\/{rel}","templated":true}]}}