{"id":25718,"date":"2025-03-10T22:01:52","date_gmt":"2025-03-11T05:01:52","guid":{"rendered":"https:\/\/www.regioncuatronoticias.com\/?p=25718"},"modified":"2025-03-10T22:02:04","modified_gmt":"2025-03-11T05:02:04","slug":"amplian-de-60-a-64-anos-el-programa-de-la-pension-mujeres-bienestar","status":"publish","type":"post","link":"https:\/\/www.regioncuatronoticias.com\/index.php\/2025\/03\/10\/amplian-de-60-a-64-anos-el-programa-de-la-pension-mujeres-bienestar\/","title":{"rendered":"Ampl\u00edan de 60 a 64 a\u00f1os el programa de la Pensi\u00f3n Mujeres Bienestar"},"content":{"rendered":"\n<p><strong>Asimismo el 19 de marzo se pagar\u00e1 el apoyo del programa Sembrando Vida<\/strong><\/p>\n\n\n\n<p>Tomado de Dossier Pol\u00edtico<\/p>\n\n\n\n<p>Santiago Garc\u00eda C.<\/p>\n\n\n\n<p>Lunes 10 de marzo de 2025<\/p>\n\n\n\n<p>Hermosillo, Sonora.- El programa de la Pensi\u00f3n Mujeres Bienestar, que antes era solo para mujeres mayores de 63 y 64 a\u00f1os, ser\u00e1 universal para todas las mujeres sonorenses, desde los 60 a los 64 a\u00f1os, anunci\u00f3 Octavio Almada Palafox.<\/p>\n\n\n\n<p>\u201c\u00c9sta es una gran noticia para las mujeres de la entidad: que con este compromiso de la Presidenta a partir del mes de agosto ya van a entrar todas para que tengan este derecho a la pensi\u00f3n, y as\u00ed seguir consolidando el Segundo Piso de la Cuarta Transformaci\u00f3n en el Estado con el sello que nos caracteriza desde el primer gobierno que son Hechos y no Palabras\u201d, manifest\u00f3 el delegado de la Secretar\u00eda de Bienestar en Sonora.<\/p>\n\n\n\n<p>Los requisitos para incorporarse a la Pensi\u00f3n Mujeres Bienestar son, una identificaci\u00f3n oficial vigente, CURP de impresi\u00f3n reciente, acta de nacimiento, comprobante de domicilio, n\u00famero de tel\u00e9fono.<\/p>\n\n\n\n<p>Por \u00faltimo, inform\u00f3 Almada Palafox que el d\u00eda 19n de marzo se pagar\u00e1 el apoyo del programa Sembrando Vida, que beneficia en Sonora a casi 5 personas de 26 municipios de la entidad.<\/p>\n\n\n\n<figure class=\"wp-block-embed is-type-wp-embed is-provider-dossier-pol-tico wp-block-embed-dossier-pol-tico\"><div class=\"wp-block-embed__wrapper\">\n<blockquote class=\"wp-embedded-content\" data-secret=\"tM63lIfp44\"><a href=\"https:\/\/dossierpolitico.com\/2025\/03\/10\/amplian-desde-los-60-anos-hasta-los-64-el-programa-de-la-pension-mujeres-bienestar\/\">Ampl\u00edan desde los 60 a\u00f1os hasta los 64 el programa de la Pensi\u00f3n Mujeres Bienestar<\/a><\/blockquote><iframe loading=\"lazy\" class=\"wp-embedded-content\" sandbox=\"allow-scripts\" security=\"restricted\" style=\"position: absolute; visibility: hidden;\" title=\"&#8220;Ampl\u00edan desde los 60 a\u00f1os hasta los 64 el programa de la Pensi\u00f3n Mujeres Bienestar&#8221; &#8212; Dossier Pol\u00edtico\" src=\"https:\/\/dossierpolitico.com\/2025\/03\/10\/amplian-desde-los-60-anos-hasta-los-64-el-programa-de-la-pension-mujeres-bienestar\/embed\/#?secret=DYzZ8V98eO#?secret=tM63lIfp44\" data-secret=\"tM63lIfp44\" width=\"600\" height=\"338\" frameborder=\"0\" marginwidth=\"0\" marginheight=\"0\" scrolling=\"no\"><\/iframe>\n<\/div><\/figure>\n","protected":false},"excerpt":{"rendered":"<p>Asimismo el 19 de marzo se pagar\u00e1 el apoyo del programa Sembrando Vida Tomado de Dossier Pol\u00edtico Santiago Garc\u00eda C. Lunes 10 de marzo de 2025 Hermosillo, Sonora.- El programa de la Pensi\u00f3n Mujeres Bienestar, que antes era solo para mujeres mayores de 63 y 64 a\u00f1os, ser\u00e1 universal para todas las mujeres sonorenses, desde [&hellip;]<\/p>\n","protected":false},"author":1,"featured_media":25719,"comment_status":"open","ping_status":"open","sticky":false,"template":"","format":"standard","meta":{"content-type":"","footnotes":""},"categories":[115,9],"tags":[],"class_list":{"0":"post-25718","1":"post","2":"type-post","3":"status-publish","4":"format-standard","5":"has-post-thumbnail","7":"category-politica","8":"category-sonora"},"_links":{"self":[{"href":"https:\/\/www.regioncuatronoticias.com\/index.php\/wp-json\/wp\/v2\/posts\/25718","targetHints":{"allow":["GET"]}}],"collection":[{"href":"https:\/\/www.regioncuatronoticias.com\/index.php\/wp-json\/wp\/v2\/posts"}],"about":[{"href":"https:\/\/www.regioncuatronoticias.com\/index.php\/wp-json\/wp\/v2\/types\/post"}],"author":[{"embeddable":true,"href":"https:\/\/www.regioncuatronoticias.com\/index.php\/wp-json\/wp\/v2\/users\/1"}],"replies":[{"embeddable":true,"href":"https:\/\/www.regioncuatronoticias.com\/index.php\/wp-json\/wp\/v2\/comments?post=25718"}],"version-history":[{"count":1,"href":"https:\/\/www.regioncuatronoticias.com\/index.php\/wp-json\/wp\/v2\/posts\/25718\/revisions"}],"predecessor-version":[{"id":25720,"href":"https:\/\/www.regioncuatronoticias.com\/index.php\/wp-json\/wp\/v2\/posts\/25718\/revisions\/25720"}],"wp:featuredmedia":[{"embeddable":true,"href":"https:\/\/www.regioncuatronoticias.com\/index.php\/wp-json\/wp\/v2\/media\/25719"}],"wp:attachment":[{"href":"https:\/\/www.regioncuatronoticias.com\/index.php\/wp-json\/wp\/v2\/media?parent=25718"}],"wp:term":[{"taxonomy":"category","embeddable":true,"href":"https:\/\/www.regioncuatronoticias.com\/index.php\/wp-json\/wp\/v2\/categories?post=25718"},{"taxonomy":"post_tag","embeddable":true,"href":"https:\/\/www.regioncuatronoticias.com\/index.php\/wp-json\/wp\/v2\/tags?post=25718"}],"curies":[{"name":"wp","href":"https:\/\/api.w.org\/{rel}","templated":true}]}}