{"id":25712,"date":"2025-03-10T21:53:27","date_gmt":"2025-03-11T04:53:27","guid":{"rendered":"https:\/\/www.regioncuatronoticias.com\/?p=25712"},"modified":"2025-03-10T21:53:31","modified_gmt":"2025-03-11T04:53:31","slug":"viene-la-presidenta-a-sonora-urgente-tema-del-agua","status":"publish","type":"post","link":"https:\/\/www.regioncuatronoticias.com\/index.php\/2025\/03\/10\/viene-la-presidenta-a-sonora-urgente-tema-del-agua\/","title":{"rendered":"Viene la Presidenta a Sonora: Urgente, tema del agua"},"content":{"rendered":"\n<p><strong>Columna De Primera Mano<\/strong><\/p>\n\n\n\n<p><strong>Francisco Javier Ruiz Quirr\u00edn<\/strong><\/p>\n\n\n\n<p><strong>Viene la Presidenta a Sonora: Urgente, tema del agua<\/strong><\/p>\n\n\n\n<p><strong>Martes 11 de marzo de 2025<\/strong><\/p>\n\n\n\n<p><strong>EL GOBERNADOR<\/strong> Alfonso Durazo sostuvo una conversaci\u00f3n con la presidenta de la rep\u00fablica en palacio nacional y al salir inform\u00f3 que ella visitar\u00eda Sonora probablemente la primera semana de abril y que uno de los temas m\u00e1s importantes a tratar es el del agua.<\/p>\n\n\n\n<p>Sin duda alguna, el titular del Ejecutivo estatal est\u00e1 preocupado por garantizar el agua a las y los sonorenses hoy y en los pr\u00f3ximos a\u00f1os y de ah\u00ed la necesidad de a\u00f1adir al plan h\u00eddrico que ya se ha contemplado, una soluci\u00f3n que garantice el abasto del vital l\u00edquido, cuando menos los pr\u00f3ximos 25 a\u00f1os.<\/p>\n\n\n\n<p>La sequ\u00eda que se vive en Sonora ante la falta de lluvias en los \u00faltimos dos a\u00f1os, ha provocado que el embalse de las siete presas de la entidad, registren un promedio del 13 por ciento de su capacidad total.<\/p>\n\n\n\n<p>Lamentablemente, pero en el caso de la presa m\u00e1s grande \u2013Plutarco El\u00edas Calles o \u201cEl Novillo\u201d- hay segmentos secos, uno de ellos permite observar de nuevo la antigua iglesia del pueblo de Batuc, desaparecido por la construcci\u00f3n de dicha presa.<\/p>\n\n\n\n<p>Por lo pronto, para que la poblaci\u00f3n cuente con agua potable y se garantice ciclos de cultivo agr\u00edcola, es necesario que llueva y si se est\u00e1 programando la construcci\u00f3n de m\u00e1s presas, \u00e9stas mostrar\u00e1n su utilidad en la medida en que el dios \u201cTl\u00e1loc\u201d responda.<\/p>\n\n\n\n<p>Habr\u00e1 que anotar tambi\u00e9n que los mantos acu\u00edferos se est\u00e1n agotando y que cada d\u00eda, los r\u00edos Sonora y Yaqui, con sus afluentes, son menos caudalosos.<\/p>\n\n\n\n<p>Luego entonces se hace necesario encontrar y determinar una soluci\u00f3n a largo plazo y que no dependa de la lluvia.<\/p>\n\n\n\n<p>Hace 23 a\u00f1os estuvo a punto de construirse una desalinizadora para dotar de agua a Hermosillo, pero la idea se politiz\u00f3 y se abandon\u00f3 por el entonces gobernador Armando L\u00f3pez Nogales, ante la presi\u00f3n que ejerci\u00f3 el presidente municipal, Francisco B\u00farquez, quien aseguraba que en nuestro subsuelo hab\u00eda gran cantidad de ese l\u00edquido vital.<\/p>\n\n\n\n<p>La verdad, se perdi\u00f3 una extraordinaria oportunidad de solucionar un problema a largo plazo y, adem\u00e1s, fijar un precedente no solo en la regi\u00f3n, sino en el pa\u00eds y en el mundo, en el que han proliferado las desalinizadoras en las zonas \u00e1ridas.<\/p>\n\n\n\n<p>Es hora de reunir a los expertos sobre el tema y llegar a una propuesta t\u00e9cnica, pol\u00edtica y financieramente viable.<\/p>\n\n\n\n<p>La presencia una vez m\u00e1s en Sonora de la presidenta Claudia Sheinbaum, abre de nuevo una gran oportunidad para avanzar en el tema.<\/p>\n\n\n\n<p><strong>SI EDGAR<\/strong> Amador Zamora, el nuevo secretario de Hacienda en el gobierno federal, realmente fue inhabilitado en el a\u00f1o 2019 por cometer presuntos actos de corrupci\u00f3n, a estas alturas del partido ya ha sido rebautizado con las benditas aguas de la \u201ccuarta transformaci\u00f3n\u201d\u2026 Y es que a pesar de que pudo haber recibido dicha sanci\u00f3n en una administraci\u00f3n de la ciudad de M\u00e9xico encabezada por la ahora presidenta de la rep\u00fablica, las razones ideol\u00f3gicas pesan mucho, as\u00ed como los compromisos establecidos desde la \u00e9poca juvenil como \u201cestudiambres\u201d en la Universidad Nacional Aut\u00f3noma de M\u00e9xico (UNAM), donde coincidieron generacionalmente\u2026 Tambi\u00e9n se dijo que el brillante economista Rogelio Ram\u00edrez de la O, antecesor de Amador, continuar\u00e1 como asesor en el gobierno federal\u2026 Dif\u00edcil\u2026 Solo \u00e9l podr\u00eda responder la duda del porqu\u00e9 de su separaci\u00f3n voluntaria, sin exponer el cl\u00e1sico \u201cpor atender asuntos particulares\u201d\u2026 Lo mismo pas\u00f3 con Hugo B. Marg\u00e1in en el sexenio de Jos\u00e9 L\u00f3pez Portillo y con Carlos Urz\u00faa Mac\u00edas en el sexenio de la \u201c4-T\u201d\u2026 Ambos expusieron su renuncia por una raz\u00f3n fundamental: No quisieron compartir el fracaso econ\u00f3mico del pa\u00eds.<\/p>\n\n\n\n<p><strong>MUY SORPRENDIDOS<\/strong> en Jalisco ante el hallazgo de una serie de crematorios clandestinos incluyendo restos humanos, ropa, zapatos, mochilas y hasta una carta de despedida\u2026 En Sonora ya son varios los crematorios descubiertos y hasta se ha llegado a pensar que con esto se ha perdido la capacidad de asombro\u2026 Lo que es una verdadera pena es que esos terror\u00edficos lugares sean descubiertos por las madres buscadoras y no por la autoridad.<\/p>\n","protected":false},"excerpt":{"rendered":"<p>Columna De Primera Mano Francisco Javier Ruiz Quirr\u00edn Viene la Presidenta a Sonora: Urgente, tema del agua Martes 11 de marzo de 2025 EL GOBERNADOR Alfonso Durazo sostuvo una conversaci\u00f3n con la presidenta de la rep\u00fablica en palacio nacional y al salir inform\u00f3 que ella visitar\u00eda Sonora probablemente la primera semana de abril y que [&hellip;]<\/p>\n","protected":false},"author":1,"featured_media":25713,"comment_status":"open","ping_status":"open","sticky":false,"template":"","format":"standard","meta":{"content-type":"","footnotes":""},"categories":[124],"tags":[],"class_list":{"0":"post-25712","1":"post","2":"type-post","3":"status-publish","4":"format-standard","5":"has-post-thumbnail","7":"category-francisco-javier-ruiz-quirrin"},"_links":{"self":[{"href":"https:\/\/www.regioncuatronoticias.com\/index.php\/wp-json\/wp\/v2\/posts\/25712","targetHints":{"allow":["GET"]}}],"collection":[{"href":"https:\/\/www.regioncuatronoticias.com\/index.php\/wp-json\/wp\/v2\/posts"}],"about":[{"href":"https:\/\/www.regioncuatronoticias.com\/index.php\/wp-json\/wp\/v2\/types\/post"}],"author":[{"embeddable":true,"href":"https:\/\/www.regioncuatronoticias.com\/index.php\/wp-json\/wp\/v2\/users\/1"}],"replies":[{"embeddable":true,"href":"https:\/\/www.regioncuatronoticias.com\/index.php\/wp-json\/wp\/v2\/comments?post=25712"}],"version-history":[{"count":1,"href":"https:\/\/www.regioncuatronoticias.com\/index.php\/wp-json\/wp\/v2\/posts\/25712\/revisions"}],"predecessor-version":[{"id":25714,"href":"https:\/\/www.regioncuatronoticias.com\/index.php\/wp-json\/wp\/v2\/posts\/25712\/revisions\/25714"}],"wp:featuredmedia":[{"embeddable":true,"href":"https:\/\/www.regioncuatronoticias.com\/index.php\/wp-json\/wp\/v2\/media\/25713"}],"wp:attachment":[{"href":"https:\/\/www.regioncuatronoticias.com\/index.php\/wp-json\/wp\/v2\/media?parent=25712"}],"wp:term":[{"taxonomy":"category","embeddable":true,"href":"https:\/\/www.regioncuatronoticias.com\/index.php\/wp-json\/wp\/v2\/categories?post=25712"},{"taxonomy":"post_tag","embeddable":true,"href":"https:\/\/www.regioncuatronoticias.com\/index.php\/wp-json\/wp\/v2\/tags?post=25712"}],"curies":[{"name":"wp","href":"https:\/\/api.w.org\/{rel}","templated":true}]}}