{"id":25642,"date":"2025-03-10T00:01:27","date_gmt":"2025-03-10T07:01:27","guid":{"rendered":"https:\/\/www.regioncuatronoticias.com\/?p=25642"},"modified":"2025-03-10T00:06:36","modified_gmt":"2025-03-10T07:06:36","slug":"honrara-antonio-astiazaran-a-mujeres-con-beca-y-un-mural-de-palacio-municipal","status":"publish","type":"post","link":"https:\/\/www.regioncuatronoticias.com\/index.php\/2025\/03\/10\/honrara-antonio-astiazaran-a-mujeres-con-beca-y-un-mural-de-palacio-municipal\/","title":{"rendered":"Honrar\u00e1 Antonio Astiazar\u00e1n a mujeres con beca y un mural en Palacio Municipal"},"content":{"rendered":"\n<p><strong>-En reconocimiento a lo que la poblaci\u00f3n femenina aporta para hacer de Hermosillo un motivo de orgullo<\/strong><\/p>\n\n\n\n<p>Hermosillo, Sonora; 9 de marzo, 2025.- \u201cQuiero tambi\u00e9n por supuesto sumarme en este d\u00eda tan especial, este 8 de marzo a ese reconocimiento a tantas mujeres cuya lucha no ha sido en vano\u201d, expres\u00f3 el presidente municipal Antonio Astiazar\u00e1n, al encabezar el cierre de las actividades de la IV edici\u00f3n del programa Creactiva, encuentro de Mujeres en las Artes, en el D\u00eda Internacional de la Mujer.<\/p>\n\n\n\n<p>Acompa\u00f1ado por su esposa Patricia Ruibal Zaragoza, presidenta de DIF Hermosillo; Madeleine Bonnafoux, directora de dicha instituci\u00f3n y Marianna Gonz\u00e1lez Gast\u00e9lum, directora del Instituto Municipal de Cultura y Arte (IMCA), To\u00f1o Astiazar\u00e1n anunci\u00f3 un nuevo mecanismo para incentivar a creadoras de expresiones art\u00edsticas y culturales de la localidad.<\/p>\n\n\n\n<p>\u201cVamos a impulsar la creatividad de la mujer hermosillense, y lo vamos a hacer como se debe, con una beca, para que puedan detonar su creatividad, su inspiraci\u00f3n y que sirva esta creatividad para poder multiplicar a m\u00e1s talento, m\u00e1s innovaci\u00f3n, m\u00e1s creatividad, m\u00e1s arte, que nos sobra en nuestra ciudad y muy en especial en las mujeres hermosillenses\u201d, expres\u00f3.&nbsp;<\/p>\n\n\n\n<p>Anunci\u00f3 tambi\u00e9n la asignaci\u00f3n de un espacio en las paredes del Palacio Municipal donde la pintora Ethel Cooke elaborar\u00e1 un mural dedicado a las mujeres hermosillenses, que visibilice su aporte a la construcci\u00f3n de un Hermosillo motivo de orgullo para todas y todos.<\/p>\n\n\n\n<p>To\u00f1o Astiazar\u00e1n se sum\u00f3 el fin de semana a quienes estuvieron en la concha ac\u00fastica del Parque Madero, donde las ni\u00f1as y jovencitas que forman parte de la Orquesta Infantil y Juvenil de DIF Hermosillo ofrecieron el concierto \u201cEntrelazadas\u201d, con la direcci\u00f3n de la maestra Perla Aguilar Flores, como parte del variado repertorio de actividades de Creactiva, Encuentro de Mujeres en las Artes.<\/p>\n\n\n\n<p>Patricia Ruibal destac\u00f3 el impacto de la IV edici\u00f3n de este programa municipal como una excelente forma de visibilizar las expresiones art\u00edsticas de mujeres brillantes, sensibles y creativas que son inspiraci\u00f3n para la actual, y futuras &nbsp;generaciones.<\/p>\n","protected":false},"excerpt":{"rendered":"<p>-En reconocimiento a lo que la poblaci\u00f3n femenina aporta para hacer de Hermosillo un motivo de orgullo Hermosillo, Sonora; 9 de marzo, 2025.- \u201cQuiero tambi\u00e9n por supuesto sumarme en este d\u00eda tan especial, este 8 de marzo a ese reconocimiento a tantas mujeres cuya lucha no ha sido en vano\u201d, expres\u00f3 el presidente municipal Antonio [&hellip;]<\/p>\n","protected":false},"author":1,"featured_media":25648,"comment_status":"open","ping_status":"open","sticky":false,"template":"","format":"standard","meta":{"content-type":"","footnotes":""},"categories":[8],"tags":[],"class_list":{"0":"post-25642","1":"post","2":"type-post","3":"status-publish","4":"format-standard","5":"has-post-thumbnail","7":"category-hermosillo"},"_links":{"self":[{"href":"https:\/\/www.regioncuatronoticias.com\/index.php\/wp-json\/wp\/v2\/posts\/25642","targetHints":{"allow":["GET"]}}],"collection":[{"href":"https:\/\/www.regioncuatronoticias.com\/index.php\/wp-json\/wp\/v2\/posts"}],"about":[{"href":"https:\/\/www.regioncuatronoticias.com\/index.php\/wp-json\/wp\/v2\/types\/post"}],"author":[{"embeddable":true,"href":"https:\/\/www.regioncuatronoticias.com\/index.php\/wp-json\/wp\/v2\/users\/1"}],"replies":[{"embeddable":true,"href":"https:\/\/www.regioncuatronoticias.com\/index.php\/wp-json\/wp\/v2\/comments?post=25642"}],"version-history":[{"count":2,"href":"https:\/\/www.regioncuatronoticias.com\/index.php\/wp-json\/wp\/v2\/posts\/25642\/revisions"}],"predecessor-version":[{"id":25644,"href":"https:\/\/www.regioncuatronoticias.com\/index.php\/wp-json\/wp\/v2\/posts\/25642\/revisions\/25644"}],"wp:featuredmedia":[{"embeddable":true,"href":"https:\/\/www.regioncuatronoticias.com\/index.php\/wp-json\/wp\/v2\/media\/25648"}],"wp:attachment":[{"href":"https:\/\/www.regioncuatronoticias.com\/index.php\/wp-json\/wp\/v2\/media?parent=25642"}],"wp:term":[{"taxonomy":"category","embeddable":true,"href":"https:\/\/www.regioncuatronoticias.com\/index.php\/wp-json\/wp\/v2\/categories?post=25642"},{"taxonomy":"post_tag","embeddable":true,"href":"https:\/\/www.regioncuatronoticias.com\/index.php\/wp-json\/wp\/v2\/tags?post=25642"}],"curies":[{"name":"wp","href":"https:\/\/api.w.org\/{rel}","templated":true}]}}