{"id":25639,"date":"2025-03-09T22:11:57","date_gmt":"2025-03-10T05:11:57","guid":{"rendered":"https:\/\/www.regioncuatronoticias.com\/?p=25639"},"modified":"2025-03-10T00:03:06","modified_gmt":"2025-03-10T07:03:06","slug":"sonora-y-la-union-europea-convierten-a-guaymas-en-terminal-cero-emisiones","status":"publish","type":"post","link":"https:\/\/www.regioncuatronoticias.com\/index.php\/2025\/03\/09\/sonora-y-la-union-europea-convierten-a-guaymas-en-terminal-cero-emisiones\/","title":{"rendered":"Gobierno de Sonora y la Uni\u00f3n Europea convierten a Guaymas en Terminal Cero Emisiones"},"content":{"rendered":"\n<p>Hermosillo, Sonora; 9 de marzo de 2025.- La Uni\u00f3n Europea brindar\u00e1 la asesor\u00eda y apoyo t\u00e9cnico para que Guaymas se convierta en el primer puerto mexicano cero emisiones, anunci\u00f3 el gobernador Alfonso Durazo Monta\u00f1o, tras reunirse de manera virtual con integrantes de la Uni\u00f3n Europea.<\/p>\n\n\n\n<p>Al sostener comunicaci\u00f3n con el director para Am\u00e9rica Latina y el Caribe de la Comisi\u00f3n Europea, F\u00e9lix Fern\u00e1ndez -Shaw y el embajador de la Uni\u00f3n Europea en M\u00e9xico, Francisco Andr\u00e9, el gobernador Durazo destac\u00f3 el \u00e1nimo de colaboraci\u00f3n y entendimiento.<\/p>\n\n\n\n<p>El jefe del Ejecutivo estatal destac\u00f3 que a trav\u00e9s de la Secretar\u00eda de Marina (SEMAR), el Gobierno Federal moderniz\u00f3 la terminal portuaria de Guaymas y ahora se da un paso importante para seguir su transformaci\u00f3n.<\/p>\n\n\n\n<p>\u201cHemos llegado a un acuerdo de cooperaci\u00f3n con la Comisi\u00f3n Europea, que es el \u00f3rgano ejecutivo de la Uni\u00f3n Europea. Nos van a asesorar y apoyar para hacer de Guaymas el primer puerto mexicano cero emisiones, esto significar\u00e1 que en todas las operaciones que se realicen al interior del recinto, se cuidar\u00e1 que sean amigables con el medio ambiente\u201d, agreg\u00f3.<\/p>\n\n\n\n<p>El gobernador Durazo dijo que este acuerdo representa un paso significativo para que Sonora contin\u00fae liderando la transici\u00f3n energ\u00e9tica de M\u00e9xico.<\/p>\n\n\n\n<p>\u201cEn el marco del Plan Sonora de Energ\u00edas Sostenibles llegamos a este acuerdo de cooperaci\u00f3n. Hoy damos un mensaje de unidad y de compromiso con el medio ambiente\u201d, agreg\u00f3.<\/p>\n\n\n\n<p>Por su parte, el presidente Ejecutivo del Consejo para el Desarrollo Sostenible de Sonora (Codeso), Francisco Acu\u00f1a M\u00e9ndez, explic\u00f3 que la tendencia en el sector portuario es contribuir a reducir las emisiones de gases contaminantes.<\/p>\n\n\n\n<p>A la reuni\u00f3n asistieron el capit\u00e1n de Altura, Manuel Fernando Guti\u00e9rrez, coordinador General de Puertos y Marina Mercante de la Secretar\u00eda de Marina (SEMAR), as\u00ed como el ingeniero Ernesto Gastelum, director General de Asipona Guaymas.<\/p>\n","protected":false},"excerpt":{"rendered":"<p>Hermosillo, Sonora; 9 de marzo de 2025.- La Uni\u00f3n Europea brindar\u00e1 la asesor\u00eda y apoyo t\u00e9cnico para que Guaymas se convierta en el primer puerto mexicano cero emisiones, anunci\u00f3 el gobernador Alfonso Durazo Monta\u00f1o, tras reunirse de manera virtual con integrantes de la Uni\u00f3n Europea. Al sostener comunicaci\u00f3n con el director para Am\u00e9rica Latina y [&hellip;]<\/p>\n","protected":false},"author":1,"featured_media":25640,"comment_status":"open","ping_status":"open","sticky":false,"template":"","format":"standard","meta":{"content-type":"","footnotes":""},"categories":[117,105,9],"tags":[],"class_list":{"0":"post-25639","1":"post","2":"type-post","3":"status-publish","4":"format-standard","5":"has-post-thumbnail","7":"category-general","8":"category-principal","9":"category-sonora"},"_links":{"self":[{"href":"https:\/\/www.regioncuatronoticias.com\/index.php\/wp-json\/wp\/v2\/posts\/25639","targetHints":{"allow":["GET"]}}],"collection":[{"href":"https:\/\/www.regioncuatronoticias.com\/index.php\/wp-json\/wp\/v2\/posts"}],"about":[{"href":"https:\/\/www.regioncuatronoticias.com\/index.php\/wp-json\/wp\/v2\/types\/post"}],"author":[{"embeddable":true,"href":"https:\/\/www.regioncuatronoticias.com\/index.php\/wp-json\/wp\/v2\/users\/1"}],"replies":[{"embeddable":true,"href":"https:\/\/www.regioncuatronoticias.com\/index.php\/wp-json\/wp\/v2\/comments?post=25639"}],"version-history":[{"count":2,"href":"https:\/\/www.regioncuatronoticias.com\/index.php\/wp-json\/wp\/v2\/posts\/25639\/revisions"}],"predecessor-version":[{"id":25645,"href":"https:\/\/www.regioncuatronoticias.com\/index.php\/wp-json\/wp\/v2\/posts\/25639\/revisions\/25645"}],"wp:featuredmedia":[{"embeddable":true,"href":"https:\/\/www.regioncuatronoticias.com\/index.php\/wp-json\/wp\/v2\/media\/25640"}],"wp:attachment":[{"href":"https:\/\/www.regioncuatronoticias.com\/index.php\/wp-json\/wp\/v2\/media?parent=25639"}],"wp:term":[{"taxonomy":"category","embeddable":true,"href":"https:\/\/www.regioncuatronoticias.com\/index.php\/wp-json\/wp\/v2\/categories?post=25639"},{"taxonomy":"post_tag","embeddable":true,"href":"https:\/\/www.regioncuatronoticias.com\/index.php\/wp-json\/wp\/v2\/tags?post=25639"}],"curies":[{"name":"wp","href":"https:\/\/api.w.org\/{rel}","templated":true}]}}