{"id":25636,"date":"2025-03-09T22:07:50","date_gmt":"2025-03-10T05:07:50","guid":{"rendered":"https:\/\/www.regioncuatronoticias.com\/?p=25636"},"modified":"2025-03-09T22:07:55","modified_gmt":"2025-03-10T05:07:55","slug":"respalda-gobernador-alfonso-durazo-estrategia-de-presidenta-sheinbaum-para-fortalecer-economia-del-pais","status":"publish","type":"post","link":"https:\/\/www.regioncuatronoticias.com\/index.php\/2025\/03\/09\/respalda-gobernador-alfonso-durazo-estrategia-de-presidenta-sheinbaum-para-fortalecer-economia-del-pais\/","title":{"rendered":"Respalda gobernador Alfonso Durazo estrategia de Presidenta Sheinbaum para fortalecer econom\u00eda del pa\u00eds"},"content":{"rendered":"\n<p><strong>-El mandatario manifest\u00f3 su respaldo total a la estrategia de la presidenta Claudia Sheinbaum para mantener el di\u00e1logo y la negociaci\u00f3n con Estados Unidos, con el objetivo de proteger la estabilidad comercial de M\u00e9xico.<\/strong><\/p>\n\n\n\n<p><strong>-En coordinaci\u00f3n con el sector privado y el gobierno federal, la entidad sonorense implementar\u00e1 acciones para mitigar posibles efectos de los aranceles y fortalecer la competitividad econ\u00f3mica del estado y del pa\u00eds.<\/strong><\/p>\n\n\n\n<p>Hermosillo, Sonora; 9 de marzo de 2025.- El gobernador Alfonso Durazo Monta\u00f1o reiter\u00f3 su respaldo total a las acciones del Gobierno de M\u00e9xico, encabezadas por la presidenta Claudia Sheinbaum Pardo, para fortalecer la estrategia econ\u00f3mica del pa\u00eds y cerrar filas en defensa de la soberan\u00eda y del pueblo de M\u00e9xico ante la posible imposici\u00f3n de aranceles por parte de Estados Unidos.<\/p>\n\n\n\n<p>El mandatario estatal, presente en el Z\u00f3calo de la Ciudad de M\u00e9xico junto a miles de ciudadanos, celebr\u00f3 la cancelaci\u00f3n temporal de los aranceles impuestos por el gobierno estadounidense por un mes m\u00e1s y respald\u00f3 la estrategia de la presidenta Sheinbaum para fortalecer la econom\u00eda del pa\u00eds.<\/p>\n\n\n\n<p>\u201cRespaldamos la visi\u00f3n de la presidenta Claudia Sheinbaum de mantener abiertos los canales de di\u00e1logo y negociaci\u00f3n para atender las implicaciones de esta medida y proteger la estabilidad comercial. M\u00e9xico seguir\u00e1 siendo una naci\u00f3n soberana, independiente y libre, con una firme defensa de su dignidad y de su econom\u00eda\u201d, afirm\u00f3.<\/p>\n\n\n\n<p>El titular del Ejecutivo estatal destac\u00f3 que en Sonora, en coordinaci\u00f3n con el sector privado y el gobierno federal, se implementar\u00e1n estrategias para mitigar los efectos de esta situaci\u00f3n y fortalecer la competitividad econ\u00f3mica del estado y del pa\u00eds.<\/p>\n\n\n\n<p>El gobernador Durazo Monta\u00f1o reafirm\u00f3 su compromiso con el desarrollo y bienestar de las y los sonorenses, trabajando en conjunto con el Gobierno de M\u00e9xico para impulsar medidas que protejan la estabilidad comercial del pa\u00eds.<\/p>\n","protected":false},"excerpt":{"rendered":"<p>-El mandatario manifest\u00f3 su respaldo total a la estrategia de la presidenta Claudia Sheinbaum para mantener el di\u00e1logo y la negociaci\u00f3n con Estados Unidos, con el objetivo de proteger la estabilidad comercial de M\u00e9xico. -En coordinaci\u00f3n con el sector privado y el gobierno federal, la entidad sonorense implementar\u00e1 acciones para mitigar posibles efectos de los [&hellip;]<\/p>\n","protected":false},"author":1,"featured_media":25637,"comment_status":"open","ping_status":"open","sticky":false,"template":"","format":"standard","meta":{"content-type":"","footnotes":""},"categories":[115,105,9],"tags":[],"class_list":{"0":"post-25636","1":"post","2":"type-post","3":"status-publish","4":"format-standard","5":"has-post-thumbnail","7":"category-politica","8":"category-principal","9":"category-sonora"},"_links":{"self":[{"href":"https:\/\/www.regioncuatronoticias.com\/index.php\/wp-json\/wp\/v2\/posts\/25636","targetHints":{"allow":["GET"]}}],"collection":[{"href":"https:\/\/www.regioncuatronoticias.com\/index.php\/wp-json\/wp\/v2\/posts"}],"about":[{"href":"https:\/\/www.regioncuatronoticias.com\/index.php\/wp-json\/wp\/v2\/types\/post"}],"author":[{"embeddable":true,"href":"https:\/\/www.regioncuatronoticias.com\/index.php\/wp-json\/wp\/v2\/users\/1"}],"replies":[{"embeddable":true,"href":"https:\/\/www.regioncuatronoticias.com\/index.php\/wp-json\/wp\/v2\/comments?post=25636"}],"version-history":[{"count":1,"href":"https:\/\/www.regioncuatronoticias.com\/index.php\/wp-json\/wp\/v2\/posts\/25636\/revisions"}],"predecessor-version":[{"id":25638,"href":"https:\/\/www.regioncuatronoticias.com\/index.php\/wp-json\/wp\/v2\/posts\/25636\/revisions\/25638"}],"wp:featuredmedia":[{"embeddable":true,"href":"https:\/\/www.regioncuatronoticias.com\/index.php\/wp-json\/wp\/v2\/media\/25637"}],"wp:attachment":[{"href":"https:\/\/www.regioncuatronoticias.com\/index.php\/wp-json\/wp\/v2\/media?parent=25636"}],"wp:term":[{"taxonomy":"category","embeddable":true,"href":"https:\/\/www.regioncuatronoticias.com\/index.php\/wp-json\/wp\/v2\/categories?post=25636"},{"taxonomy":"post_tag","embeddable":true,"href":"https:\/\/www.regioncuatronoticias.com\/index.php\/wp-json\/wp\/v2\/tags?post=25636"}],"curies":[{"name":"wp","href":"https:\/\/api.w.org\/{rel}","templated":true}]}}