{"id":25633,"date":"2025-03-09T21:53:35","date_gmt":"2025-03-10T04:53:35","guid":{"rendered":"https:\/\/www.regioncuatronoticias.com\/?p=25633"},"modified":"2025-03-09T21:53:38","modified_gmt":"2025-03-10T04:53:38","slug":"murio-isabel-miranda-de-wallace-fundadora-de-alto-al-secuestro","status":"publish","type":"post","link":"https:\/\/www.regioncuatronoticias.com\/index.php\/2025\/03\/09\/murio-isabel-miranda-de-wallace-fundadora-de-alto-al-secuestro\/","title":{"rendered":"Muri\u00f3 Isabel Miranda de Wallace, fundadora de Alto al Secuestro"},"content":{"rendered":"\n<p><strong>Isabel Miranda de Wallace, fundadora de la organizaci\u00f3n Alto Secuestro, muri\u00f3 este s\u00e1bado a los 73 a\u00f1os<\/strong><\/p>\n\n\n\n<p>Tomado de L\u00f3pez-D\u00f3riga Digital<\/p>\n\n\n\n<p>Redacci\u00f3n<\/p>\n\n\n\n<p>S\u00e1bado 8 de marzo de 2025<\/p>\n\n\n\n<p>El deceso de la activista ocurri\u00f3 este s\u00e1bado tras complicaciones por una intervenci\u00f3n quir\u00fargica.<\/p>\n\n\n\n<p>En el 2005, emprendi\u00f3 una campa\u00f1a a nivel nacional para exigir justicia por el secuestro y desaparici\u00f3n de su hijo, Hugo Alberto Wallace Miranda.<\/p>\n\n\n\n<p>Fue la propia Miranda de Wallace quien emprendi\u00f3 la investigaci\u00f3n sobre el caso de su hijo, logrando la captura de varios responsables.<\/p>\n\n\n\n<p>Fund\u00f3 la organizaci\u00f3n Alto al Secuestro, dedicada a apoyar a las v\u00edctimas de este delito.<\/p>\n\n\n\n<p>Tambi\u00e9n particip\u00f3 en la pol\u00edtica, siendo candidata del PAN a la Jefatura de Gobierno de la Ciudad de M\u00e9xico en el a\u00f1o 2012.<\/p>\n\n\n\n<p>En 2010, recibi\u00f3 el Premio Nacional de Derechos Humanos de manos del entonces presidente Felipe Calder\u00f3n.<\/p>\n\n\n\n<p>Con informaci\u00f3n de L\u00f3pez-D\u00f3riga Digital<\/p>\n\n\n\n<p><a href=\"https:\/\/lopezdoriga.com\/nacional\/murio-isabel-miranda-de-wallace-fundadora-alto-secuestro\/\">https:\/\/lopezdoriga.com\/nacional\/murio-isabel-miranda-de-wallace-fundadora-alto-secuestro\/<\/a><\/p>\n","protected":false},"excerpt":{"rendered":"<p>Isabel Miranda de Wallace, fundadora de la organizaci\u00f3n Alto Secuestro, muri\u00f3 este s\u00e1bado a los 73 a\u00f1os Tomado de L\u00f3pez-D\u00f3riga Digital Redacci\u00f3n S\u00e1bado 8 de marzo de 2025 El deceso de la activista ocurri\u00f3 este s\u00e1bado tras complicaciones por una intervenci\u00f3n quir\u00fargica. En el 2005, emprendi\u00f3 una campa\u00f1a a nivel nacional para exigir justicia por [&hellip;]<\/p>\n","protected":false},"author":1,"featured_media":25634,"comment_status":"open","ping_status":"open","sticky":false,"template":"","format":"standard","meta":{"content-type":"","footnotes":""},"categories":[3,105],"tags":[],"class_list":{"0":"post-25633","1":"post","2":"type-post","3":"status-publish","4":"format-standard","5":"has-post-thumbnail","7":"category-mexico","8":"category-principal"},"_links":{"self":[{"href":"https:\/\/www.regioncuatronoticias.com\/index.php\/wp-json\/wp\/v2\/posts\/25633","targetHints":{"allow":["GET"]}}],"collection":[{"href":"https:\/\/www.regioncuatronoticias.com\/index.php\/wp-json\/wp\/v2\/posts"}],"about":[{"href":"https:\/\/www.regioncuatronoticias.com\/index.php\/wp-json\/wp\/v2\/types\/post"}],"author":[{"embeddable":true,"href":"https:\/\/www.regioncuatronoticias.com\/index.php\/wp-json\/wp\/v2\/users\/1"}],"replies":[{"embeddable":true,"href":"https:\/\/www.regioncuatronoticias.com\/index.php\/wp-json\/wp\/v2\/comments?post=25633"}],"version-history":[{"count":1,"href":"https:\/\/www.regioncuatronoticias.com\/index.php\/wp-json\/wp\/v2\/posts\/25633\/revisions"}],"predecessor-version":[{"id":25635,"href":"https:\/\/www.regioncuatronoticias.com\/index.php\/wp-json\/wp\/v2\/posts\/25633\/revisions\/25635"}],"wp:featuredmedia":[{"embeddable":true,"href":"https:\/\/www.regioncuatronoticias.com\/index.php\/wp-json\/wp\/v2\/media\/25634"}],"wp:attachment":[{"href":"https:\/\/www.regioncuatronoticias.com\/index.php\/wp-json\/wp\/v2\/media?parent=25633"}],"wp:term":[{"taxonomy":"category","embeddable":true,"href":"https:\/\/www.regioncuatronoticias.com\/index.php\/wp-json\/wp\/v2\/categories?post=25633"},{"taxonomy":"post_tag","embeddable":true,"href":"https:\/\/www.regioncuatronoticias.com\/index.php\/wp-json\/wp\/v2\/tags?post=25633"}],"curies":[{"name":"wp","href":"https:\/\/api.w.org\/{rel}","templated":true}]}}