{"id":25627,"date":"2025-03-09T21:37:35","date_gmt":"2025-03-10T04:37:35","guid":{"rendered":"https:\/\/www.regioncuatronoticias.com\/?p=25627"},"modified":"2025-03-09T21:37:37","modified_gmt":"2025-03-10T04:37:37","slug":"asesinan-a-un-agente-ministerial-y-a-su-esposa-en-ataque-armado-en-altar","status":"publish","type":"post","link":"https:\/\/www.regioncuatronoticias.com\/index.php\/2025\/03\/09\/asesinan-a-un-agente-ministerial-y-a-su-esposa-en-ataque-armado-en-altar\/","title":{"rendered":"Asesinan a un agente ministerial y a su esposa en ataque armado en Altar"},"content":{"rendered":"\n<p><strong>A trav\u00e9s de un comunicado, la autoridad inform\u00f3 que en el lugar fue encontrado un autom\u00f3vil sed\u00e1n blanco con da\u00f1os en el parabrisas, en cuyo interior se hallaban las v\u00edctimas en los asientos del conductor y copiloto<\/strong><\/p>\n\n\n\n<p>Tomado de Latinus<\/p>\n\n\n\n<p>Redacci\u00f3n<\/p>\n\n\n\n<p>S\u00e1bado 8 de marzo de 2025<\/p>\n\n\n\n<p>La fiscal\u00eda de Sonora confirm\u00f3 el asesinato de un agente de la Agencia Ministerial de Investigaci\u00f3n Criminal (AMIC) y su esposa, quienes fueron atacados a balazos cuando sal\u00edan de una tienda de conveniencia en la que hab\u00edan comprado alimentos.<\/p>\n\n\n\n<p>Las v\u00edctimas, identificadas como Roberto Eduardo \u201cN\u201d y Marisela \u201cN\u201d, fueron asesinadas en un ataque ocurrido en la calle Plutarco El\u00edas Calles, en la carretera Altar-Oquitoa, en el municipio de Altar, Sonora.<\/p>\n\n\n\n<p>A trav\u00e9s de un comunicado, la autoridad inform\u00f3 que en el lugar fue encontrado un autom\u00f3vil sed\u00e1n blanco con da\u00f1os en el parabrisas, en cuyo interior se hallaban las v\u00edctimas en los asientos del conductor y copiloto.<\/p>\n\n\n\n<p>La fiscal\u00eda de Sonora indic\u00f3 que ya se inici\u00f3 una carpeta de investigaci\u00f3n sobre el caso.<\/p>\n\n\n\n<p>Tras el ataque, la autoridad inform\u00f3 en su cuenta de X, que personal de Servicios Periciales y agentes ministeriales realizaron las diligencias pertinentes, procesando la escena, recolectando indicios y llevando a cabo un an\u00e1lisis bal\u00edstico para esclarecer los hechos y dar con los responsables.<a href=\"https:\/\/latinus.us\/mexico\/2025\/3\/7\/asesinan-un-agente-ministerial-su-esposa-en-ataque-armado-en-sonora-136823.html\">https:\/\/latinus.us\/mexico\/2025\/3\/7\/asesinan-un-agente-ministerial-su-esposa-en-ataque-armado-en-sonora-136823.html<\/a><\/p>\n","protected":false},"excerpt":{"rendered":"<p>A trav\u00e9s de un comunicado, la autoridad inform\u00f3 que en el lugar fue encontrado un autom\u00f3vil sed\u00e1n blanco con da\u00f1os en el parabrisas, en cuyo interior se hallaban las v\u00edctimas en los asientos del conductor y copiloto Tomado de Latinus Redacci\u00f3n S\u00e1bado 8 de marzo de 2025 La fiscal\u00eda de Sonora confirm\u00f3 el asesinato de [&hellip;]<\/p>\n","protected":false},"author":1,"featured_media":25628,"comment_status":"open","ping_status":"open","sticky":false,"template":"","format":"standard","meta":{"content-type":"","footnotes":""},"categories":[105,113],"tags":[],"class_list":{"0":"post-25627","1":"post","2":"type-post","3":"status-publish","4":"format-standard","5":"has-post-thumbnail","7":"category-principal","8":"category-seguridad"},"_links":{"self":[{"href":"https:\/\/www.regioncuatronoticias.com\/index.php\/wp-json\/wp\/v2\/posts\/25627","targetHints":{"allow":["GET"]}}],"collection":[{"href":"https:\/\/www.regioncuatronoticias.com\/index.php\/wp-json\/wp\/v2\/posts"}],"about":[{"href":"https:\/\/www.regioncuatronoticias.com\/index.php\/wp-json\/wp\/v2\/types\/post"}],"author":[{"embeddable":true,"href":"https:\/\/www.regioncuatronoticias.com\/index.php\/wp-json\/wp\/v2\/users\/1"}],"replies":[{"embeddable":true,"href":"https:\/\/www.regioncuatronoticias.com\/index.php\/wp-json\/wp\/v2\/comments?post=25627"}],"version-history":[{"count":1,"href":"https:\/\/www.regioncuatronoticias.com\/index.php\/wp-json\/wp\/v2\/posts\/25627\/revisions"}],"predecessor-version":[{"id":25629,"href":"https:\/\/www.regioncuatronoticias.com\/index.php\/wp-json\/wp\/v2\/posts\/25627\/revisions\/25629"}],"wp:featuredmedia":[{"embeddable":true,"href":"https:\/\/www.regioncuatronoticias.com\/index.php\/wp-json\/wp\/v2\/media\/25628"}],"wp:attachment":[{"href":"https:\/\/www.regioncuatronoticias.com\/index.php\/wp-json\/wp\/v2\/media?parent=25627"}],"wp:term":[{"taxonomy":"category","embeddable":true,"href":"https:\/\/www.regioncuatronoticias.com\/index.php\/wp-json\/wp\/v2\/categories?post=25627"},{"taxonomy":"post_tag","embeddable":true,"href":"https:\/\/www.regioncuatronoticias.com\/index.php\/wp-json\/wp\/v2\/tags?post=25627"}],"curies":[{"name":"wp","href":"https:\/\/api.w.org\/{rel}","templated":true}]}}