{"id":25624,"date":"2025-03-09T21:15:11","date_gmt":"2025-03-10T04:15:11","guid":{"rendered":"https:\/\/www.regioncuatronoticias.com\/?p=25624"},"modified":"2025-03-09T21:15:13","modified_gmt":"2025-03-10T04:15:13","slug":"8m-mujeres-toman-las-calles-de-hermosillo-y-alzan-la-voz","status":"publish","type":"post","link":"https:\/\/www.regioncuatronoticias.com\/index.php\/2025\/03\/09\/8m-mujeres-toman-las-calles-de-hermosillo-y-alzan-la-voz\/","title":{"rendered":"8M: Mujeres toman las calles de Hermosillo y alzan la voz"},"content":{"rendered":"\n<p><strong>Miles de personas se sumaron a la marcha del D\u00eda Internacional de la Mujer para exigir justicia e igualdad de g\u00e9nero<\/strong><\/p>\n\n\n\n<p>Tomado de El Sol de Hermosillo<\/p>\n\n\n\n<p>Gustavo Moreno<\/p>\n\n\n\n<p>S\u00e1bado 8 de marzo de 2025<\/p>\n\n\n\n<p>Miles de personas marcharon por las principales calles de Hermosillo este 8 de marzo como una enorme ola violeta para exigir justicia e igualdad hacia las mujeres.<\/p>\n\n\n\n<p>La ya tradicional marcha conmemorativa al D\u00eda Internacional de la Mujer inici\u00f3 alrededor de las 17:00 horas en las escalinatas de la Universidad de Sonora (Unison), en pleno centro hist\u00f3rico de la capital sonorense.<\/p>\n\n\n\n<p>El clamor y la exigencia se hizo notar a trav\u00e9s de las m\u00faltiples consignas que se entonaban y los carteles que portaban las cientos de mujeres de todas las edades, incluyendo hombres, que participaron en esta actividad.<\/p>\n\n\n\n<p>\u201cEl patriarcado se va a caer\u201d, \u201cQueremos salir a la calle sin miedo\u201d, \u201cSe\u00f1or, se\u00f1ora, no sea indiferente, se mata a las mujeres en la cara de la gente\u201d, son algunos de los mensajes que se pudieron escuchar y leer en la manifestaci\u00f3n.<\/p>\n\n\n\n<p>Ser\u00e1 en las sedes del Poder Legislativo y Judicial, as\u00ed como en el Ejecutivo, donde el contingente finalice la marcha para presentar un mensaje hacia las autoridades con la finalidad de que se realicen acciones a favor de las mujeres.<\/p>\n\n\n\n<p><strong>Exigencia que no cesa<\/strong><\/p>\n\n\n\n<p>Luego de manifestarse en una marcha por las calles de Hermosillo, las miles de mujeres protestaron frente al Poder Judicial del Estado y el Congreso de Sonora, con gritos, quemas, pintas, alusivas a la lucha contra la violencia de g\u00e9nero.<\/p>\n\n\n\n<p>Para las 18:00 horas, el contingente de manifestantes lleg\u00f3 a las afueras del edificio del Supremo Tribunal de Justicia, donde alzaron la voz a trav\u00e9s de la iconoclasia, prendiendo fuego a cartulinas y pintando con aerosoles mensajes de protesta en las paredes y el suelo.<\/p>\n\n\n\n<p>La mayor\u00eda de estas pintas est\u00e1n relacionadas con casos de violencia y abuso hacia las mujeres, todav\u00eda sin resolver ante el Poder Judicial.<\/p>\n\n\n\n<p>Mientras tanto, en la Plaza Bicentenario se llevaron a cabo interpretaciones musicales y declamaci\u00f3n de poes\u00eda feminista, para exigir a las autoridades y la sociedad en general, un freno hacia la violencia de g\u00e9nero en sus diversas expresiones.<\/p>\n\n\n\n<p>Entre las diferentes manifestaciones, las marcas de las manos de colores violetas y verdes cubrieron diferentes cartulinas e incluso esculturas art\u00edsticas, simbolizando la uni\u00f3n de las mujeres este 8 de Marzo.<\/p>\n\n\n\n<p>A la par que se realizaron presentaciones de arte y m\u00fasica, al Poder Judicial del Estado arribaran mujeres polic\u00edas de la corporaci\u00f3n estatal y municipal.<\/p>\n\n\n\n<p>Las agentes formaron una cadena humana para alejar a las manifestantes del edificio del Supremo Tribunal de Justicia, as\u00ed como para sofocar el fuego de las cartulinas que estaban quemando en se\u00f1al de protesta.<\/p>\n\n\n\n<p>Como resultado, una oficial de la Polic\u00eda Municipal result\u00f3 con lesiones por inhalaci\u00f3n de humo, siendo atendida por param\u00e9dicos de la corporaci\u00f3n y del Departamento de Bomberos de Hermosillo.<\/p>\n\n\n\n<p><a href=\"https:\/\/oem.com.mx\/elsoldehermosillo\/local\/8m-mujeres-toman-las-calles-de-hermosillo-y-alzan-la-voz-22066136\">https:\/\/oem.com.mx\/elsoldehermosillo\/local\/8m-mujeres-toman-las-calles-de-hermosillo-y-alzan-la-voz-22066136<\/a><\/p>\n","protected":false},"excerpt":{"rendered":"<p>Miles de personas se sumaron a la marcha del D\u00eda Internacional de la Mujer para exigir justicia e igualdad de g\u00e9nero Tomado de El Sol de Hermosillo Gustavo Moreno S\u00e1bado 8 de marzo de 2025 Miles de personas marcharon por las principales calles de Hermosillo este 8 de marzo como una enorme ola violeta para [&hellip;]<\/p>\n","protected":false},"author":1,"featured_media":25625,"comment_status":"open","ping_status":"open","sticky":false,"template":"","format":"standard","meta":{"content-type":"","footnotes":""},"categories":[8,115,105],"tags":[],"class_list":{"0":"post-25624","1":"post","2":"type-post","3":"status-publish","4":"format-standard","5":"has-post-thumbnail","7":"category-hermosillo","8":"category-politica","9":"category-principal"},"_links":{"self":[{"href":"https:\/\/www.regioncuatronoticias.com\/index.php\/wp-json\/wp\/v2\/posts\/25624","targetHints":{"allow":["GET"]}}],"collection":[{"href":"https:\/\/www.regioncuatronoticias.com\/index.php\/wp-json\/wp\/v2\/posts"}],"about":[{"href":"https:\/\/www.regioncuatronoticias.com\/index.php\/wp-json\/wp\/v2\/types\/post"}],"author":[{"embeddable":true,"href":"https:\/\/www.regioncuatronoticias.com\/index.php\/wp-json\/wp\/v2\/users\/1"}],"replies":[{"embeddable":true,"href":"https:\/\/www.regioncuatronoticias.com\/index.php\/wp-json\/wp\/v2\/comments?post=25624"}],"version-history":[{"count":1,"href":"https:\/\/www.regioncuatronoticias.com\/index.php\/wp-json\/wp\/v2\/posts\/25624\/revisions"}],"predecessor-version":[{"id":25626,"href":"https:\/\/www.regioncuatronoticias.com\/index.php\/wp-json\/wp\/v2\/posts\/25624\/revisions\/25626"}],"wp:featuredmedia":[{"embeddable":true,"href":"https:\/\/www.regioncuatronoticias.com\/index.php\/wp-json\/wp\/v2\/media\/25625"}],"wp:attachment":[{"href":"https:\/\/www.regioncuatronoticias.com\/index.php\/wp-json\/wp\/v2\/media?parent=25624"}],"wp:term":[{"taxonomy":"category","embeddable":true,"href":"https:\/\/www.regioncuatronoticias.com\/index.php\/wp-json\/wp\/v2\/categories?post=25624"},{"taxonomy":"post_tag","embeddable":true,"href":"https:\/\/www.regioncuatronoticias.com\/index.php\/wp-json\/wp\/v2\/tags?post=25624"}],"curies":[{"name":"wp","href":"https:\/\/api.w.org\/{rel}","templated":true}]}}