{"id":25606,"date":"2025-03-09T19:48:41","date_gmt":"2025-03-10T02:48:41","guid":{"rendered":"https:\/\/www.regioncuatronoticias.com\/?p=25606"},"modified":"2025-03-09T19:48:43","modified_gmt":"2025-03-10T02:48:43","slug":"garantiza-alfonso-durazo-justicia-a-las-mujeres-con-primera-defensoria-juridica","status":"publish","type":"post","link":"https:\/\/www.regioncuatronoticias.com\/index.php\/2025\/03\/09\/garantiza-alfonso-durazo-justicia-a-las-mujeres-con-primera-defensoria-juridica\/","title":{"rendered":"Garantiza Alfonso Durazo justicia a las mujeres con primera defensor\u00eda jur\u00eddica"},"content":{"rendered":"\n<p><strong>-En un hecho sin precedentes, el gobernador Alfonso Durazo Monta\u00f1o anunci\u00f3 la primera Defensor\u00eda de las Mujeres en el Gobierno de Sonora para garantizar el acceso a la justicia en temas jur\u00eddicos con asesor\u00eda legal, encabezada por abogadas especializadas en perspectiva de g\u00e9nero, casos de violencia de g\u00e9nero, en material familiar, penal y laboral.<\/strong><\/p>\n\n\n\n<p><strong>-En el marco de la conmemoraci\u00f3n del D\u00eda Internacional de las Mujeres, el mandatario estatal anunci\u00f3 tambi\u00e9n la instauraci\u00f3n de los Centros LIBRES para brindar atenci\u00f3n integral a las mujeres, directamente en los municipios con Declaratoria de Alerta de Violencia de G\u00e9nero contra las Mujeres (DAVGM): Cajeme, Empalme, Guaymas, Hermosillo, Nogales, San Luis R\u00edo Colorado; adem\u00e1s de Agua Prieta, Cananea, Caborca, Moctezuma, Huatabampo, Etchojoa, Ures, Magdalena, Navojoa, Santa Ana, Bavispe, Opodepe, y Puerto Pe\u00f1asco.<\/strong><\/p>\n\n\n\n<p>Hermosillo, Sonora; 7 de marzo de 2025.- Por primera vez en la historia de la entidad, las mujeres contar\u00e1n con asesor\u00eda jur\u00eddica gratuita en el Gobierno de Sonora, a trav\u00e9s de la Defensor\u00eda de las Mujeres con abogadas especializadas en perspectiva y violencia de g\u00e9nero, anunci\u00f3 el gobernador Alfonso Durazo Monta\u00f1o.<\/p>\n\n\n\n<p>Esta estrategia busca brindar desde la Secretar\u00eda de las Mujeres, representaci\u00f3n legal con perspectiva de g\u00e9nero en derecho penal, familiar y laboral para v\u00edctimas en situaci\u00f3n de violencia que carecen de recursos econ\u00f3micos para acceder a servicios legales privados.<\/p>\n\n\n\n<p>En el marco de la conmemoraci\u00f3n del D\u00eda Internacional de las Mujeres, el mandatario estatal, acompa\u00f1ado de su esposa Mar\u00eda del Roc\u00edo Ch\u00e1vez Murillo y de su hija Mar\u00eda del Mar Durazo Ch\u00e1vez, dio a conocer la instauraci\u00f3n de los Centros LIBRES para brindar atenci\u00f3n integral a las mujeres, directamente en los municipios con Declaratoria de Alerta de Violencia de G\u00e9nero contra las Mujeres (DAVGM): Cajeme, Empalme, Guaymas, Hermosillo, Nogales y San Luis R\u00edo Colorado.<\/p>\n\n\n\n<p>Adem\u00e1s, se ofrecer\u00e1n servicios en Agua Prieta, Cananea, Caborca, Moctezuma, Huatabampo, Etchojoa, Ures, Magdalena, Navojoa, Santa Ana, Bavispe, Opodepe, y Puerto Pe\u00f1asco.<\/p>\n\n\n\n<p>\u201cHay una agenda hist\u00f3rica del movimiento progresista, y decirles a ustedes que hago m\u00eda esa agenda, sin regateo alguno, toda esa agenda de la lucha hist\u00f3rica de las mujeres progresistas la hago m\u00eda, y voy a sumar mi esfuerzo en lo que resta de mi gobierno para materializar progresivamente cada una de esas demandas, en esa lucha me van a encontrar, invariablemente, a su lado\u201d, indic\u00f3.<\/p>\n\n\n\n<p>En materia familiar se brindar\u00e1 apoyo en procedimientos de divorcio, pensi\u00f3n alimenticia para hijas e hijos, pensi\u00f3n compensatoria, entre otros; en el rubro penal se atender\u00e1n delitos como violencia familiar, abuso sexual, violaci\u00f3n, acoso y hostigamiento sexual, violaci\u00f3n a la intimidad sexual y maltrato infantil; y en el \u00e1mbito laboral, los servicios abarcar\u00e1n demandas por despido injustificado con elementos de g\u00e9nero, acoso y hostigamiento laboral y\/o sexual.<\/p>\n\n\n\n<p>Al respecto, Sheila Hern\u00e1ndez Alcaraz, secretaria de las Mujeres, mencion\u00f3 que esta iniciativa reafirma la importancia de seguir impulsando acciones conjuntas para el pleno respeto de sus derechos, la igualdad sustantiva y una vida libre de violencia y de cualquier tipo de discriminaci\u00f3n hacia ellas.<\/p>\n\n\n\n<p>\u201cDesde la Secretar\u00eda de las Mujeres les aseguro que seguimos trabajando por los y las sonorenses, y considero que la mejor forma de lograrlo es seguir sumando esfuerzos entre todas y todos\u201d, coment\u00f3.<\/p>\n","protected":false},"excerpt":{"rendered":"<p>-En un hecho sin precedentes, el gobernador Alfonso Durazo Monta\u00f1o anunci\u00f3 la primera Defensor\u00eda de las Mujeres en el Gobierno de Sonora para garantizar el acceso a la justicia en temas jur\u00eddicos con asesor\u00eda legal, encabezada por abogadas especializadas en perspectiva de g\u00e9nero, casos de violencia de g\u00e9nero, en material familiar, penal y laboral. -En [&hellip;]<\/p>\n","protected":false},"author":1,"featured_media":25607,"comment_status":"open","ping_status":"open","sticky":false,"template":"","format":"standard","meta":{"content-type":"","footnotes":""},"categories":[105,9],"tags":[],"class_list":{"0":"post-25606","1":"post","2":"type-post","3":"status-publish","4":"format-standard","5":"has-post-thumbnail","7":"category-principal","8":"category-sonora"},"_links":{"self":[{"href":"https:\/\/www.regioncuatronoticias.com\/index.php\/wp-json\/wp\/v2\/posts\/25606","targetHints":{"allow":["GET"]}}],"collection":[{"href":"https:\/\/www.regioncuatronoticias.com\/index.php\/wp-json\/wp\/v2\/posts"}],"about":[{"href":"https:\/\/www.regioncuatronoticias.com\/index.php\/wp-json\/wp\/v2\/types\/post"}],"author":[{"embeddable":true,"href":"https:\/\/www.regioncuatronoticias.com\/index.php\/wp-json\/wp\/v2\/users\/1"}],"replies":[{"embeddable":true,"href":"https:\/\/www.regioncuatronoticias.com\/index.php\/wp-json\/wp\/v2\/comments?post=25606"}],"version-history":[{"count":1,"href":"https:\/\/www.regioncuatronoticias.com\/index.php\/wp-json\/wp\/v2\/posts\/25606\/revisions"}],"predecessor-version":[{"id":25608,"href":"https:\/\/www.regioncuatronoticias.com\/index.php\/wp-json\/wp\/v2\/posts\/25606\/revisions\/25608"}],"wp:featuredmedia":[{"embeddable":true,"href":"https:\/\/www.regioncuatronoticias.com\/index.php\/wp-json\/wp\/v2\/media\/25607"}],"wp:attachment":[{"href":"https:\/\/www.regioncuatronoticias.com\/index.php\/wp-json\/wp\/v2\/media?parent=25606"}],"wp:term":[{"taxonomy":"category","embeddable":true,"href":"https:\/\/www.regioncuatronoticias.com\/index.php\/wp-json\/wp\/v2\/categories?post=25606"},{"taxonomy":"post_tag","embeddable":true,"href":"https:\/\/www.regioncuatronoticias.com\/index.php\/wp-json\/wp\/v2\/tags?post=25606"}],"curies":[{"name":"wp","href":"https:\/\/api.w.org\/{rel}","templated":true}]}}