{"id":25602,"date":"2025-03-07T07:17:54","date_gmt":"2025-03-07T14:17:54","guid":{"rendered":"https:\/\/www.regioncuatronoticias.com\/?p=25602"},"modified":"2025-03-07T07:17:57","modified_gmt":"2025-03-07T14:17:57","slug":"alertas-de-genero-insuficientes-para-atajar-violencia","status":"publish","type":"post","link":"https:\/\/www.regioncuatronoticias.com\/index.php\/2025\/03\/07\/alertas-de-genero-insuficientes-para-atajar-violencia\/","title":{"rendered":"Alertas de g\u00e9nero, insuficientes para atajar violencia"},"content":{"rendered":"\n<p><strong>Hasta 2023, s\u00f3lo 5% de las medidas para proteger a las mujeres se hab\u00edan cumplido en su totalidad.<\/strong><\/p>\n\n\n\n<p><strong>Descripci\u00f3n autom\u00e1tica<\/strong><\/p>\n\n\n\n<p><strong>Una Alerta de Violencia de G\u00e9nero consiste en un conjunto de acciones gubernamentales de emergencia para enfrentar y erradicar la violencia feminicida y\/o la existencia de un agravio comparado que impida el ejercicio pleno de los derechos humanos de las mujeres, en un municipio o estado; la violencia contra las mujeres la pueden ejercer los individuos o la propia comunidad.<\/strong><\/p>\n\n\n\n<p>Tomado de El Economista<\/p>\n\n\n\n<p>Maritza P\u00e9rez<\/p>\n\n\n\n<p>Viernes 07 de marzo de 2025<\/p>\n\n\n\n<p>A una d\u00e9cada de su puesta en marcha, las Alertas de Violencia de G\u00e9nero contra las Mujeres (AVGM) representan un avance, no obstante, son un mecanismo insuficiente para enfrentar y reducir la violencia que viven las mujeres en el pa\u00eds, reconocieron expertas en las materias.<\/p>\n\n\n\n<p>Ana Yeli P\u00e9rez Garrido, directora de Incidencia de Justicia Pro Persona e integrante del grupo interinstitucional y multidisciplinario que da seguimiento a las alertas en algunos estados, sostuvo que hay entidades en las que a ra\u00edz de una alerta han tenido que implementar estructuras; pol\u00edticas p\u00fablicas y marcos normativos, que impactan en la vida de las mujeres de manera positiva.<\/p>\n\n\n\n<p>Tambi\u00e9n resalt\u00f3 que hay otros estados que a\u00fan teniendo la alerta, desde hace mucho tiempo, no han tenido o no le han dado la seriedad al seguimiento, no se han comprometido verdaderamente en la erradicaci\u00f3n de este tipo de violencias.<\/p>\n\n\n\n<p>\u201cUn ejemplo puede ser Nuevo Le\u00f3n, pues no han tenido, no le han dado la seriedad al seguimiento, no se han comprometido verdaderamente.<\/p>\n\n\n\n<p>\u201cNo es una cuesti\u00f3n necesariamente de recursos, porque es un estado que s\u00ed cuenta con recursos, pero no informa de manera adecuada; el seguimiento ha sido tambi\u00e9n deficiente en la implementaci\u00f3n de las medidas y pues obviamente en esos estados donde menos compromiso hay, pues tambi\u00e9n los resultados, el impacto va a ser mucho m\u00e1s tard\u00edo\u201d, destac\u00f3.<\/p>\n\n\n\n<p>Asimismo, sostuvo que este mecanismo de alerta, que justo en julio pr\u00f3ximo cumple 10 a\u00f1os, tienen grandes avances, pero tambi\u00e9n grandes desaf\u00edos, ya que pese a que muchas veces se escuchan cuestionamientos como si fuera el \u00fanico responsable o la \u00fanica v\u00eda para frenar el incremento de la violencia contra las mujeres y particularmente la violencia feminicida y no es as\u00ed.<\/p>\n\n\n\n<p>Sin embargo, destac\u00f3, s\u00ed ha sido el \u00fanico mecanismo que hemos tenido las organizaciones y defensoras, pues obliga a las autoridades a que cumplan con el marco normativo, el cual, lament\u00f3, por a\u00f1os, los estados y mucho m\u00e1s los municipios hac\u00edan caso omiso.<\/p>\n\n\n\n<p>Aunque, la defensora reconoci\u00f3 que la convicci\u00f3n de las autoridades para atender la violencia incluso a trav\u00e9s de este mecanismo lleg\u00f3 tarde.<\/p>\n\n\n\n<p>\u201cLa violencia contra las mujeres no surgi\u00f3 hace 10 a\u00f1os, pero s\u00ed hace 10 a\u00f1os se comenz\u00f3 a generar esa pol\u00edtica p\u00fablica necesaria para atender la violencia. Y solo con la alerta, los estados se han comprometido (\u2026) desafortunadamente, llega tarde esa convicci\u00f3n\u201d, expres\u00f3.<\/p>\n\n\n\n<p><strong>Sin resultados claros<\/strong><\/p>\n\n\n\n<p>Por su parte, Susana Camacho, coordinadora del programa de justicia de M\u00e9xico Eval\u00faa, consider\u00f3 que ante un fen\u00f3meno tan generalizado en el pa\u00eds, como lo es la violencia contra las mujeres, es lamentable que estas alertas hayan dejado de tener relevancia.<\/p>\n\n\n\n<p>\u201cEsto implicar\u00eda que en estos estados (con alerta) se dise\u00f1en e implementen programas para ir a las causas que est\u00e1n generando la violencia contra las mujeres y la realidad es que estos programas o, simplemente no se emiten, o se dise\u00f1an, pero no se les da el seguimiento\u201d, detall\u00f3.<\/p>\n\n\n\n<p>Por ello, sostuvo que tanto los recursos como los mecanismos son inciertos, ya que, \u201cno sabemos exactamente los resultados que se est\u00e1n obteniendo derivado de de la declaraci\u00f3n de las aletas\u201d.<\/p>\n\n\n\n<p><strong>Poca atenci\u00f3n<\/strong><\/p>\n\n\n\n<p>El \u00faltimo reporte de la ahora extinta Comisi\u00f3n Nacional para Prevenir y Erradicar la Violencia Contra las Mujeres (Conavim), se\u00f1ala que hasta el 30 de junio de 2023, las 25 AVGM declaradas a nivel nacional involucraban a 19 estados, en donde se emitieron 659 medidas recomendadas para reducir la violencia feminicida; de las cuales, 565 estaban vigentes y 94 fueron levantadas o actualizadas.<\/p>\n\n\n\n<p>Asimismo, indic\u00f3 que de la evaluaci\u00f3n de 18 estados con AVGM, 5% de las medidas recomendadas hab\u00edan sido cumplidas a cabalidad; 39% no han sido cumplidas y 56% se encuentran en proceso de cumplimiento.<\/p>\n\n\n\n<p><a href=\"https:\/\/www.eleconomista.com.mx\/politica\/alertas-genero-insuficientes-atajar-violencia-20250307-749501.html\">https:\/\/www.eleconomista.com.mx\/politica\/alertas-genero-insuficientes-atajar-violencia-20250307-749501.html<\/a><\/p>\n\n\n\n<p><\/p>\n","protected":false},"excerpt":{"rendered":"<p>Hasta 2023, s\u00f3lo 5% de las medidas para proteger a las mujeres se hab\u00edan cumplido en su totalidad. Descripci\u00f3n autom\u00e1tica Una Alerta de Violencia de G\u00e9nero consiste en un conjunto de acciones gubernamentales de emergencia para enfrentar y erradicar la violencia feminicida y\/o la existencia de un agravio comparado que impida el ejercicio pleno de [&hellip;]<\/p>\n","protected":false},"author":1,"featured_media":25603,"comment_status":"open","ping_status":"open","sticky":false,"template":"","format":"standard","meta":{"content-type":"","footnotes":""},"categories":[3,115,105],"tags":[],"class_list":{"0":"post-25602","1":"post","2":"type-post","3":"status-publish","4":"format-standard","5":"has-post-thumbnail","7":"category-mexico","8":"category-politica","9":"category-principal"},"_links":{"self":[{"href":"https:\/\/www.regioncuatronoticias.com\/index.php\/wp-json\/wp\/v2\/posts\/25602","targetHints":{"allow":["GET"]}}],"collection":[{"href":"https:\/\/www.regioncuatronoticias.com\/index.php\/wp-json\/wp\/v2\/posts"}],"about":[{"href":"https:\/\/www.regioncuatronoticias.com\/index.php\/wp-json\/wp\/v2\/types\/post"}],"author":[{"embeddable":true,"href":"https:\/\/www.regioncuatronoticias.com\/index.php\/wp-json\/wp\/v2\/users\/1"}],"replies":[{"embeddable":true,"href":"https:\/\/www.regioncuatronoticias.com\/index.php\/wp-json\/wp\/v2\/comments?post=25602"}],"version-history":[{"count":1,"href":"https:\/\/www.regioncuatronoticias.com\/index.php\/wp-json\/wp\/v2\/posts\/25602\/revisions"}],"predecessor-version":[{"id":25604,"href":"https:\/\/www.regioncuatronoticias.com\/index.php\/wp-json\/wp\/v2\/posts\/25602\/revisions\/25604"}],"wp:featuredmedia":[{"embeddable":true,"href":"https:\/\/www.regioncuatronoticias.com\/index.php\/wp-json\/wp\/v2\/media\/25603"}],"wp:attachment":[{"href":"https:\/\/www.regioncuatronoticias.com\/index.php\/wp-json\/wp\/v2\/media?parent=25602"}],"wp:term":[{"taxonomy":"category","embeddable":true,"href":"https:\/\/www.regioncuatronoticias.com\/index.php\/wp-json\/wp\/v2\/categories?post=25602"},{"taxonomy":"post_tag","embeddable":true,"href":"https:\/\/www.regioncuatronoticias.com\/index.php\/wp-json\/wp\/v2\/tags?post=25602"}],"curies":[{"name":"wp","href":"https:\/\/api.w.org\/{rel}","templated":true}]}}