{"id":25596,"date":"2025-03-07T07:04:17","date_gmt":"2025-03-07T14:04:17","guid":{"rendered":"https:\/\/www.regioncuatronoticias.com\/?p=25596"},"modified":"2025-03-07T07:04:19","modified_gmt":"2025-03-07T14:04:19","slug":"la-candidata-oficial-en-la-unison","status":"publish","type":"post","link":"https:\/\/www.regioncuatronoticias.com\/index.php\/2025\/03\/07\/la-candidata-oficial-en-la-unison\/","title":{"rendered":"La candidata \u201coficial\u201d en la UNISON"},"content":{"rendered":"\n<p><strong>Columna Encuadre<\/strong><\/p>\n\n\n\n<p><strong>Jos\u00e9 F. Medina<\/strong><\/p>\n\n\n\n<p><strong>&nbsp;La candidata \u201coficial\u201d en la UNISON<\/strong><\/p>\n\n\n\n<p><strong>Viernes 7 de marzo de 2025<\/strong><\/p>\n\n\n\n<p>Conforme pasa el tiempo y se acerca la hora cero en la elecci\u00f3n del rector (a) de la Universidad de Sonora, es m\u00e1s y m\u00e1s notoria la mano del actual secretario de Rector\u00eda, Benjam\u00edn Burgos, tras la aspiraci\u00f3n de Dena Mar\u00eda Jes\u00fas Camarena G\u00f3mez.<\/p>\n\n\n\n<p>Ya en la comunidad universitaria permea la certeza de que la doctora en Econom\u00eda y Gesti\u00f3n de Organizaciones es la \u201ccandidata oficial\u201d de la actual administraci\u00f3n universitaria.<\/p>\n\n\n\n<p>En un Encuadre anterior ya hab\u00eda advertido esa posibilidad, ahora, realidad.<\/p>\n\n\n\n<p>No estar\u00eda tan seguro si efectivamente tambi\u00e9n sea la candidata de la actual rectora Mar\u00eda Rita Plancarte Mart\u00ednez, pero que su secretario tiene metido hasta los codos a favor de Camarena G\u00f3mez, de eso no hay duda.<\/p>\n\n\n\n<p>Eso, aqu\u00ed y en china, se llaman \u201cdados cargados\u201d. Poner a trabajar el aparato administrativo, ya sea v\u00eda acuerdos, amenazas o componendas, a favor de cualquier aspirante, conlleva una ventaja ilegal, porque de entrada no hay \u201cpiso parejo\u201d.<\/p>\n\n\n\n<p>Y como prueba que no admite duda, en la cuenta \u201cEntre Abogados\u201d de Facebook, el mism\u00edsimo abogado general de nuestra alma mater, Rafael Ram\u00edrez Villaescusa, abiertamente pronunci\u00f3 su apoyo hacia la candidata oficial, dici\u00e9ndose entusiasmado ante la posibilidad de un relevo generacional en la UniSon. Orale.<\/p>\n\n\n\n<p>S\u00ed, ya s\u00e9 que me van a decir que lo mismo sucede en la pol\u00edtica partidista y su simbiosis con el gobierno, y tienen much\u00edsima raz\u00f3n, pero ese es otro cuento, y no viene al caso discutirlo por el momento.<\/p>\n\n\n\n<p>Estamos con la elecci\u00f3n universitaria.<\/p>\n\n\n\n<p>Despachos atr\u00e1s, tambi\u00e9n les dec\u00eda que no era conveniente, bajo ning\u00fan concepto, la intromisi\u00f3n del gobierno estatal en este proceso electivo en la UniSon.<\/p>\n\n\n\n<p>Pues lo mismo debe de hacer la autoridad universitaria: sacar sus manos de esta elecci\u00f3n, so riesgo de que salgan quemados.<\/p>\n\n\n\n<p>El economista Benjam\u00edn \u201cEl Fouch\u00e9 Buho\u201d Burgos y compa\u00f1\u00eda pretenden seguir mangoneando en nuestra alma mater, ocupando espacios de privilegio, sin entender los nuevos tiempos.<\/p>\n\n\n\n<p>Por lo pronto, el campus Hermosillo cubierto de llamativas lonas de promoci\u00f3n de la doctora Camarena G\u00f3mez. Se nota que el recurso no es problema.<\/p>\n\n\n\n<p>Algo no anda bien en este proceso. Y no tarda en reventar.<\/p>\n\n\n\n<p><strong>&nbsp;NUEVA FECHA PARA ENTRADA EN VIGOR DE LOS ARANCELES<\/strong><\/p>\n\n\n\n<p>Sobre este tema no dir\u00e9 mucho, porque lo que ahorita es v\u00e1lido, ma\u00f1ana no.<\/p>\n\n\n\n<p>Pero lo que s\u00ed les puedo decir es que Mr. Orange es un loquillo populista, veleidoso, manipulador, mentiroso, burl\u00f3n, acosador, megal\u00f3mano, dictatorial, sangr\u00f3n, culpable de m\u00faltiples delitos en su pa\u00eds, y para rematar, recul\u00f3n (es verbo, no sustantivo, dir\u00eda Arjona).<\/p>\n\n\n\n<p>Lo que tiene que aguantar la doctora Sheinbaum!!.<\/p>\n\n\n\n<p>Aun con otra pr\u00f3rroga de un mes en el tema de aranceles, la incertidumbre le seguir\u00e1 pegando duro a la estabilidad econ\u00f3mica de nuestro pa\u00eds.<\/p>\n\n\n\n<p>Pero bueno: de los males, el menor.<\/p>\n\n\n\n<p>Todos al Z\u00f3calo, a festejar la nueva pr\u00f3rroga.<\/p>\n\n\n\n<p><strong>BREVE \u201cPAUSA\u201d EN LA EXPORTACI\u00d3N DE GANADO HACIA EU<\/strong><\/p>\n\n\n\n<p>Y como ya les demostraba en la columna de hace unos d\u00edas que los males nunca llegan solos, los ganaderos sonorenses nuevamente sufren una \u201cbreve pausa\u201d en la exportaci\u00f3n de animales en pie hacia los Estados Unidos, tras la detecci\u00f3n de un becerro con afta en el hocico.<\/p>\n\n\n\n<p>Como si no fuese suficiente el largo cierre de frontera para la exportaci\u00f3n, a causa de un animal infectado con gusano barrenador en el sur del pa\u00eds, los rancheros sonorenses tienen ahora que apechugar este nuevo embate a su actividad.<\/p>\n\n\n\n<p>Una sequ\u00eda espantosa y problemas recurrentes en el cruce de ganado hacia el vecino pa\u00eds del norte, tienen al borde de un ataque de p\u00e1nico a los productores locales.<\/p>\n\n\n\n<p>Literal: al presidente de la Uni\u00f3n Ganadera Regional de Sonora, Juan Ochoa, le ha tocado bailar con la m\u00e1s fea, o usando la jerga del ranchero, le ha tocado una \u00e9poca de puras vacas flacas.<\/p>\n\n\n\n<p><strong>&nbsp;NUEVA MANIFESTACI\u00d3N CONTRA LEY ISSSTE EN HERMOSILLO<\/strong><\/p>\n\n\n\n<p>Los maestros nuevamente salieron a la calle este jueves en todo el estado, de manera sincronizada, en protesta a las recientes reformas contempladas en la Ley Issste 2025, y por la abrogaci\u00f3n de la Ley Issste del 2007.<\/p>\n\n\n\n<p>Poco a poco, el movimiento de los profesores y de los trabajadores al servicio del Estado va agarrando vuelo.<\/p>\n\n\n\n<p>No es la primera vez que toman la calle. Est\u00e1n enojados. Seg\u00fan pude percibir, al contingente de maestros ya se le uni\u00f3 empleados del mismo Issste, Conagua, Semarnat, organizaciones de jubilados y pensionados, entre otros colectivos.<\/p>\n\n\n\n<p>Bajo el grito de \u201cabrogaci\u00f3n es la soluci\u00f3n\u201d, los trabajadores y extrabajadores afiliados al Issste rechazan tajantemente, por ejemplo, el actual sistema de jubilaci\u00f3n que los tiene con un nivel de vida muy por debajo del deseado, despu\u00e9s de entregar much\u00edsimos a\u00f1os de su vida al gobierno federal.<\/p>\n\n\n\n<p>En su mensaje, la maestra Fernanda Arag\u00f3n dej\u00f3 en claro que los trabajadores no est\u00e1n en pausa, y ya organizan una marcha estatal programada para el 21 de marzo, a las 11 de la ma\u00f1ana, saliendo de la Plaza Emiliana de Zubeld\u00eda.<\/p>\n\n\n\n<p>Los \u00e1nimos se calientan.<\/p>\n\n\n\n<p>IN PROXIMUM<\/p>\n\n\n\n<p><strong>&nbsp;Me puedes seguir en FB: Jos\u00e9 Felipe Medina<\/strong><\/p>\n\n\n\n<p><strong>En X: @josefe31, @fm_informativo<\/strong><\/p>\n\n\n\n<p><strong>Correo electr\u00f3nico: josefe31@hotmail.com, josefe31@gmail.com<\/strong><\/p>\n\n\n\n<p><strong>FMINFORMATIVO.COM<\/strong><\/p>\n","protected":false},"excerpt":{"rendered":"<p>Columna Encuadre Jos\u00e9 F. Medina &nbsp;La candidata \u201coficial\u201d en la UNISON Viernes 7 de marzo de 2025 Conforme pasa el tiempo y se acerca la hora cero en la elecci\u00f3n del rector (a) de la Universidad de Sonora, es m\u00e1s y m\u00e1s notoria la mano del actual secretario de Rector\u00eda, Benjam\u00edn Burgos, tras la aspiraci\u00f3n [&hellip;]<\/p>\n","protected":false},"author":1,"featured_media":25597,"comment_status":"open","ping_status":"open","sticky":false,"template":"","format":"standard","meta":{"content-type":"","footnotes":""},"categories":[122],"tags":[],"class_list":{"0":"post-25596","1":"post","2":"type-post","3":"status-publish","4":"format-standard","5":"has-post-thumbnail","7":"category-jose-felipe-medina"},"_links":{"self":[{"href":"https:\/\/www.regioncuatronoticias.com\/index.php\/wp-json\/wp\/v2\/posts\/25596","targetHints":{"allow":["GET"]}}],"collection":[{"href":"https:\/\/www.regioncuatronoticias.com\/index.php\/wp-json\/wp\/v2\/posts"}],"about":[{"href":"https:\/\/www.regioncuatronoticias.com\/index.php\/wp-json\/wp\/v2\/types\/post"}],"author":[{"embeddable":true,"href":"https:\/\/www.regioncuatronoticias.com\/index.php\/wp-json\/wp\/v2\/users\/1"}],"replies":[{"embeddable":true,"href":"https:\/\/www.regioncuatronoticias.com\/index.php\/wp-json\/wp\/v2\/comments?post=25596"}],"version-history":[{"count":1,"href":"https:\/\/www.regioncuatronoticias.com\/index.php\/wp-json\/wp\/v2\/posts\/25596\/revisions"}],"predecessor-version":[{"id":25598,"href":"https:\/\/www.regioncuatronoticias.com\/index.php\/wp-json\/wp\/v2\/posts\/25596\/revisions\/25598"}],"wp:featuredmedia":[{"embeddable":true,"href":"https:\/\/www.regioncuatronoticias.com\/index.php\/wp-json\/wp\/v2\/media\/25597"}],"wp:attachment":[{"href":"https:\/\/www.regioncuatronoticias.com\/index.php\/wp-json\/wp\/v2\/media?parent=25596"}],"wp:term":[{"taxonomy":"category","embeddable":true,"href":"https:\/\/www.regioncuatronoticias.com\/index.php\/wp-json\/wp\/v2\/categories?post=25596"},{"taxonomy":"post_tag","embeddable":true,"href":"https:\/\/www.regioncuatronoticias.com\/index.php\/wp-json\/wp\/v2\/tags?post=25596"}],"curies":[{"name":"wp","href":"https:\/\/api.w.org\/{rel}","templated":true}]}}