{"id":25593,"date":"2025-03-07T06:59:12","date_gmt":"2025-03-07T13:59:12","guid":{"rendered":"https:\/\/www.regioncuatronoticias.com\/?p=25593"},"modified":"2025-03-07T06:59:14","modified_gmt":"2025-03-07T13:59:14","slug":"esto-era-un-cuchitril-alfonso-durazo","status":"publish","type":"post","link":"https:\/\/www.regioncuatronoticias.com\/index.php\/2025\/03\/07\/esto-era-un-cuchitril-alfonso-durazo\/","title":{"rendered":"\u201cEsto era un cuchitril\u201d: Alfonso Durazo"},"content":{"rendered":"\n<p><strong>Columna El Zancudo<\/strong><\/p>\n\n\n\n<p><strong>Arturo Soto Mungu\u00eda<\/strong><\/p>\n\n\n\n<p><strong>\u201cEsto era un cuchitril\u201d: Alfonso Durazo<\/strong><\/p>\n\n\n\n<p><strong>Viernes 7 de marzo de 2025<\/strong><\/p>\n\n\n\n<p>No pudo ser m\u00e1s gr\u00e1fico el gobernador Alfonso Durazo ayer por la ma\u00f1ana al describir el estado en que encontr\u00f3 las instalaciones de la entonces Academia de Polic\u00eda estatal: \u201cesto era un cuchitril\u201d.<\/p>\n\n\n\n<p>&nbsp;Pero adem\u00e1s, agreg\u00f3, tampoco hab\u00eda dinero en los cajones de la Tesorer\u00eda del estado. Aun as\u00ed y con base en gestiones en el nivel federal y con un ejercicio responsable de los recursos, en tres a\u00f1os y medio la situaci\u00f3n ha dado un vuelco. Durazo se dio a la tarea de convertir aquellas instalaciones abandonadas en un paraje solitario al sur de la ciudad, en la Universidad de Seguridad P\u00fablica donde ayer se graduaron 48 nuevos elementos como licenciados en Prevenci\u00f3n del Delito y Seguridad Ciudadana.<\/p>\n\n\n\n<p>&nbsp;Frente a ellos y sus familias, frente a 300 cadetes inscritos para cursar esa misma licenciatura el gobernador reafirm\u00f3 su compromiso con la profesionalizaci\u00f3n y la mejora de las condiciones laborales de los cuerpos de seguridad en el estado, poni\u00e9ndose la meta de que al t\u00e9rmino de su gobierno sean los mejor pagados de todo el pa\u00eds.<\/p>\n\n\n\n<p>&nbsp;Record\u00f3 que al inicio de su administraci\u00f3n, la corporaci\u00f3n contaba con menos de 900 elementos y esa cifra se ha duplicado; se les ha dotado de mejor equipamiento, armas y uniformes, adquiriendo adem\u00e1s 520 nuevas patrullas lo que pr\u00e1cticamente significa la renovaci\u00f3n de todo el parque vehicular.<\/p>\n\n\n\n<p>&nbsp;La Universidad de Seguridad P\u00fablica, que dirige Ellioth Romero se ha convertido ya en un referente nacional en la profesionalizaci\u00f3n de elementos policiacos, buscando el fortalecimiento de la estrategia de prevenci\u00f3n del delito.<\/p>\n\n\n\n<p><strong>&nbsp;II<\/strong><\/p>\n\n\n\n<p>Entre varias minutas constitucionales aprobadas ayer por el Congreso del Estado destaca la que proh\u00edbe el nepotismo electoral. En los pr\u00f3ximos comicios no podr\u00e1n buscar un cargo de elecci\u00f3n popular las personas relacionadas familiarmente con quien ocupe ese mismo cargo.<\/p>\n\n\n\n<p>Para ser m\u00e1s precisos; no deber\u00e1n tener v\u00ednculos de matrimonio, concubinato, uni\u00f3n de hecho o parentesco por consanguineidad o civil en l\u00ednea recta sin limitaci\u00f3n de grado, en l\u00ednea colateral hasta el cuarto grado o de afinidad hasta el segundo grado con la persona que ocupe el cargo por el cual pretenden postularse.<\/p>\n\n\n\n<p>&nbsp;Se aprob\u00f3 tambi\u00e9n la minuta relativa a la no reelecci\u00f3n, aunque en ambas quedaron varios vac\u00edos en los que se tendr\u00eda que avanzar en los pr\u00f3ximos a\u00f1os, dado que la reforma entrar\u00eda en vigor, de acuerdo a los tiempos aprobados en el Congreso Federal, hasta la elecci\u00f3n de 2030.<\/p>\n\n\n\n<p>&nbsp;Una de esas \u2018lagunas\u2019 que llama la atenci\u00f3n, es que la ley no especifica si por ejemplo, alguien est\u00e1 impedido para buscar un cargo de elecci\u00f3n por las condicionantes de la nueva ley, quedar\u00eda exento de esas condicionantes si es postulado por un partido distinto. Esto aplica especialmente para las alianzas y coaliciones que podr\u00edan servir para eludir los requisitos. A la ley le falta ser m\u00e1s espec\u00edfica en ese sentido.<\/p>\n\n\n\n<p>&nbsp;Por cierto y en v\u00edsperas de la celebraci\u00f3n del D\u00eda Internacional de la Mujer este 8 de marzo, hubo varios posicionamientos al respecto. Verbo encendido y grandilocuencia para aludir a la agenda pendiente de las mujeres en materia de igualdad sustantiva, derecho a una vida libre de violencia, gabinetes paritarios en estados, municipios y fiscal\u00edas especializadas en violencia de g\u00e9nero.<\/p>\n\n\n\n<p>&nbsp;Vamos a ver cu\u00e1ntas de las que hicieron uso de la voz se presentan ma\u00f1ana en las movilizaciones que suelen llevarse a cabo ese d\u00eda.<\/p>\n\n\n\n<p>&nbsp;Por lo pronto, la que s\u00ed est\u00e1 presentando trabajo en ese sentido es la presidenta de la Comisi\u00f3n para la Igualdad de G\u00e9nero, Mar\u00eda Alicia Gayt\u00e1n, que este 8 de marzo presidir\u00e1 los trabajos del S\u00e9ptimo Parlamento de Mujeres del Estado de Sonora que se llevar\u00e1 a cabo este s\u00e1bado en el Auditorio del Congreso a partir de las nueve de la ma\u00f1ana.<\/p>\n\n\n\n<p>Este parlamento tiene una agenda muy completa de temas que involucran a las mujeres, as\u00ed que estaremos pendientes del mismo.<\/p>\n\n\n\n<p><strong>&nbsp;III<\/strong><\/p>\n\n\n\n<p>El alcalde de Hermosillo, Antonio Astiazar\u00e1n entregar\u00e1 hoy un reconocimiento Car\u00edn Le\u00f3n, el famos\u00edsimo cantante que la est\u00e1 rompiendo en los escenarios internacionales, y que combina su actividad art\u00edstica con el altruismo medioambiental.<\/p>\n\n\n\n<p>&nbsp;Junto a su esposa Patricia Ruibal, el alcalde reconocer\u00e1 a Car\u00edn por su apoyo a 18 organizaciones de la sociedad civil, ganadoras de la convocatoria Misi\u00f3n Solar 2025, en un evento que se llevar\u00e1 a cabo a las seis de la tarde en el Parque Madero.<\/p>\n\n\n\n<p>&nbsp;Hay que ir para ver si se avienta un palomazo. Entrada libre.<\/p>\n\n\n\n<p><strong>&nbsp;IV<\/strong><\/p>\n\n\n\n<p>En la secci\u00f3n de humor involuntario, qu\u00e9 manera de incrementar su ventaja en la carrera por la candidatura al gobierno del estado en 2027 la de El Cubano Mier, alcalde de Caborca.<\/p>\n\n\n\n<p>&nbsp;No le basta con aparecer muy adelantado en todas las encuestas que manda hacer, sino que ahora se da el lujo de promocionar a su gobierno como ejemplo nacional de administraci\u00f3n p\u00fablica eficaz y eficiente, a tal grado de que alcaldes de otros municipios del pa\u00eds est\u00e1n que se mueren por ir a \u2018La Perla del Desierto\u2019 para aprender de lo que all\u00ed se est\u00e1 haciendo.<\/p>\n\n\n\n<p>&nbsp;Claro, dijo el alcalde en uno de sus ya legendarios videos con los que suele apuntalar su precampa\u00f1a hay gente malintencionada que se dedica a hablar cosas malas de Caborca, lo cual afecta a su administraci\u00f3n, pero nada de lo que dicen es cierto, asegura.<\/p>\n\n\n\n<p>De reconocerse la alta autoestima y la realidad virtual en la que vive \u2018El Cubano\u2019, pues la cotidianeidad de los caborquenses es una en la que pr\u00e1cticamente a diario se suscitan hechos violentos, aseinatos, levantones, desapariciones, ajustes de cuentas, robo de veh\u00edculos entre otros sucesos.<\/p>\n\n\n\n<p>&nbsp;No s\u00e9 si la asustada lectora, el esc\u00e9ptico lector vieron el nuevo video del se\u00f1or Mier, pero ac\u00e1 su servilleta estaba con el pendiente de que mientras hablaba del para\u00edso caborque\u00f1o, el ed\u00e9n de paz y prosperidad en que ha convertido a ese municipio, no fuera a pasar rodando alguna cabeza humana, una hielera con restos mortales o entrara como fondo musical el tableteo de ametralladoras que suele poner pecho a tierra a todos, no solo a los que \u2018andan mal\u2019, como refiere el alcalde, sino a los ciudadanos comunes que viven con el Jes\u00fas en la boca.<\/p>\n\n\n\n<p>&nbsp;Esperemos pues la pr\u00f3xima encuesta en la que, seg\u00fan mis fuentes, \u2018El Cubano\u2019 ya dej\u00f3 atr\u00e1s a Lorenia Valles, a Heriberto Aguilar, a Javier Lamarque (que est\u00e1 pensando poner otro bebedero para remontar la desventaja), a Omar del Valle, a Adolfo Salazar y a todos y todas las que suspiran con la candidatura.<\/p>\n\n\n\n<p>&nbsp;A todos les saca m\u00e1s de 90 puntos en esa encuesta que, me aseguran, fue elaborada por la prestigiada empresa demosc\u00f3pica Walt Disney.<\/p>\n\n\n\n<p><strong>&nbsp;Tambi\u00e9n me puedes seguir en X: @Chaposoto<\/strong><\/p>\n\n\n\n<p><strong>Visita www.elzancudo.com.mx<\/strong><\/p>\n","protected":false},"excerpt":{"rendered":"<p>Columna El Zancudo Arturo Soto Mungu\u00eda \u201cEsto era un cuchitril\u201d: Alfonso Durazo Viernes 7 de marzo de 2025 No pudo ser m\u00e1s gr\u00e1fico el gobernador Alfonso Durazo ayer por la ma\u00f1ana al describir el estado en que encontr\u00f3 las instalaciones de la entonces Academia de Polic\u00eda estatal: \u201cesto era un cuchitril\u201d. &nbsp;Pero adem\u00e1s, agreg\u00f3, tampoco [&hellip;]<\/p>\n","protected":false},"author":1,"featured_media":25594,"comment_status":"open","ping_status":"open","sticky":false,"template":"","format":"standard","meta":{"content-type":"","footnotes":""},"categories":[125],"tags":[],"class_list":{"0":"post-25593","1":"post","2":"type-post","3":"status-publish","4":"format-standard","5":"has-post-thumbnail","7":"category-arturo-soto-munguia"},"_links":{"self":[{"href":"https:\/\/www.regioncuatronoticias.com\/index.php\/wp-json\/wp\/v2\/posts\/25593","targetHints":{"allow":["GET"]}}],"collection":[{"href":"https:\/\/www.regioncuatronoticias.com\/index.php\/wp-json\/wp\/v2\/posts"}],"about":[{"href":"https:\/\/www.regioncuatronoticias.com\/index.php\/wp-json\/wp\/v2\/types\/post"}],"author":[{"embeddable":true,"href":"https:\/\/www.regioncuatronoticias.com\/index.php\/wp-json\/wp\/v2\/users\/1"}],"replies":[{"embeddable":true,"href":"https:\/\/www.regioncuatronoticias.com\/index.php\/wp-json\/wp\/v2\/comments?post=25593"}],"version-history":[{"count":1,"href":"https:\/\/www.regioncuatronoticias.com\/index.php\/wp-json\/wp\/v2\/posts\/25593\/revisions"}],"predecessor-version":[{"id":25595,"href":"https:\/\/www.regioncuatronoticias.com\/index.php\/wp-json\/wp\/v2\/posts\/25593\/revisions\/25595"}],"wp:featuredmedia":[{"embeddable":true,"href":"https:\/\/www.regioncuatronoticias.com\/index.php\/wp-json\/wp\/v2\/media\/25594"}],"wp:attachment":[{"href":"https:\/\/www.regioncuatronoticias.com\/index.php\/wp-json\/wp\/v2\/media?parent=25593"}],"wp:term":[{"taxonomy":"category","embeddable":true,"href":"https:\/\/www.regioncuatronoticias.com\/index.php\/wp-json\/wp\/v2\/categories?post=25593"},{"taxonomy":"post_tag","embeddable":true,"href":"https:\/\/www.regioncuatronoticias.com\/index.php\/wp-json\/wp\/v2\/tags?post=25593"}],"curies":[{"name":"wp","href":"https:\/\/api.w.org\/{rel}","templated":true}]}}