{"id":25590,"date":"2025-03-06T22:48:38","date_gmt":"2025-03-07T05:48:38","guid":{"rendered":"https:\/\/www.regioncuatronoticias.com\/?p=25590"},"modified":"2025-03-06T22:48:41","modified_gmt":"2025-03-07T05:48:41","slug":"monreal-y-vicecoordinadora-de-morena-se-enfrentan-por-candado-contra-hijos-de-amlo","status":"publish","type":"post","link":"https:\/\/www.regioncuatronoticias.com\/index.php\/2025\/03\/06\/monreal-y-vicecoordinadora-de-morena-se-enfrentan-por-candado-contra-hijos-de-amlo\/","title":{"rendered":"Monreal y vicecoordinadora de Morena se enfrentan por \u2018candado\u2019 contra hijos de AMLO"},"content":{"rendered":"\n<p><strong>La reforma contra el nepotismo sigue generando pol\u00e9mica no solo con la oposici\u00f3n, sino dentro de la propia 4T.<\/strong><\/p>\n\n\n\n<p>Tomado de Pol\u00edtico MX<\/p>\n\n\n\n<p>Andrea Cruz<\/p>\n\n\n\n<p>Jueves 6 de marzo de 2025<\/p>\n\n\n\n<p>La 4T sigue envuelta en la pol\u00e9mica en torno a la reforma de la presidenta Claudia Sheinbaum vs el nepotismo y un presunto \u201ccandado\u201d que habr\u00eda pedido el PAN para \u201ccerrar la puerta\u201d a un cargo de elecci\u00f3n popular de los hijos del expresidente Andr\u00e9s Manuel L\u00f3pez Obrador.<\/p>\n\n\n\n<p>No solo te informamos, te explicamos la pol\u00edtica. Da clic aqu\u00ed y recibe gratis nuestro bolet\u00edn diario.<\/p>\n\n\n\n<p>La pol\u00e9mica inici\u00f3 por la fecha en que aplicar\u00eda la reforma, ya sea respetar la propuesta inicial de Sheinabum de que entrara en vigor en 2027 o que fuera en 2030, lo que abrir\u00eda paso a algunos familiares de pol\u00edticos buscar candidatura para las elecciones intermedias.<\/p>\n\n\n\n<p><strong>Monreal reclama negociaci\u00f3n en lo \u2018oscurito\u2019<\/strong><\/p>\n\n\n\n<p>En un video que se filtr\u00f3 del coordinador de los diputados federales de Morena, Ricardo Monreal, se escucha que el legislador expresa que hubo una negociaci\u00f3n \u201cno autorizada\u201d entre algunos morenistas y panistas.<\/p>\n\n\n\n<p>En el video, Monreal se\u00f1ala que hubo morenistas que buscaron al PAN, sin la autorizaci\u00f3n del grupo, en la que ofrecieron 100 votos para que la reforma antinepotismo aplicara en 2027, a cambio de poner un \u201ccandado\u201d contra los hijos del expresidente AMLO.<\/p>\n\n\n\n<p>\u201cPero los buscaron sin autorizaci\u00f3n del grupo, que esa es otra cosa, y le dicen yo traigo cien votos. A m\u00ed me lo dijo (Federico) D\u00f6ring, \u2018100 votos nos ofrecieron y nosotros les dijimos s\u00ed, a cambio de que los L\u00f3pez est\u00e9n 10 a\u00f1os fuera\u2019, \u00a1\u00f3rale!\u201d, fue la declaraci\u00f3n de Monreal.<\/p>\n\n\n\n<p>El coordinador morenista cuestion\u00f3 el por qu\u00e9 algunos miembros de su bancada negociaron con el PAN.<\/p>\n\n\n\n<p><strong>\u00bfDiputada de Morena si negoci\u00f3 con el PAN?<\/strong><\/p>\n\n\n\n<p>M\u00e1s tarde se revel\u00f3 que la vicecoordinadora de Morena, Gabriela Jim\u00e9nez Godoy, presuntamente habr\u00eda ofrecido a Acci\u00f3n Nacional los supuestos 100 votos para incluir en la reforma contra el nepotismo el \u201ccandado\u201d contra los hijos de AMLO.<\/p>\n\n\n\n<p>Dicho \u201ccandado\u201d, establec\u00eda la prohibici\u00f3n para los hijos o familiares de presidentes a fin de que estos no puedan ser candidatos a ese mismo cargo sino hasta 10 a\u00f1os despu\u00e9s del t\u00e9rmino del mandato.<\/p>\n\n\n\n<p>Por su parte, la diputada Jim\u00e9nez Godoy confirm\u00f3 que s\u00ed hubo di\u00e1logo pero no solo con el PAN, sino con los dem\u00e1s grupos parlamentarios que integran la C\u00e1mara de Diputados para regresar la redacci\u00f3n original de la propuesta de la presidenta.<\/p>\n\n\n\n<p>\u201cYo habl\u00e9 con todos los grupos parlamentarios, incluso hasta con el Verde. Hable con el PRI, con Movimiento Ciudadano, con el PT, con el PAN, con todos buscando un consenso para poder regresar el texto original de la propuesta de la presidenta\u201d, revel\u00f3 la vicepresidenta.<\/p>\n\n\n\n<p>En entrevista con Azucena Uresti, Gabriela Jim\u00e9nez explic\u00f3 que tras hablar con los distintos grupos parlamentarios MC, el PT, e incluso el PAN le dijeron que s\u00ed.<\/p>\n\n\n\n<p>Sin embargo, hizo una acotaci\u00f3n en el caso del PAN, pues se\u00f1al\u00f3 que en una conversaci\u00f3n que tuvo con el coordinador albiazul, El\u00edas Lixa, le coment\u00f3 sobre una iniciativa de una diputada panista que se hab\u00eda presentado tiempo atr\u00e1s pero no la ley\u00f3 ni se lleg\u00f3 a un acuerdo sobre ello.<\/p>\n\n\n\n<p>\u201cDespu\u00e9s Lixa me dijo \u2018s\u00ed pero, nosotros tenemos una iniciativa que metimos hace mucho tiempo que la comisi\u00f3n no ha querido revisar\u2019&#8230;. Es sobre el mismo tema (contra nepotismo) pero que quer\u00edan como ampliar a todos los poderes\u2026 Nunca se toc\u00f3 el tema de los L\u00f3pez\u201d, coment\u00f3 Jim\u00e9nez.<\/p>\n\n\n\n<p>En ese sentido refiri\u00f3 que todos los partidos, excepto el Partido Verde, en la C\u00e1mara de Diputados apoyaban regresar al texto original la propuesta antinepotismo de Sheinbaum para que aplicara en 2027.<\/p>\n\n\n\n<p><strong>Esto dice el PAN<\/strong><\/p>\n\n\n\n<p>Por su parte El\u00edas Lixa, coordinador de los diputados del PAN, subray\u00f3 que en su momento pidi\u00f3 a la vicecoordinadora de Morena revisar la iniciativa del PAN contra el nepotismo; sin embargo, reconoci\u00f3 que nunca se lleg\u00f3 a un acuerdo.<\/p>\n\n\n\n<p>\u201cLa verdad es que no se manejaron nombres. Nosotros dijimos, pues si se junta la mayor\u00eda, cuenten con los votos del PAN\u201d, detall\u00f3 en declaraciones a representantes de medios de comunicaci\u00f3n.<\/p>\n\n\n\n<p><a href=\"https:\/\/politico.mx\/2025\/03\/06\/pleitazo-en-la-4t-monreal-y-vicecoordinadora-de-morena-se-enfrentan-por-candado-vs-hijos-de-amlo\">https:\/\/politico.mx\/2025\/03\/06\/pleitazo-en-la-4t-monreal-y-vicecoordinadora-de-morena-se-enfrentan-por-candado-vs-hijos-de-amlo<\/a><\/p>\n","protected":false},"excerpt":{"rendered":"<p>La reforma contra el nepotismo sigue generando pol\u00e9mica no solo con la oposici\u00f3n, sino dentro de la propia 4T. Tomado de Pol\u00edtico MX Andrea Cruz Jueves 6 de marzo de 2025 La 4T sigue envuelta en la pol\u00e9mica en torno a la reforma de la presidenta Claudia Sheinbaum vs el nepotismo y un presunto \u201ccandado\u201d [&hellip;]<\/p>\n","protected":false},"author":1,"featured_media":25591,"comment_status":"open","ping_status":"open","sticky":false,"template":"","format":"standard","meta":{"content-type":"","footnotes":""},"categories":[3,115,105],"tags":[],"class_list":{"0":"post-25590","1":"post","2":"type-post","3":"status-publish","4":"format-standard","5":"has-post-thumbnail","7":"category-mexico","8":"category-politica","9":"category-principal"},"_links":{"self":[{"href":"https:\/\/www.regioncuatronoticias.com\/index.php\/wp-json\/wp\/v2\/posts\/25590","targetHints":{"allow":["GET"]}}],"collection":[{"href":"https:\/\/www.regioncuatronoticias.com\/index.php\/wp-json\/wp\/v2\/posts"}],"about":[{"href":"https:\/\/www.regioncuatronoticias.com\/index.php\/wp-json\/wp\/v2\/types\/post"}],"author":[{"embeddable":true,"href":"https:\/\/www.regioncuatronoticias.com\/index.php\/wp-json\/wp\/v2\/users\/1"}],"replies":[{"embeddable":true,"href":"https:\/\/www.regioncuatronoticias.com\/index.php\/wp-json\/wp\/v2\/comments?post=25590"}],"version-history":[{"count":1,"href":"https:\/\/www.regioncuatronoticias.com\/index.php\/wp-json\/wp\/v2\/posts\/25590\/revisions"}],"predecessor-version":[{"id":25592,"href":"https:\/\/www.regioncuatronoticias.com\/index.php\/wp-json\/wp\/v2\/posts\/25590\/revisions\/25592"}],"wp:featuredmedia":[{"embeddable":true,"href":"https:\/\/www.regioncuatronoticias.com\/index.php\/wp-json\/wp\/v2\/media\/25591"}],"wp:attachment":[{"href":"https:\/\/www.regioncuatronoticias.com\/index.php\/wp-json\/wp\/v2\/media?parent=25590"}],"wp:term":[{"taxonomy":"category","embeddable":true,"href":"https:\/\/www.regioncuatronoticias.com\/index.php\/wp-json\/wp\/v2\/categories?post=25590"},{"taxonomy":"post_tag","embeddable":true,"href":"https:\/\/www.regioncuatronoticias.com\/index.php\/wp-json\/wp\/v2\/tags?post=25590"}],"curies":[{"name":"wp","href":"https:\/\/api.w.org\/{rel}","templated":true}]}}