{"id":25587,"date":"2025-03-06T22:42:29","date_gmt":"2025-03-07T05:42:29","guid":{"rendered":"https:\/\/www.regioncuatronoticias.com\/?p=25587"},"modified":"2025-03-06T22:42:36","modified_gmt":"2025-03-07T05:42:36","slug":"descartan-fiebre-aftosa-en-estacion-cuarentenaria-de-nogales","status":"publish","type":"post","link":"https:\/\/www.regioncuatronoticias.com\/index.php\/2025\/03\/06\/descartan-fiebre-aftosa-en-estacion-cuarentenaria-de-nogales\/","title":{"rendered":"Descartan fiebre aftosa en estaci\u00f3n cuarentenaria de Nogales"},"content":{"rendered":"\n<p><strong>Luego de que suspendieran el cruce de ganado sonorense a EEUU<\/strong><\/p>\n\n\n\n<p>Tomado de Uniradio Informa Sonora<\/p>\n\n\n\n<p>Germ\u00e1n Contreras<\/p>\n\n\n\n<p>Jueves 6 de marzo de 2025<\/p>\n\n\n\n<p>No hay registros de la presencia de fiebre aftosa en la estaci\u00f3n cuarentenaria de Nogales, inform\u00f3 Juan Manuel Gonz\u00e1lez Alvarado.<\/p>\n\n\n\n<p>El delegado de la Secretar\u00eda de Agricultura y Desarrollo Rural en Sonora se\u00f1al\u00f3 que, luego de la detecci\u00f3n de afta en uno de los 117 animales presentes en la estaci\u00f3n cuarentenaria, se decidi\u00f3 el cierre temporal de la exportaci\u00f3n de ganado a trav\u00e9s de Nogales.<\/p>\n\n\n\n<p>&#8220;Ya tenemos los resultados negativos a la presencia de fiebre aftosa, que era lo que est\u00e1bamos pendientes de resolver, y en caso de que fuera necesario, tomar otras medidas&#8221;, abund\u00f3.<\/p>\n\n\n\n<p>Explic\u00f3 que el siguiente paso es informar a las autoridades de Estados Unidos para esperar su decisi\u00f3n sobre la reapertura de la exportaci\u00f3n a trav\u00e9s de Nogales.<\/p>\n\n\n\n<p>El funcionario federal recomend\u00f3 a los productores aplicar el protocolo de sanidad, que consiste en la aplicaci\u00f3n de ivermectina y el marcaje con hierro, cinco d\u00edas antes de la exportaci\u00f3n del ganado.<\/p>\n\n\n\n<p><a href=\"https:\/\/www.uniradiosonora.com\/gobierno\/nogales-respira-aliviado-descartan-fiebre-aftosa-estacion-cuarentenaria-n806377\">https:\/\/www.uniradiosonora.com\/gobierno\/nogales-respira-aliviado-descartan-fiebre-aftosa-estacion-cuarentenaria-n806377<\/a><\/p>\n","protected":false},"excerpt":{"rendered":"<p>Luego de que suspendieran el cruce de ganado sonorense a EEUU Tomado de Uniradio Informa Sonora Germ\u00e1n Contreras Jueves 6 de marzo de 2025 No hay registros de la presencia de fiebre aftosa en la estaci\u00f3n cuarentenaria de Nogales, inform\u00f3 Juan Manuel Gonz\u00e1lez Alvarado. El delegado de la Secretar\u00eda de Agricultura y Desarrollo Rural en [&hellip;]<\/p>\n","protected":false},"author":1,"featured_media":25588,"comment_status":"open","ping_status":"open","sticky":false,"template":"","format":"standard","meta":{"content-type":"","footnotes":""},"categories":[2,9],"tags":[],"class_list":{"0":"post-25587","1":"post","2":"type-post","3":"status-publish","4":"format-standard","5":"has-post-thumbnail","7":"category-negocios","8":"category-sonora"},"_links":{"self":[{"href":"https:\/\/www.regioncuatronoticias.com\/index.php\/wp-json\/wp\/v2\/posts\/25587","targetHints":{"allow":["GET"]}}],"collection":[{"href":"https:\/\/www.regioncuatronoticias.com\/index.php\/wp-json\/wp\/v2\/posts"}],"about":[{"href":"https:\/\/www.regioncuatronoticias.com\/index.php\/wp-json\/wp\/v2\/types\/post"}],"author":[{"embeddable":true,"href":"https:\/\/www.regioncuatronoticias.com\/index.php\/wp-json\/wp\/v2\/users\/1"}],"replies":[{"embeddable":true,"href":"https:\/\/www.regioncuatronoticias.com\/index.php\/wp-json\/wp\/v2\/comments?post=25587"}],"version-history":[{"count":1,"href":"https:\/\/www.regioncuatronoticias.com\/index.php\/wp-json\/wp\/v2\/posts\/25587\/revisions"}],"predecessor-version":[{"id":25589,"href":"https:\/\/www.regioncuatronoticias.com\/index.php\/wp-json\/wp\/v2\/posts\/25587\/revisions\/25589"}],"wp:featuredmedia":[{"embeddable":true,"href":"https:\/\/www.regioncuatronoticias.com\/index.php\/wp-json\/wp\/v2\/media\/25588"}],"wp:attachment":[{"href":"https:\/\/www.regioncuatronoticias.com\/index.php\/wp-json\/wp\/v2\/media?parent=25587"}],"wp:term":[{"taxonomy":"category","embeddable":true,"href":"https:\/\/www.regioncuatronoticias.com\/index.php\/wp-json\/wp\/v2\/categories?post=25587"},{"taxonomy":"post_tag","embeddable":true,"href":"https:\/\/www.regioncuatronoticias.com\/index.php\/wp-json\/wp\/v2\/tags?post=25587"}],"curies":[{"name":"wp","href":"https:\/\/api.w.org\/{rel}","templated":true}]}}