{"id":25581,"date":"2025-03-06T22:22:43","date_gmt":"2025-03-07T05:22:43","guid":{"rendered":"https:\/\/www.regioncuatronoticias.com\/?p=25581"},"modified":"2025-03-06T22:22:47","modified_gmt":"2025-03-07T05:22:47","slug":"revision-del-t-mec-y-comercio-con-china-desde-ahora-sheinbaum","status":"publish","type":"post","link":"https:\/\/www.regioncuatronoticias.com\/index.php\/2025\/03\/06\/revision-del-t-mec-y-comercio-con-china-desde-ahora-sheinbaum\/","title":{"rendered":"Revisi\u00f3n del T-MEC y comercio con China, desde ahora: Sheinbaum"},"content":{"rendered":"\n<p>Tomado de La Jornada<\/p>\n\n\n\n<p>Emir Olivares y Alma E. Mu\u00f1oz<\/p>\n\n\n\n<p>Jueves 6 de marzo de 2025<\/p>\n\n\n\n<p>Ciudad de M\u00e9xico. Con las negociaciones en la materia iniciadas entre M\u00e9xico y Estados Unidos a partir de la llegada de Donald Trump a la Casa Blanca, la revisi\u00f3n del T-MEC se dar\u00e1 desde ahora, afirm\u00f3 la presidenta Claudia Sheinbaum Pardo.<\/p>\n\n\n\n<p>En la ma\u00f1anera de este jueves -que se da despu\u00e9s de la llamada que tuvo esta ma\u00f1ana con su par estadunidense-, la jefa del Ejecutivo tambi\u00e9n asegur\u00f3 que se revisar\u00e1n las tarifas que se tienen con China, con quien no hay acuerdo comercial.<\/p>\n\n\n\n<p>Interrogada en torno al futuro del T-MEC y sobre la relaci\u00f3n con el llamado \u201cgigante asi\u00e1tico\u201d, la presidenta se\u00f1al\u00f3:<\/p>\n\n\n\n<p>\u201cViene una revisi\u00f3n del tratado (de Am\u00e9rica del Norte) en 2026; es muy probable que con todos estos di\u00e1logos que se est\u00e1n teniendo entre los secretarios de Econom\u00eda y Comercio, y de Hacienda y el Tesoro, muchas de \u00e9stas (revisi\u00f3n de cl\u00e1usulas) se dar\u00e1n desde ahora\u201d.<\/p>\n\n\n\n<p>Indic\u00f3 que su administraci\u00f3n har\u00e1 una revisi\u00f3n de los tratados comerciales que tiene el pa\u00eds, anteponiendo la garant\u00eda de la soberan\u00eda nacional, la autosuficiencia y el fortalecimiento de econom\u00eda mexicana.<\/p>\n\n\n\n<p>\u201cNosotros privilegiamos finalmente comercio con los pa\u00edses que tenemos tratado\u201d.<\/p>\n\n\n\n<p>En el caso de China, record\u00f3 que no se tiene tratado comercial y \u201cestamos importando much\u00edsimos productos de China\u201d.<\/p>\n\n\n\n<p>Esto, se\u00f1al\u00f3, ha impactado las industrias textil y del calzado nacionales, en particular las de Guanajuato.<\/p>\n\n\n\n<p>\u201cPienso que parte de la violencia en Guanajuato tiene que ver con que se vino abajo una parte de la industria que daba mucha prosperidad en Guanajuato, y a todo el Baj\u00edo, pero sobre todo a Guanajuato.<\/p>\n\n\n\n<p>\u201cMucha de la entrada de productos chinos a M\u00e9xico hizo que cayera esta industria en nuestro pa\u00eds. \u00bfQu\u00e9 queremos nosotros? Recuperar, fortalecer nuestra industria, porque eso genera empleo, fortalece y reduce la violencia. En ese sentido debemos revisar las tarifas con China. Y no hay acuerdo comercial\u201d.<\/p>\n\n\n\n<p>Todo ello, dijo, se dar\u00e1 en el marco del plan M\u00e9xico que tiene que ver con el fortalecimiento de la econom\u00eda nacional.<\/p>\n\n\n\n<p><a href=\"https:\/\/www.jornada.com.mx\/noticia\/2025\/03\/06\/politica\/revision-del-tmec-y-comercio-con-china-desde-ahora-sheinbaum\">https:\/\/www.jornada.com.mx\/noticia\/2025\/03\/06\/politica\/revision-del-tmec-y-comercio-con-china-desde-ahora-sheinbaum<\/a><\/p>\n","protected":false},"excerpt":{"rendered":"<p>Tomado de La Jornada Emir Olivares y Alma E. Mu\u00f1oz Jueves 6 de marzo de 2025 Ciudad de M\u00e9xico. Con las negociaciones en la materia iniciadas entre M\u00e9xico y Estados Unidos a partir de la llegada de Donald Trump a la Casa Blanca, la revisi\u00f3n del T-MEC se dar\u00e1 desde ahora, afirm\u00f3 la presidenta Claudia [&hellip;]<\/p>\n","protected":false},"author":1,"featured_media":25582,"comment_status":"open","ping_status":"open","sticky":false,"template":"","format":"standard","meta":{"content-type":"","footnotes":""},"categories":[114,7,105],"tags":[],"class_list":{"0":"post-25581","1":"post","2":"type-post","3":"status-publish","4":"format-standard","5":"has-post-thumbnail","7":"category-economia","8":"category-internacional","9":"category-principal"},"_links":{"self":[{"href":"https:\/\/www.regioncuatronoticias.com\/index.php\/wp-json\/wp\/v2\/posts\/25581","targetHints":{"allow":["GET"]}}],"collection":[{"href":"https:\/\/www.regioncuatronoticias.com\/index.php\/wp-json\/wp\/v2\/posts"}],"about":[{"href":"https:\/\/www.regioncuatronoticias.com\/index.php\/wp-json\/wp\/v2\/types\/post"}],"author":[{"embeddable":true,"href":"https:\/\/www.regioncuatronoticias.com\/index.php\/wp-json\/wp\/v2\/users\/1"}],"replies":[{"embeddable":true,"href":"https:\/\/www.regioncuatronoticias.com\/index.php\/wp-json\/wp\/v2\/comments?post=25581"}],"version-history":[{"count":1,"href":"https:\/\/www.regioncuatronoticias.com\/index.php\/wp-json\/wp\/v2\/posts\/25581\/revisions"}],"predecessor-version":[{"id":25583,"href":"https:\/\/www.regioncuatronoticias.com\/index.php\/wp-json\/wp\/v2\/posts\/25581\/revisions\/25583"}],"wp:featuredmedia":[{"embeddable":true,"href":"https:\/\/www.regioncuatronoticias.com\/index.php\/wp-json\/wp\/v2\/media\/25582"}],"wp:attachment":[{"href":"https:\/\/www.regioncuatronoticias.com\/index.php\/wp-json\/wp\/v2\/media?parent=25581"}],"wp:term":[{"taxonomy":"category","embeddable":true,"href":"https:\/\/www.regioncuatronoticias.com\/index.php\/wp-json\/wp\/v2\/categories?post=25581"},{"taxonomy":"post_tag","embeddable":true,"href":"https:\/\/www.regioncuatronoticias.com\/index.php\/wp-json\/wp\/v2\/tags?post=25581"}],"curies":[{"name":"wp","href":"https:\/\/api.w.org\/{rel}","templated":true}]}}