{"id":25578,"date":"2025-03-06T22:17:36","date_gmt":"2025-03-07T05:17:36","guid":{"rendered":"https:\/\/www.regioncuatronoticias.com\/?p=25578"},"modified":"2025-03-06T22:17:38","modified_gmt":"2025-03-07T05:17:38","slug":"petro-responsabiliza-a-los-carteles-mexicanos-y-al-eln-de-la-violencia-en-el-catatumbo","status":"publish","type":"post","link":"https:\/\/www.regioncuatronoticias.com\/index.php\/2025\/03\/06\/petro-responsabiliza-a-los-carteles-mexicanos-y-al-eln-de-la-violencia-en-el-catatumbo\/","title":{"rendered":"Petro responsabiliza a los c\u00e1rteles mexicanos y al ELN de la violencia en el Catatumbo"},"content":{"rendered":"\n<p><strong>La ofensiva en el Catatumbo ya dej\u00f3 m\u00e1s de 80 muertos y 55 mil desplazados y, seg\u00fan el presidente colombiano, el objetivo es mantener esa regi\u00f3n como un enclave cocalero.<\/strong><\/p>\n\n\n\n<p>Tomado de Proceso<\/p>\n\n\n\n<p>Rafael Croda<\/p>\n\n\n\n<p>Jueves 6 de marzo de 2025<\/p>\n\n\n\n<p>BOGOT\u00c1 (apro).- El presidente de Colombia, Gustavo Petro, responsabiliz\u00f3 este jueves a los c\u00e1rteles mexicanos de la droga de la violencia que vive el Catatumbo pues, seg\u00fan dijo, han dado \u201cinstrucciones\u201d a la guerrilla del Ej\u00e9rcito de Liberaci\u00f3n Nacional (ELN) para mantener a esa regi\u00f3n colombiana fronteriza con Venezuela como un enclave cocalero.<\/p>\n\n\n\n<p>Al hablar ante campesinos del Catatumbo, zona del nororiente de Colombia azotada por una ofensiva del ELN que ha dejado m\u00e1s de 80 muertos y 55 mil desplazados, Petro acus\u00f3 a esa guerrilla de haberse transformado de movimiento revolucionario en un grupo \u201ctraqueto\u201d (traficante de drogas) y de haber cambiado su naturaleza colombiana por su subordinaci\u00f3n a intereses extranjeros.<\/p>\n\n\n\n<p>&nbsp;\u201cSon los c\u00e1rteles mexicanos los que est\u00e1n dando (al ELN) las instrucciones para el Catatumbo\u201d, sostuvo el presidente colombiano al lanzar un plan de acci\u00f3n para el desarrollo del Catatumbo, la regi\u00f3n del pa\u00eds con m\u00e1s cultivos de hoja de coca, con 53 mil hect\u00e1reas, seg\u00fan estimaciones del gobierno.<\/p>\n\n\n\n<p>Petro dijo que esa guerrilla tambi\u00e9n recibe \u00f3rdenes de mafiosos venezolanos y colombianos, pero \u201cno est\u00e1 la l\u00f3gica colombiana en su razonamiento, est\u00e1 en la l\u00f3gica de otros pa\u00edses\u201d.<\/p>\n\n\n\n<p>Y agreg\u00f3 que \u201cno se es revolucionario subordinando a una poblaci\u00f3n como la del Catatumbo a unas mafias internacionales\u201d ni \u201ctraqueteando (traficando) drogas\u201d.<\/p>\n\n\n\n<p>De acuerdo con Petro, la ofensiva del ELN, que ha causado la muerte de decenas de civiles, incluso de menores de edad, es por el control de la coca que se cultiva en el Catatumbo y que se transforma en coca\u00edna para ser exportada a Estados Unidos a trav\u00e9s de Venezuela, el mar Caribe, Centroam\u00e9rica y M\u00e9xico.<\/p>\n\n\n\n<p>Pero fuentes del gobierno colombiano han dicho a Proceso que el fondo del conflicto en esa regi\u00f3n es que el proclamado mandatario venezolano Nicol\u00e1s Maduro est\u00e1 usando al ELN para tender un \u201ccolch\u00f3n de seguridad\u201d en la frontera que comparten ambos pa\u00edses, en previsi\u00f3n de un ataque externo promovido por el presidente de Estados Unidos, Donald Trump.<\/p>\n\n\n\n<p>El Catatumbo colinda con los estados venezolanos del T\u00e1chira y Zulia, a los cuales han ingresado desde territorio colombiano comandos y mercenarios para dar de baja a jefes guerrilleros de Colombia que se refugian en el vecino pa\u00eds.<\/p>\n\n\n\n<p>De hecho, el gobierno colombiano reconoce que la ofensiva del ELN en el Catatumbo se realiz\u00f3 despu\u00e9s de que combatientes de elite de esa guerrilla se desplazaron a esa regi\u00f3n por territorio venezolano.<\/p>\n\n\n\n<p>Petro se ha preguntado c\u00f3mo es posible que el ELN hubiera desplazado desde el fronterizo departamento colombiano de Arauca al Catatumbo una gran cantidad de combatientes de manera tan planificada y con gran rapidez. \u201cNo pueden llegar caminando simplemente por entre las monta\u00f1as porque tardar\u00edan meses\u201d, dijo hace unas semanas.<\/p>\n\n\n\n<p>El mandatario colombiano se\u00f1al\u00f3 en el acto en Tib\u00fa este jueves que el ELN espera \u201cser armado\u201d si se produce una invasi\u00f3n de Estados Unidos a Venezuela.<\/p>\n\n\n\n<p>Pero Trump, agreg\u00f3, \u201cno est\u00e1 pensando en invadir Venezuela; est\u00e1 pensando en sacar regalado el petr\u00f3leo de Venezuela (porque) no es bruto, es un negociante\u201d.<\/p>\n\n\n\n<p>En enero pasado, Petro suspendi\u00f3 los di\u00e1logos de paz que manten\u00eda con el ELN en el marco de su pol\u00edtica de Paz Total, y lo acus\u00f3 de cometer \u201ccr\u00edmenes de guerra\u201d en el Catatumbo.&nbsp;<\/p>\n\n\n\n<p>Tambi\u00e9n declar\u00f3 \u201cestado de conmoci\u00f3n interior\u201d para enfrentar la crisis humanitaria y de seguridad en esa zona, una figura legal que no se usaba desde hace 16 a\u00f1os y que le permite promulgar decretos sin la aprobaci\u00f3n del Congreso.<\/p>\n\n\n\n<p>Por esa v\u00eda, Petro destin\u00f3 recursos adicionales por unos 500 millones de d\u00f3lares a esa regi\u00f3n para invertirlos en seguridad, servicios sociales, v\u00edas de comunicaci\u00f3n y sustituci\u00f3n de cultivos cocaleros.<\/p>\n\n\n\n<p><a href=\"https:\/\/www.proceso.com.mx\/internacional\/2025\/3\/6\/petro-responsabiliza-los-carteles-mexicanos-al-eln-de-la-violencia-en-el-catatumbo-346886.html\">https:\/\/www.proceso.com.mx\/internacional\/2025\/3\/6\/petro-responsabiliza-los-carteles-mexicanos-al-eln-de-la-violencia-en-el-catatumbo-346886.html<\/a><\/p>\n","protected":false},"excerpt":{"rendered":"<p>La ofensiva en el Catatumbo ya dej\u00f3 m\u00e1s de 80 muertos y 55 mil desplazados y, seg\u00fan el presidente colombiano, el objetivo es mantener esa regi\u00f3n como un enclave cocalero. Tomado de Proceso Rafael Croda Jueves 6 de marzo de 2025 BOGOT\u00c1 (apro).- El presidente de Colombia, Gustavo Petro, responsabiliz\u00f3 este jueves a los c\u00e1rteles [&hellip;]<\/p>\n","protected":false},"author":1,"featured_media":25579,"comment_status":"open","ping_status":"open","sticky":false,"template":"","format":"standard","meta":{"content-type":"","footnotes":""},"categories":[7,105,113],"tags":[],"class_list":{"0":"post-25578","1":"post","2":"type-post","3":"status-publish","4":"format-standard","5":"has-post-thumbnail","7":"category-internacional","8":"category-principal","9":"category-seguridad"},"_links":{"self":[{"href":"https:\/\/www.regioncuatronoticias.com\/index.php\/wp-json\/wp\/v2\/posts\/25578","targetHints":{"allow":["GET"]}}],"collection":[{"href":"https:\/\/www.regioncuatronoticias.com\/index.php\/wp-json\/wp\/v2\/posts"}],"about":[{"href":"https:\/\/www.regioncuatronoticias.com\/index.php\/wp-json\/wp\/v2\/types\/post"}],"author":[{"embeddable":true,"href":"https:\/\/www.regioncuatronoticias.com\/index.php\/wp-json\/wp\/v2\/users\/1"}],"replies":[{"embeddable":true,"href":"https:\/\/www.regioncuatronoticias.com\/index.php\/wp-json\/wp\/v2\/comments?post=25578"}],"version-history":[{"count":1,"href":"https:\/\/www.regioncuatronoticias.com\/index.php\/wp-json\/wp\/v2\/posts\/25578\/revisions"}],"predecessor-version":[{"id":25580,"href":"https:\/\/www.regioncuatronoticias.com\/index.php\/wp-json\/wp\/v2\/posts\/25578\/revisions\/25580"}],"wp:featuredmedia":[{"embeddable":true,"href":"https:\/\/www.regioncuatronoticias.com\/index.php\/wp-json\/wp\/v2\/media\/25579"}],"wp:attachment":[{"href":"https:\/\/www.regioncuatronoticias.com\/index.php\/wp-json\/wp\/v2\/media?parent=25578"}],"wp:term":[{"taxonomy":"category","embeddable":true,"href":"https:\/\/www.regioncuatronoticias.com\/index.php\/wp-json\/wp\/v2\/categories?post=25578"},{"taxonomy":"post_tag","embeddable":true,"href":"https:\/\/www.regioncuatronoticias.com\/index.php\/wp-json\/wp\/v2\/tags?post=25578"}],"curies":[{"name":"wp","href":"https:\/\/api.w.org\/{rel}","templated":true}]}}