{"id":25566,"date":"2025-03-06T21:19:41","date_gmt":"2025-03-07T04:19:41","guid":{"rendered":"https:\/\/www.regioncuatronoticias.com\/?p=25566"},"modified":"2025-03-08T12:35:55","modified_gmt":"2025-03-08T19:35:55","slug":"se-graduan-48-estudiantes-en-prevencion-del-delito-y-seguridad-ciudadanade-la-usp","status":"publish","type":"post","link":"https:\/\/www.regioncuatronoticias.com\/index.php\/2025\/03\/06\/se-graduan-48-estudiantes-en-prevencion-del-delito-y-seguridad-ciudadanade-la-usp\/","title":{"rendered":"Se grad\u00faan 48 estudiantes en Prevenci\u00f3n del Delito y Seguridad Ciudadana de la USP"},"content":{"rendered":"\n<p><strong>-Al encabezar la ceremonia, el mandatario Alfonso Durazo reafirm\u00f3 su compromiso con la profesionalizaci\u00f3n y mejora de las condiciones laborales de los cuerpos de seguridad en el estado.<\/strong><\/p>\n\n\n\n<p><strong>-Dio la bienvenida a 307 nuevos cadetes de la Polic\u00eda de Proximidad, Generaci\u00f3n \u00c1guila y destac\u00f3 que la Universidad de la Seguridad P\u00fablica del Estado de Sonora (USP), creada durante su administraci\u00f3n, se ha convertido en un referente en la preparaci\u00f3n de profesionales en seguridad, fortaleciendo la estrategia estatal de prevenci\u00f3n del delito y salvaguarda de la comunidad.<\/strong><\/p>\n\n\n\n<p>Hermosillo, Sonora; 6 de marzo de 2025.- Como resultado de su compromiso con la formaci\u00f3n de profesionales en seguridad, el gobernador Alfonso Durazo Monta\u00f1o encabez\u00f3 la ceremonia de graduaci\u00f3n de 48 estudiantes de la Licenciatura en Prevenci\u00f3n del Delito y Seguridad Ciudadana, y dio la bienvenida a los 307 cadetes que ingresaron a Formaci\u00f3n Inicial para Polic\u00eda de Proximidad, Generaci\u00f3n \u00c1guila, en febrero de 2025.<\/p>\n\n\n\n<p>Durante el evento, realizado en la explanada de la Universidad de la Seguridad P\u00fablica del Estado de Sonora (USP), el mandatario estatal destac\u00f3 la importancia de la profesionalizaci\u00f3n de los cuerpos de seguridad para la construcci\u00f3n de un estado m\u00e1s seguro para la ciudadan\u00eda.<\/p>\n\n\n\n<p>&#8220;Una mejor profesionalizaci\u00f3n como la que ustedes consiguen el d\u00eda de hoy, debe tambi\u00e9n ampliar las posibilidades de desarrollo profesional, de hacer una aut\u00e9ntica carrera policial y finalmente de entregar mejores resultados a la sociedad sonorense que ha puesto en sus muy capaces manos una de las mayores responsabilidades y anhelos, conseguir un estado en paz y tranquilidad&#8221;, expres\u00f3.<\/p>\n\n\n\n<p>Como parte de la ceremonia, el gobernador Durazo Monta\u00f1o entreg\u00f3 los diplomas de conclusi\u00f3n de estudios a los 48 egresados, quienes culminaron su formaci\u00f3n dentro de la actual administraci\u00f3n.<\/p>\n\n\n\n<p>El titular del Ejecutivo estatal enfatiz\u00f3 que la Universidad de la Seguridad P\u00fablica del Estado de Sonora, creada durante su gesti\u00f3n, se ha consolidado como un referente en la formaci\u00f3n de profesionales en seguridad, fortaleciendo la estrategia estatal de prevenci\u00f3n del delito y proximidad con la comunidad.<\/p>\n","protected":false},"excerpt":{"rendered":"<p>-Al encabezar la ceremonia, el mandatario Alfonso Durazo reafirm\u00f3 su compromiso con la profesionalizaci\u00f3n y mejora de las condiciones laborales de los cuerpos de seguridad en el estado. -Dio la bienvenida a 307 nuevos cadetes de la Polic\u00eda de Proximidad, Generaci\u00f3n \u00c1guila y destac\u00f3 que la Universidad de la Seguridad P\u00fablica del Estado de Sonora [&hellip;]<\/p>\n","protected":false},"author":1,"featured_media":25567,"comment_status":"open","ping_status":"open","sticky":false,"template":"","format":"standard","meta":{"content-type":"","footnotes":""},"categories":[113,9],"tags":[],"class_list":{"0":"post-25566","1":"post","2":"type-post","3":"status-publish","4":"format-standard","5":"has-post-thumbnail","7":"category-seguridad","8":"category-sonora"},"_links":{"self":[{"href":"https:\/\/www.regioncuatronoticias.com\/index.php\/wp-json\/wp\/v2\/posts\/25566","targetHints":{"allow":["GET"]}}],"collection":[{"href":"https:\/\/www.regioncuatronoticias.com\/index.php\/wp-json\/wp\/v2\/posts"}],"about":[{"href":"https:\/\/www.regioncuatronoticias.com\/index.php\/wp-json\/wp\/v2\/types\/post"}],"author":[{"embeddable":true,"href":"https:\/\/www.regioncuatronoticias.com\/index.php\/wp-json\/wp\/v2\/users\/1"}],"replies":[{"embeddable":true,"href":"https:\/\/www.regioncuatronoticias.com\/index.php\/wp-json\/wp\/v2\/comments?post=25566"}],"version-history":[{"count":2,"href":"https:\/\/www.regioncuatronoticias.com\/index.php\/wp-json\/wp\/v2\/posts\/25566\/revisions"}],"predecessor-version":[{"id":25605,"href":"https:\/\/www.regioncuatronoticias.com\/index.php\/wp-json\/wp\/v2\/posts\/25566\/revisions\/25605"}],"wp:featuredmedia":[{"embeddable":true,"href":"https:\/\/www.regioncuatronoticias.com\/index.php\/wp-json\/wp\/v2\/media\/25567"}],"wp:attachment":[{"href":"https:\/\/www.regioncuatronoticias.com\/index.php\/wp-json\/wp\/v2\/media?parent=25566"}],"wp:term":[{"taxonomy":"category","embeddable":true,"href":"https:\/\/www.regioncuatronoticias.com\/index.php\/wp-json\/wp\/v2\/categories?post=25566"},{"taxonomy":"post_tag","embeddable":true,"href":"https:\/\/www.regioncuatronoticias.com\/index.php\/wp-json\/wp\/v2\/tags?post=25566"}],"curies":[{"name":"wp","href":"https:\/\/api.w.org\/{rel}","templated":true}]}}