{"id":25557,"date":"2025-03-06T20:56:53","date_gmt":"2025-03-07T03:56:53","guid":{"rendered":"https:\/\/www.regioncuatronoticias.com\/?p=25557"},"modified":"2025-03-06T20:56:56","modified_gmt":"2025-03-07T03:56:56","slug":"hay-de-males-a-males","status":"publish","type":"post","link":"https:\/\/www.regioncuatronoticias.com\/index.php\/2025\/03\/06\/hay-de-males-a-males\/","title":{"rendered":"Hay de males a males"},"content":{"rendered":"\n<p><strong>Columna Encuadre<\/strong><\/p>\n\n\n\n<p><strong>Jos\u00e9 F. Medina<\/strong><\/p>\n\n\n\n<p><strong>&nbsp;Hay de males a males<\/strong><\/p>\n\n\n\n<p><strong>Mi\u00e9rcoles 5 de marzo de 2025<\/strong><\/p>\n\n\n\n<p><strong>Dicen que los males nunca llegan solos\u2026<\/strong><\/p>\n\n\n\n<p>Y algo hay de cierto. Por ejemplo: hace unos d\u00edas, la lavadora de mi casa (la el\u00e9ctrica, no la de dos patas de Fox) ya no quiso dar ni pa tras ni pa delante. Se amach\u00f3 la muy perra. No tuvo ninguna consideraci\u00f3n, a pesar de que formaba parte del entorno familiar desde hac\u00eda diez a\u00f1os. Con decirles que ya sent\u00eda que la quer\u00eda. Pues ni as\u00ed.<\/p>\n\n\n\n<p>Pero como el mal no llega solo, horas despu\u00e9s, el refrigerador tambi\u00e9n dio de s\u00ed. Despu\u00e9s de casi trece a\u00f1os conviviendo a diario con los integrantes humanos del hogar, su cansado compresor dej\u00f3 de funcionar, seg\u00fan el dictamen del t\u00e9cnico que lo revis\u00f3. As\u00ed, de repente, sin decir agua va. No dio ning\u00fan chance de rescatar la despensa.<\/p>\n\n\n\n<p><strong>LA BURLA DE TRUMP Y LA RESPUESTA DE SHEINBAUM<\/strong><\/p>\n\n\n\n<p>Qu\u00e9 momentos tan dif\u00edciles debe de estar viviendo la presidenta Sheinbaum ante el embate de Mr. Orange.<\/p>\n\n\n\n<p>M\u00e1s all\u00e1 de tener su propia manera de comunicar, como lo justifica la Doctora cada vez que se ofrece, Trump no pierde oportunidad de referirse despectivamente a nuestro pa\u00eds: el pasado martes tuvo la desagradable pero festejable idea por sus aliados republicanos, de burlarse de las autoridades mexicanas durante su comparecencia en el Congreso, haciendo referencia al env\u00edo de los 29 l\u00edderes mexicanos del narcotr\u00e1fico a Estados Unidos.<\/p>\n\n\n\n<p>\u201cHace cinco noches, no lo van a creer, por las tarifas que le impusimos a M\u00e9xico, el gobierno mexicano nos entreg\u00f3 a 29 criminales integrantes de los c\u00e1rteles m\u00e1s peligrosos\u2026.\u201d.<\/p>\n\n\n\n<p>Ciertamente que no tiene filtros al hablar -me recuerda a YSQ- pero la diplomacia obliga a tratar con respeto a tus pares, y sobre todo, a tus vecinos y socios comerciales.<\/p>\n\n\n\n<p>Me queda claro que el copete naranja no responde a los dictados de un pol\u00edtico con buenos modales, y menos, de la buena vecindad.<\/p>\n\n\n\n<p>Y para terminar de enredar el asunto, la presidenta Sheinbaum cay\u00f3 en la trampa y se envalent\u00f3, asegurando en La Ma\u00f1ana del Pueblo que el env\u00edo de los 29\u00b4s no fue para tenerlo \u201ccontento\u201d, sino que fue una decisi\u00f3n que se tom\u00f3 para proteger a M\u00e9xico.<\/p>\n\n\n\n<p>&nbsp;\u201cEl presidente Trump tiene su manera de hablar, lo hemos dicho muchas veces. Esta decisi\u00f3n que tuvo el Consejo de Seguridad tiene que ver con la protecci\u00f3n en M\u00e9xico. Hab\u00eda mucha informaci\u00f3n de la (probable) liberaci\u00f3n de estas personas con la consecuencia que pudiera tener para nuestro pa\u00eds. Entonces el consejo de seguridad tom\u00f3 esa decisi\u00f3n\u201d.<\/p>\n\n\n\n<p>\u00a1Ayyy, Presidenta! No juegue con nuestra inteligencia. El env\u00edo de los criminales se dio para aminorar la amenaza de la imposici\u00f3n de aranceles. Punto.<\/p>\n\n\n\n<p>Una ofrenda que finalmente no tuvo impacto en el \u00e1nimo proteccionista de Mr. Orange. As\u00ed como tampoco lo tendr\u00e1 la concentraci\u00f3n de las huestes morenistas y aliados el domingo en el Z\u00f3calo. L\u00e1stima esfuerzo, saliva y recurso$ que seguramente se gastar\u00e1n.<\/p>\n\n\n\n<p>Veremos si con la pretendida conversaci\u00f3n telef\u00f3nica que sostendr\u00e1n la Presidenta y el Presidente hoy jueves, alcance para que las aguas vuelvan a su nivel, o al menos, se calmen un poco.<\/p>\n\n\n\n<p>Por lo dem\u00e1s, es de aplaudir la serenidad de la doctora Sheinbaum para enfrentar esta gran crisis por la que atraviesa su gobierno. Prudencia y paciencia, la clave. Acci\u00f3n, de ser necesario. Hay que dejar que los patanes se desenmascaren y se enreden solos.<\/p>\n\n\n\n<p>&nbsp;<strong>RECONOCE SU \u201cERROR\u201d LA COMISI\u00d3N ELECTORAL<\/strong><\/p>\n\n\n\n<p>A trav\u00e9s de sus redes sociales, el doctor Ezequiel Rodr\u00edguez J\u00e1uregui hizo circular una carta en donde los integrantes de la Comisi\u00f3n Electoral del Colegio Universitario que lleva a cabo el proceso para la elecci\u00f3n de rector (a) en la Universidad de Sonora, reconocieron que la hab\u00edan \u201cregado\u201d.<\/p>\n\n\n\n<p>Firmado por Jes\u00fas Manuel Quiroz Castillo, presidente de dicha comisi\u00f3n, el documento ordena la integraci\u00f3n del doctor Rodr\u00edguez a la lista de aspirantes que pasan a la fase de consulta a la comunidad universitaria.<\/p>\n\n\n\n<p>Es decir, los participantes en la elecci\u00f3n ser\u00e1n seis, finalmente.<\/p>\n\n\n\n<p>Como lo comentamos en un despacho anterior, la Comisi\u00f3n Electoral groseramente hab\u00eda decidido no permitir su participaci\u00f3n, bajo el argumento de que la propuesta de plan de trabajo no cumpl\u00eda con los requisitos.<\/p>\n\n\n\n<p>Me parece que la presi\u00f3n ejercida por el mismo doctor Rodr\u00edguez J\u00e1uregui, miembros de la comunidad universitaria y algunos medios de comunicaci\u00f3n como fminformativo.com, provoc\u00f3 que \u201crepentinamente\u201d los integrantes de la comisi\u00f3n electoral se percataran que el plan de trabajo se ajustaba a los t\u00e9rminos de la convocatoria.<\/p>\n\n\n\n<p>Errar es de humanos, y de sabios reconocer. Lo que haya pasado, fue para bien.<\/p>\n\n\n\n<p>Si la memoria no me falla, esta ser\u00eda la tercera ocasi\u00f3n que don Ezequiel participa como aspirante a rector de nuestra alma mater. Un hombre sano, respetuoso, buen universitario, producto del esfuerzo, con aspiraciones leg\u00edtimas.<\/p>\n\n\n\n<p>IN PROXIMUM<\/p>\n\n\n\n<p><strong>&nbsp;Me puedes seguir en FB: Jos\u00e9 Felipe Medina<\/strong><\/p>\n\n\n\n<p><strong>En X: @josefe31, @fm_informativo<\/strong><\/p>\n\n\n\n<p><strong>Correo electr\u00f3nico: josefe31@hotmail.com,, josefe31@gmail.com<\/strong><\/p>\n\n\n\n<p><strong>FMINFORMATIVO.COM<\/strong><\/p>\n","protected":false},"excerpt":{"rendered":"<p>Columna Encuadre Jos\u00e9 F. Medina &nbsp;Hay de males a males Mi\u00e9rcoles 5 de marzo de 2025 Dicen que los males nunca llegan solos\u2026 Y algo hay de cierto. Por ejemplo: hace unos d\u00edas, la lavadora de mi casa (la el\u00e9ctrica, no la de dos patas de Fox) ya no quiso dar ni pa tras ni [&hellip;]<\/p>\n","protected":false},"author":1,"featured_media":25558,"comment_status":"open","ping_status":"open","sticky":false,"template":"","format":"standard","meta":{"content-type":"","footnotes":""},"categories":[122],"tags":[],"class_list":{"0":"post-25557","1":"post","2":"type-post","3":"status-publish","4":"format-standard","5":"has-post-thumbnail","7":"category-jose-felipe-medina"},"_links":{"self":[{"href":"https:\/\/www.regioncuatronoticias.com\/index.php\/wp-json\/wp\/v2\/posts\/25557","targetHints":{"allow":["GET"]}}],"collection":[{"href":"https:\/\/www.regioncuatronoticias.com\/index.php\/wp-json\/wp\/v2\/posts"}],"about":[{"href":"https:\/\/www.regioncuatronoticias.com\/index.php\/wp-json\/wp\/v2\/types\/post"}],"author":[{"embeddable":true,"href":"https:\/\/www.regioncuatronoticias.com\/index.php\/wp-json\/wp\/v2\/users\/1"}],"replies":[{"embeddable":true,"href":"https:\/\/www.regioncuatronoticias.com\/index.php\/wp-json\/wp\/v2\/comments?post=25557"}],"version-history":[{"count":1,"href":"https:\/\/www.regioncuatronoticias.com\/index.php\/wp-json\/wp\/v2\/posts\/25557\/revisions"}],"predecessor-version":[{"id":25559,"href":"https:\/\/www.regioncuatronoticias.com\/index.php\/wp-json\/wp\/v2\/posts\/25557\/revisions\/25559"}],"wp:featuredmedia":[{"embeddable":true,"href":"https:\/\/www.regioncuatronoticias.com\/index.php\/wp-json\/wp\/v2\/media\/25558"}],"wp:attachment":[{"href":"https:\/\/www.regioncuatronoticias.com\/index.php\/wp-json\/wp\/v2\/media?parent=25557"}],"wp:term":[{"taxonomy":"category","embeddable":true,"href":"https:\/\/www.regioncuatronoticias.com\/index.php\/wp-json\/wp\/v2\/categories?post=25557"},{"taxonomy":"post_tag","embeddable":true,"href":"https:\/\/www.regioncuatronoticias.com\/index.php\/wp-json\/wp\/v2\/tags?post=25557"}],"curies":[{"name":"wp","href":"https:\/\/api.w.org\/{rel}","templated":true}]}}