{"id":25553,"date":"2025-03-06T20:49:36","date_gmt":"2025-03-07T03:49:36","guid":{"rendered":"https:\/\/www.regioncuatronoticias.com\/?p=25553"},"modified":"2025-03-06T20:49:38","modified_gmt":"2025-03-07T03:49:38","slug":"zocalo-lleno-donald-trump-no-tanto","status":"publish","type":"post","link":"https:\/\/www.regioncuatronoticias.com\/index.php\/2025\/03\/06\/zocalo-lleno-donald-trump-no-tanto\/","title":{"rendered":"Z\u00f3calo lleno, Donald Trump no tanto\u2026"},"content":{"rendered":"\n<p><strong>Columna&nbsp; El Zancudo<\/strong><\/p>\n\n\n\n<p><strong>Arturo Soto Mungu\u00eda<\/strong><\/p>\n\n\n\n<p><strong>Z\u00f3calo lleno, Donald Trump no tanto\u2026<\/strong><\/p>\n\n\n\n<p><strong>Viernes 7 de marzo de 2025<\/strong><\/p>\n\n\n\n<p>La concentraci\u00f3n a la que est\u00e1 convocando la presidenta Claudia Sheinbaum en el Z\u00f3calo capitalino no tiene la intenci\u00f3n de resolver el tema de los aranceles, no. Es un ejercicio de legitimaci\u00f3n del poder hacia dentro, de fortalecimiento del liderazgo y de cierre de filas frente a las atrabiliarias y veleidosas posiciones del gobierno norteamericano, que parece insaciable en sus pretensiones.<\/p>\n\n\n\n<p>&nbsp;El mensaje del Z\u00f3calo lleno no es para Donald Trump, al que pareciera importarle poco si le construyen un segundo piso a esa plaza y tambi\u00e9n lo llenan de gente; es m\u00e1s bien para las bases de apoyo del gobierno mexicano que, en sinton\u00eda con esa continuidad del obradorismo se sigue moviendo bajo la premisa de que \u2018la mejor pol\u00edtica exterior es la pol\u00edtica interior\u2019, como no se cans\u00f3 de repetirlo el ex presidente.<\/p>\n\n\n\n<p>&nbsp;Durante sus seis a\u00f1os de gobierno, AMLO desestim\u00f3 los foros internacionales y el cabildeo en el concierto de las naciones.<\/p>\n\n\n\n<p>&nbsp;Con malicioso humor negro, suele citarse que el expresidente acudi\u00f3 m\u00e1s veces a Badiraguato (6) que a Estados Unidos (3); particip\u00f3 virtualmente en algunos foros internacionales y a otras reuniones cumbre siempre envi\u00f3 representantes; su esposa, Beatriz Guti\u00e9rrez M\u00fcller llev\u00f3 la representaci\u00f3n de M\u00e9xico a la toma de posesi\u00f3n de algunos presidentes latinoamericanos. Tuvo una gira m\u00e1s en la que cubri\u00f3 Guatemala, El Salvador, Honduras, Belice y Cuba en 2022, y en 2023 una m\u00e1s a Colombia, Chile y EEUU. En 2018, 2019 y 2024 no sali\u00f3 del pa\u00eds.<\/p>\n\n\n\n<p>&nbsp;\u00bfA qu\u00e9 se refer\u00eda exactamente AMLO con eso de que \u2018la mejor pol\u00edtica exterior es la interior\u2019? Quiz\u00e1s a que la gobernabilidad en M\u00e9xico estaba garantizada mientras tuviera el control de todos los hilos del poder, desde el ejecutivo al que lleg\u00f3 con la cifra m\u00e1s alta de votos en 2018, hasta el Legislativo donde supo construir mayor\u00edas afines a su proyecto, a veces con m\u00e9todos poco ortodoxos. Tambi\u00e9n en la mayor\u00eda de las gubernaturas.<\/p>\n\n\n\n<p>&nbsp;Al Poder Judicial que es donde enfrent\u00f3 mayores resistencias, termin\u00f3 dobl\u00e1ndolo y someti\u00e9ndolo a una reforma que este a\u00f1o dejar\u00e1 atr\u00e1s el sistema de justicia tal y como lo conoc\u00edamos.<\/p>\n\n\n\n<p>&nbsp;Tambi\u00e9n supo controlar otros poderes f\u00e1cticos: convirti\u00f3 al Ej\u00e9rcito en una poderos\u00edsima empresa constructora y administradora de sus megaproyectos y al empresariado machuch\u00f3n lo tuvo comiendo de su mano, presumiendo incluso que en ning\u00fan otro gobierno hab\u00edan ganado tanto dinero como en el suyo, incluyendo los tamales de chipil\u00edn que les dio de cenar en aquel encuentro para venderles millones de cachitos de loter\u00eda para la bizarra rifa del avi\u00f3n presidencial. La iglesia cat\u00f3lica nunca tuvo un perfil tan bajo como en el sexenio de AMLO.<\/p>\n\n\n\n<p>&nbsp;Y ya del pueblo ni hablamos: los programas sociales se convirtieron en su principal fuente de legitimaci\u00f3n electoral y de invisibilizaci\u00f3n de la oposici\u00f3n.<\/p>\n\n\n\n<p>&nbsp;Claudia Sheinbaum repite la f\u00f3rmula. Al Z\u00f3calo est\u00e1n convocados todos los actores aqu\u00ed mencionados y all\u00ed estar\u00e1n, salvo, claro, esa oposici\u00f3n que por cierto, no le har\u00e1 falta. La convocatoria no es para ellos.<\/p>\n\n\n\n<p>Este jueves, la presidenta tendr\u00e1 una llamada telef\u00f3nica con su hom\u00f3logo de EEUU para abordar el tema de los aranceles, con los que Trump ha presionado al gobierno mexicano desde el 20 de enero y con el que ha jugado a ser Pedro, el pastorcito que gustaba asustar a la gente del pueblo gritando que ah\u00ed ven\u00eda el lobo.<\/p>\n\n\n\n<p>&nbsp;Nadie sabe cu\u00e1l ser\u00e1 el resultado de esta conversaci\u00f3n porque en mucho depende del \u00e1nimo con el que despierte el Ogro Naranja, pero no hay mucho optimismo al respecto. Son demasiadas se\u00f1ales de que Trump est\u00e1 empe\u00f1ado en apretar el nudo de la horca a M\u00e9xico si en ello le va rescatar un poco de la popularidad que ha perdido vertiginosamente en su pa\u00eds y cumplirle a sus electores eso de volver a Am\u00e9rica m\u00e1s grande, lo que en su imaginario significa regresar a los tiempos del mundo unipolar, lo que por cierto luce imposible.<\/p>\n\n\n\n<p>&nbsp;Claudia Sheinbaum ya adelant\u00f3 que responder\u00e1 a la embestida norteamericana con medidas arancelarias y no arancelarias, pero eso tampoco despierta mucho optimismo. Una guerra comercial o de cualquier otro tipo con la potencia norteamericana, y sobre todo con un presidente que se asemeja m\u00e1s a un mat\u00f3n del barrio que a un hombre de Estado no hace albergar buenos presagios.<\/p>\n\n\n\n<p>&nbsp;A L\u00f3pez Obrador le funcion\u00f3 esa f\u00f3rmula de mirar m\u00e1s hacia dentro que hacia fuera del pa\u00eds, pero no es menos cierto que \u00e9l nunca estuvo tan presionado como Sheinbaum. Y cuando le apretaron las tuercas con el tema de la migraci\u00f3n -el mismo Trump en su primer mandato- cedi\u00f3 a todas las presiones, como lo est\u00e1 haciendo Claudia hoy, arengando al pueblo con la defensa de la soberan\u00eda, pero depositando en el altar del Ogro Naranja todas las ofrendas que le ha pedido.<\/p>\n\n\n\n<p>&nbsp;La concentraci\u00f3n en el Z\u00f3calo podr\u00e1 ser una gran victoria moral para el movimiento de la 4T, para inyectar \u00e1nimos a sus huestes y para mantener aceitada la maquinaria de la movilizaci\u00f3n y la narrativa patriotera, pero me temo que no servir\u00e1 de mucho para modificar la rijosidad del vecino norte\u00f1o.<\/p>\n\n\n\n<p>&nbsp;Vienen d\u00edas de mucha tensi\u00f3n.<\/p>\n\n\n\n<p>&nbsp;<strong>II<\/strong><\/p>\n\n\n\n<p>&nbsp;En temas menos espinosos y de mejor horizonte, Sonora se posicion\u00f3 en el tercer lugar nacional en el rubro de contrataci\u00f3n de m\u00e9dicos especialistas en distintos hospitales, informaci\u00f3n que deriv\u00f3 de la reuni\u00f3n de seguimiento a las acciones de fortalecimiento de los servicios de salud en Sonora.<\/p>\n\n\n\n<p>&nbsp;El gobernador Alfonso Durazo present\u00f3 avances en atenci\u00f3n m\u00e9dica del IMSS y destac\u00f3 que ya son 210 m\u00e9dicos y m\u00e9dicas especialistas que han sido contratados con lo que se fortalece el sistema de salud en la entidad, que tendr\u00e1 un nuevo impulso con la conversi\u00f3n del antiguo Hospital General del Estado en Hospital Universitario, donde estudiantes de Medicina de la Unison y otras universidades pondr\u00e1n en pr\u00e1ctica sus conocimientos.<\/p>\n\n\n\n<p><strong>III<\/strong><\/p>\n\n\n\n<p>&nbsp;Y como el calendario no se detiene, llegamos a otro 8 de Marzo, D\u00eda Internacional de la Mujer y me gustar\u00eda decir que llegamos con buenas noticias, pero lamentablemente la agenda de pendientes sigue siendo m\u00e1s voluminosa que la de los logros.<\/p>\n\n\n\n<p>&nbsp;Violencia familiar, violencia pol\u00edtica en raz\u00f3n de g\u00e9nero, violencia vicaria y otros tipos de violencia contra las mujeres siguen siendo la constante, pese a los esfuerzos que se hacen desde las instituciones y desde la sociedad civil para erradicarlas.<\/p>\n\n\n\n<p>&nbsp;En aras de avanzar en esa agenda, no pierda usted de vista lo que suceder\u00e1 este viernes en el Congreso del Estado donde se llevar\u00e1 a cabo el S\u00e9ptimo Parlamento de Mujeres convocado por la Comisi\u00f3n para la Igualdad de G\u00e9nero que preside la diputada Mar\u00eda Alicia Gayt\u00e1n.<\/p>\n\n\n\n<p>&nbsp;El prop\u00f3sito es debatir, revisar, promover e integrar una agenda legislativa relativa a la equidad y la igualdad de g\u00e9nero, as\u00ed como para prevenir y erradicar toda forma de violencia hacia las mujeres.<\/p>\n\n\n\n<p>&nbsp;En el foro participar\u00e1n especialistas en temas como: sistema de autocuidados de la mujer y edadismo, acceso a la salud sexual y reproductiva, a la educaci\u00f3n y prevenci\u00f3n de la trata de ni\u00f1as y j\u00f3venes; medios digitales y desarrollo econ\u00f3mico y emprendimiento con perspectiva de g\u00e9nero.<\/p>\n\n\n\n<p>&nbsp;Este es solo uno de los eventos que esa comisi\u00f3n organiza, y en los pr\u00f3ximos d\u00edas les informaremos sobre otros en los que se convoca a todas a participar.<\/p>\n\n\n\n<p><strong>&nbsp;Tambi\u00e9n me puedes seguir en X: @Chaposoto<\/strong><\/p>\n\n\n\n<p><strong>Visita www.elzancudo.com.mx<\/strong><\/p>\n","protected":false},"excerpt":{"rendered":"<p>Columna&nbsp; El Zancudo Arturo Soto Mungu\u00eda Z\u00f3calo lleno, Donald Trump no tanto\u2026 Viernes 7 de marzo de 2025 La concentraci\u00f3n a la que est\u00e1 convocando la presidenta Claudia Sheinbaum en el Z\u00f3calo capitalino no tiene la intenci\u00f3n de resolver el tema de los aranceles, no. Es un ejercicio de legitimaci\u00f3n del poder hacia dentro, de [&hellip;]<\/p>\n","protected":false},"author":1,"featured_media":25554,"comment_status":"open","ping_status":"open","sticky":false,"template":"","format":"standard","meta":{"content-type":"","footnotes":""},"categories":[125],"tags":[],"class_list":{"0":"post-25553","1":"post","2":"type-post","3":"status-publish","4":"format-standard","5":"has-post-thumbnail","7":"category-arturo-soto-munguia"},"_links":{"self":[{"href":"https:\/\/www.regioncuatronoticias.com\/index.php\/wp-json\/wp\/v2\/posts\/25553","targetHints":{"allow":["GET"]}}],"collection":[{"href":"https:\/\/www.regioncuatronoticias.com\/index.php\/wp-json\/wp\/v2\/posts"}],"about":[{"href":"https:\/\/www.regioncuatronoticias.com\/index.php\/wp-json\/wp\/v2\/types\/post"}],"author":[{"embeddable":true,"href":"https:\/\/www.regioncuatronoticias.com\/index.php\/wp-json\/wp\/v2\/users\/1"}],"replies":[{"embeddable":true,"href":"https:\/\/www.regioncuatronoticias.com\/index.php\/wp-json\/wp\/v2\/comments?post=25553"}],"version-history":[{"count":1,"href":"https:\/\/www.regioncuatronoticias.com\/index.php\/wp-json\/wp\/v2\/posts\/25553\/revisions"}],"predecessor-version":[{"id":25555,"href":"https:\/\/www.regioncuatronoticias.com\/index.php\/wp-json\/wp\/v2\/posts\/25553\/revisions\/25555"}],"wp:featuredmedia":[{"embeddable":true,"href":"https:\/\/www.regioncuatronoticias.com\/index.php\/wp-json\/wp\/v2\/media\/25554"}],"wp:attachment":[{"href":"https:\/\/www.regioncuatronoticias.com\/index.php\/wp-json\/wp\/v2\/media?parent=25553"}],"wp:term":[{"taxonomy":"category","embeddable":true,"href":"https:\/\/www.regioncuatronoticias.com\/index.php\/wp-json\/wp\/v2\/categories?post=25553"},{"taxonomy":"post_tag","embeddable":true,"href":"https:\/\/www.regioncuatronoticias.com\/index.php\/wp-json\/wp\/v2\/tags?post=25553"}],"curies":[{"name":"wp","href":"https:\/\/api.w.org\/{rel}","templated":true}]}}