{"id":25547,"date":"2025-03-06T20:38:49","date_gmt":"2025-03-07T03:38:49","guid":{"rendered":"https:\/\/www.regioncuatronoticias.com\/?p=25547"},"modified":"2025-03-06T20:38:52","modified_gmt":"2025-03-07T03:38:52","slug":"por-la-libre-o-con-permiso","status":"publish","type":"post","link":"https:\/\/www.regioncuatronoticias.com\/index.php\/2025\/03\/06\/por-la-libre-o-con-permiso\/","title":{"rendered":"Por la libre o con permiso"},"content":{"rendered":"\n<p><strong>Columna Corren Rumores<\/strong><\/p>\n\n\n\n<p><strong>Hilario Olea<\/strong><\/p>\n\n\n\n<p><strong>Por la libre o con permiso<\/strong><\/p>\n\n\n\n<p><strong>Viernes 7 de marzo de 2025<\/strong><\/p>\n\n\n\n<p><strong>SURGI\u00d3 LA DUDA\u2026 <\/strong>Durante la ronda de an\u00e1lisis en el programa Contertulio &nbsp;entre Colegas a trav\u00e9s de la red del Nuevo Sonora, y que atinadamente conducen los colegas y amigos Feliciano Guirado y Al\u00e1n Castro, y con la participaci\u00f3n del maestro Fracisco Javier Ruiz Quirr\u00edn, se abord\u00f3 el tema del panorama electoral para el 2027 en Sonora, y salt\u00f3 una duda que vale la pena retomar y compartir, al referirse si los que actualmente andan en promoci\u00f3n por el partido oficial lo hacen con permiso de palacio de gobierno o andan por la libre. Duda por dem\u00e1s interesante, porque se hizo la referencia a que antes a los aspirantes no se les permit\u00eda promoverse salvo los que estaban considerados como proyectos electorales. De ah\u00ed la pregunta \u00bflas cosas ya cambiaron o los que vemos que aparecen hasta en la sopa andan por sus meras pistolas?<\/p>\n\n\n\n<p><strong>ENCUESTAS \u201cCUCHAREADAS\u201d\u2026 <\/strong>En algo estamos de acuerdo, que muchas de las encuestas que&nbsp; est\u00e1n saliendo en esta etapa preelectoral son cuchareadas, en todo sentido. Desde la lista que colocan de aspirantes a calificar por la gente para ser candidatos a la gubernatura.&nbsp; Demoscop\u00eda por ejemplo, solo considera&nbsp; como aspirantes por Morena a&nbsp; Heriberto Aguilar, Lorenia Valles,&nbsp; Javier Lamarque, Abraham Mier y Karla C\u00f3rdova. Est\u00e1n C\u00e9lida L\u00f3pez y Froyl\u00e1n G\u00e1mez, pero estos como aspirantes del PT.&nbsp; Nadie por el Verde a pesar de que tambi\u00e9n es partido oficial que debe estar alineado con palacio de gobierno. Estos nombres hacen, como dijeron en el Contertulio, hacen pensar que la caballada puede estar flaca. Salvo por figuras como la senadora Valles,&nbsp; a los dem\u00e1s les hace falta m\u00e1s estatura. Concluyendo, el que pone la lista pone la encuesta.&nbsp; Ah\u00ed faltaron nombres como el de Octavio Almada,&nbsp; Omar del Valle Colosio,&nbsp; Adolfo Salazar,&nbsp; Jacobo Mendoza y otros personajes que&nbsp; brillan con buena luz.&nbsp;<\/p>\n\n\n\n<p><strong>LAS LISTAS\u2026<\/strong> Por eso insistimos en preguntar varias cosas. Primero,&nbsp; quien escogi\u00f3 y quien paga las encuestas, porque no creo que Demoscop\u00eda lo est\u00e9 haciendo como obra de caridad o de pura buena onda. Dos, quien le sugiri\u00f3 a esta casa encuestadora la lista de los posibles aspirantes.&nbsp; Y finalmente ver que tan confiable fue la metodolog\u00eda, ya que seg\u00fan se\u00f1alan fue una encuesta telef\u00f3nica. No se\u00f1ala que nivel de rechazo tuvo, porque actualmente&nbsp; el porcentaje de los que rechazan ser encuestados por celular es muy alto. Sobre todo porque muchos, entre ellos me incluyo, no respondo a n\u00fameros de celular que no conozco.&nbsp; Pero dej\u00e9moslo as\u00ed,&nbsp; y d\u00e9mosle el beneficio de la duda porque la encuesta es avalada por el peri\u00f3dico La Jornada.&nbsp; Pero ah\u00ed les encargo si me dicen quien impuso la mentada lista de aspirantes.<\/p>\n\n\n\n<p><strong>QU\u00c9 NOS PASA\u2026 <\/strong>En el noticiero de Entre Todos nos llegan comentarios de la preocupaci\u00f3n que hay en estos d\u00edas por el incremento de accidentes de tr\u00e1nsito que est\u00e1n acabando en muertes y heridos graves. Reci\u00e9n en la semana hubo casos pat\u00e9ticos, como una joven embarazada que muri\u00f3 cuando el autob\u00fas de los Rayos de Hermosillo choc\u00f3 contra su carro.&nbsp; Otro, el ciclista atropellado por un choque por alcance cuando participaba en una redada. El cami\u00f3n urbano que quiso ganarle al sem\u00e1foro y provoc\u00f3 un choque que dej\u00f3 20 heridos. El com\u00fan denominador de estos accidentes y muchos m\u00e1s si se fijan es el descuido al manejar. Algo nos est\u00e1 pasando, porque cada vez nos volvemos m\u00e1s imprudentes tras el volante.&nbsp; Y en tanto, los accidentes suben de cantidad&nbsp; y gravedad.<\/p>\n\n\n\n<p><strong>ALCOHOL VS CELULAR\u2026<\/strong> Antes el factor n\u00famero uno de los accidentes viales era sin duda el alcohol. Por lo general, los choques dram\u00e1ticos se presentaban en la noche o madrugada cuando se conduc\u00eda bien \u201cservido\u201d. Pero ahora es a todas horas del d\u00eda, porque el factor de imprudencia ya no es la bebida sino el celular. A pesar de los riesgos,&nbsp; poco les importa a los conductores&nbsp; manejar y al mismo tiempo ir hablando o peor a\u00fan, ir leyendo y hasta contestando mensajes. Gente del p\u00fablico aseguran que han sido testigos de c\u00f3mo la gente en lugar de ver&nbsp; por donde conducen van con la mirada clavada en la pantalla de su celular. Y cuando levantan la cabeza ya tienen otro carro enfrente o lo que es peor, un peat\u00f3n, alguien en bicicleta o en motocicleta. Y para entonces es imposible evitar el golpe, que muchas veces resulta mortal. Por eso vale la pregunta que se hace nuestro p\u00fablico, \u00bfQu\u00e9 nos pasa?<\/p>\n\n\n\n<p><strong>En fin, lo bueno que hoy, hoy es un sabroso\u2026\u00a1\u00a1\u00a1Viernes!!!, y por lo mismo recuerden lo que dec\u00eda la Chata Moreno, marido que no dice que no es mandil\u00f3n, o es mentiroso o es viudo. Sale.&nbsp;<\/strong><\/p>\n\n\n\n<p><strong>S\u00edganos en la cuenta de X o Twitter @hilarioolea.<\/strong><\/p>\n\n\n\n<p><strong>Pueden vernos de lunes a viernes de 8 a 9 de la noche en nuestro canal de YouTube \u201cEntre Todos Digital\u201d.<\/strong><\/p>\n\n\n\n<p><strong>Sigan nuestras redes sociales<\/strong><\/p>\n","protected":false},"excerpt":{"rendered":"<p>Columna Corren Rumores Hilario Olea Por la libre o con permiso Viernes 7 de marzo de 2025 SURGI\u00d3 LA DUDA\u2026 Durante la ronda de an\u00e1lisis en el programa Contertulio &nbsp;entre Colegas a trav\u00e9s de la red del Nuevo Sonora, y que atinadamente conducen los colegas y amigos Feliciano Guirado y Al\u00e1n Castro, y con la [&hellip;]<\/p>\n","protected":false},"author":1,"featured_media":25548,"comment_status":"open","ping_status":"open","sticky":false,"template":"","format":"standard","meta":{"content-type":"","footnotes":""},"categories":[121],"tags":[],"class_list":{"0":"post-25547","1":"post","2":"type-post","3":"status-publish","4":"format-standard","5":"has-post-thumbnail","7":"category-hilarioolea"},"_links":{"self":[{"href":"https:\/\/www.regioncuatronoticias.com\/index.php\/wp-json\/wp\/v2\/posts\/25547","targetHints":{"allow":["GET"]}}],"collection":[{"href":"https:\/\/www.regioncuatronoticias.com\/index.php\/wp-json\/wp\/v2\/posts"}],"about":[{"href":"https:\/\/www.regioncuatronoticias.com\/index.php\/wp-json\/wp\/v2\/types\/post"}],"author":[{"embeddable":true,"href":"https:\/\/www.regioncuatronoticias.com\/index.php\/wp-json\/wp\/v2\/users\/1"}],"replies":[{"embeddable":true,"href":"https:\/\/www.regioncuatronoticias.com\/index.php\/wp-json\/wp\/v2\/comments?post=25547"}],"version-history":[{"count":1,"href":"https:\/\/www.regioncuatronoticias.com\/index.php\/wp-json\/wp\/v2\/posts\/25547\/revisions"}],"predecessor-version":[{"id":25549,"href":"https:\/\/www.regioncuatronoticias.com\/index.php\/wp-json\/wp\/v2\/posts\/25547\/revisions\/25549"}],"wp:featuredmedia":[{"embeddable":true,"href":"https:\/\/www.regioncuatronoticias.com\/index.php\/wp-json\/wp\/v2\/media\/25548"}],"wp:attachment":[{"href":"https:\/\/www.regioncuatronoticias.com\/index.php\/wp-json\/wp\/v2\/media?parent=25547"}],"wp:term":[{"taxonomy":"category","embeddable":true,"href":"https:\/\/www.regioncuatronoticias.com\/index.php\/wp-json\/wp\/v2\/categories?post=25547"},{"taxonomy":"post_tag","embeddable":true,"href":"https:\/\/www.regioncuatronoticias.com\/index.php\/wp-json\/wp\/v2\/tags?post=25547"}],"curies":[{"name":"wp","href":"https:\/\/api.w.org\/{rel}","templated":true}]}}