{"id":25540,"date":"2025-03-05T23:29:14","date_gmt":"2025-03-06T06:29:14","guid":{"rendered":"https:\/\/www.regioncuatronoticias.com\/?p=25540"},"modified":"2025-03-05T23:29:15","modified_gmt":"2025-03-06T06:29:15","slug":"la-musica-y-la-apologia-de-lo-incorrecto","status":"publish","type":"post","link":"https:\/\/www.regioncuatronoticias.com\/index.php\/2025\/03\/05\/la-musica-y-la-apologia-de-lo-incorrecto\/","title":{"rendered":"La m\u00fasica y la apolog\u00eda de lo incorrecto"},"content":{"rendered":"\n<p><strong>Columna De Primera Mano<\/strong><\/p>\n\n\n\n<p><strong>Francisco Javier Ruiz Quirr\u00edn<\/strong><\/p>\n\n\n\n<p><strong>La m\u00fasica y la apolog\u00eda de lo incorrecto<\/strong><\/p>\n\n\n\n<p><strong>Jueves 6 de marzo de 2025<\/strong><\/p>\n\n\n\n<p><strong>AQU\u00cd <\/strong>hay un coctel muy especial. Vivimos en una \u00e9poca en la que la celebridad art\u00edstica, sea m\u00fasico, actor o pintor, se ha apropiado de una rebeld\u00eda que refleja en sus expresiones, -muchas veces irreverentes-, lo que muchos quisieran decir y se guardan para s\u00ed mismos.<\/p>\n\n\n\n<p>El p\u00fablico logra captar en el ritmo, en la letra de las canciones, en las pel\u00edculas y series, lo que quisiera hacer pero algo lo detiene.<\/p>\n\n\n\n<p>Cada \u00e9poca registra su rebeld\u00eda. En la segunda mitad del siglo pasado, los \u201chippies\u201d fueron un ejemplo. Los Beatles le cantaron al LSD y grupos como el AC-DC y Black Sabbath le cantaron a la noche, mientras que Rolling Stones manifestaron su simpat\u00eda por el diablo.<\/p>\n\n\n\n<p>Charles Manson y seguidores en Los \u00c1ngeles, California, -todos miembros de una secta sat\u00e1nica- se convirtieron en asesinos y estaban convencidos de que no morir\u00edan porque hab\u00edan hecho un pacto con el diablo. Se equivocaron. Todos han muerto.<\/p>\n\n\n\n<p>Todas esas celebridades cometieron esos excesos, lo que no quiere decir que hac\u00edan lo correcto, moral o legalmente. Y la sociedad act\u00faa como el p\u00e9ndulo, un d\u00eda est\u00e1 en un extremo y al otro en el extremo contrario, lo que no necesariamente debemos interpretar como seguidores de esos \u00edconos.<\/p>\n\n\n\n<p>En nuestros d\u00edas, la cultura del \u201cnarco\u201d no solo se manifiesta en infinidad de series televisivas y pel\u00edculas como \u201cEmilia P\u00e9rez\u201d, sino tambi\u00e9n en la penosa fama de M\u00e9xico en el mundo.<\/p>\n\n\n\n<p>Las sociedades mismas evolucionan en base a sus valores y al amor que sienten por su pa\u00eds, por encima de cualquier inter\u00e9s personal. Quien carece de esos elementos se hunde en el fango, a veces de la muerte. \u00bfCu\u00e1ntas celebridades no han sucumbido por sus excesos en el consumo de las drogas?<\/p>\n\n\n\n<p>As\u00ed, M\u00e9xico ha hecho de la violencia una parte de su cultura y los l\u00edmites se impondr\u00e1n por esta misma sociedad, sus costumbres, sus valores, su espiritualidad.<\/p>\n\n\n\n<p>\u00bfQu\u00e9 decir del \u201cnarco-corrido\u201d y de la fabricaci\u00f3n de h\u00e9roes a trav\u00e9s de series y pel\u00edculas que observan hasta las y los ni\u00f1os? Hay una sociedad que lo permite, \u00bfno?<\/p>\n\n\n\n<p>Por eso, ahora que tenemos a un Car\u00edn Le\u00f3n haciendo apolog\u00eda del consumo de drogas y a un Nathanael Cano lanzando \u201cvivas\u201d a \u201cnarcos\u201d y organizaciones delincuenciales, sus seguidores les aplauden y las autoridades los toleran.<\/p>\n\n\n\n<p>\u00bfEst\u00e1 bien lo que hacen? Es probable que para la mayor\u00eda de nuestra sociedad sea algo reprobable y su exhibici\u00f3n p\u00fablica, debiera ser motivo para marcar las diferencias, lograr una buena comunicaci\u00f3n en familia y abordar temas como la bondad y la maldad en el mundo que ahora vivimos.<\/p>\n\n\n\n<p>Bueno, este mi\u00e9rcoles comenz\u00f3 la Cuaresma 2025. Es un buen tiempo para reflexionar. Ser\u00eda muy sano el hacerlo. De usted depende el que sus hijos y sus nietos sigan los buenos o los malos ejemplos.<\/p>\n\n\n\n<p><strong>ALGO <\/strong>habr\u00e1 qu\u00e9 hacer para tomar consciencia del enorme problema en el que se ha convertido el tr\u00e1nsito vehicular\u2026 Tal parece que la cantidad de autom\u00f3viles no caben en la ciudad y- otra vez- muchos no sabemos conducir\u2026 Estamos frente al volante y carecemos de conciencia respecto a la responsabilidad que asumimos\u2026 La mayor\u00eda conduce a la ofensiva y no respetamos los se\u00f1alamientos\u2026 \u00bfQui\u00e9n detiene su autom\u00f3vil cuando le toca la luz amarilla en el sem\u00e1foro? Muy pocos\u2026 Hundimos el acelerador para adelantarnos a la posibilidad del color rojo\u2026 \u00bfNos olvidamos del celular mientras estamos frente al volante?&#8230; Son apenas unos ejemplos de la probabilidad de causar accidentes por todos esos excesos\u2026 Por eso Hermosillo tiene un promedio de 30 choques al d\u00eda y por eso, muy lamentablemente, se registran los accidentes fatales, como el del ciclista de hace un par de d\u00edas en la carretera a Bah\u00eda de Kino\u2026 Y las cosas no suceden, hasta que suceden.<\/p>\n","protected":false},"excerpt":{"rendered":"<p>Columna De Primera Mano Francisco Javier Ruiz Quirr\u00edn La m\u00fasica y la apolog\u00eda de lo incorrecto Jueves 6 de marzo de 2025 AQU\u00cd hay un coctel muy especial. Vivimos en una \u00e9poca en la que la celebridad art\u00edstica, sea m\u00fasico, actor o pintor, se ha apropiado de una rebeld\u00eda que refleja en sus expresiones, -muchas [&hellip;]<\/p>\n","protected":false},"author":1,"featured_media":25541,"comment_status":"open","ping_status":"open","sticky":false,"template":"","format":"standard","meta":{"content-type":"","footnotes":""},"categories":[124],"tags":[],"class_list":{"0":"post-25540","1":"post","2":"type-post","3":"status-publish","4":"format-standard","5":"has-post-thumbnail","7":"category-francisco-javier-ruiz-quirrin"},"_links":{"self":[{"href":"https:\/\/www.regioncuatronoticias.com\/index.php\/wp-json\/wp\/v2\/posts\/25540","targetHints":{"allow":["GET"]}}],"collection":[{"href":"https:\/\/www.regioncuatronoticias.com\/index.php\/wp-json\/wp\/v2\/posts"}],"about":[{"href":"https:\/\/www.regioncuatronoticias.com\/index.php\/wp-json\/wp\/v2\/types\/post"}],"author":[{"embeddable":true,"href":"https:\/\/www.regioncuatronoticias.com\/index.php\/wp-json\/wp\/v2\/users\/1"}],"replies":[{"embeddable":true,"href":"https:\/\/www.regioncuatronoticias.com\/index.php\/wp-json\/wp\/v2\/comments?post=25540"}],"version-history":[{"count":1,"href":"https:\/\/www.regioncuatronoticias.com\/index.php\/wp-json\/wp\/v2\/posts\/25540\/revisions"}],"predecessor-version":[{"id":25542,"href":"https:\/\/www.regioncuatronoticias.com\/index.php\/wp-json\/wp\/v2\/posts\/25540\/revisions\/25542"}],"wp:featuredmedia":[{"embeddable":true,"href":"https:\/\/www.regioncuatronoticias.com\/index.php\/wp-json\/wp\/v2\/media\/25541"}],"wp:attachment":[{"href":"https:\/\/www.regioncuatronoticias.com\/index.php\/wp-json\/wp\/v2\/media?parent=25540"}],"wp:term":[{"taxonomy":"category","embeddable":true,"href":"https:\/\/www.regioncuatronoticias.com\/index.php\/wp-json\/wp\/v2\/categories?post=25540"},{"taxonomy":"post_tag","embeddable":true,"href":"https:\/\/www.regioncuatronoticias.com\/index.php\/wp-json\/wp\/v2\/tags?post=25540"}],"curies":[{"name":"wp","href":"https:\/\/api.w.org\/{rel}","templated":true}]}}