{"id":25531,"date":"2025-03-05T23:16:10","date_gmt":"2025-03-06T06:16:10","guid":{"rendered":"https:\/\/www.regioncuatronoticias.com\/?p=25531"},"modified":"2025-03-05T23:16:12","modified_gmt":"2025-03-06T06:16:12","slug":"la-marcha-del-8m-por-las-1000-desaparecidas-en-los-primeros-100-dias-de-sheinbaum","status":"publish","type":"post","link":"https:\/\/www.regioncuatronoticias.com\/index.php\/2025\/03\/05\/la-marcha-del-8m-por-las-1000-desaparecidas-en-los-primeros-100-dias-de-sheinbaum\/","title":{"rendered":"La marcha del 8M, por las 1,000 desaparecidas en los primeros 100 d\u00edas de Sheinbaum"},"content":{"rendered":"\n<p><strong>Esta ser\u00e1 la ruta, los horarios y la organizaci\u00f3n de los contingentes para la Marcha por el D\u00eda Internacional de la Mujer de este s\u00e1bado 8 de marzo.<\/strong><\/p>\n\n\n\n<p>Tomado de Proceso<\/p>\n\n\n\n<p>Sara Pantoja<\/p>\n\n\n\n<p>Mi\u00e9rcoles 5 de marzo de 2025<\/p>\n\n\n\n<p>CIUDAD DE M\u00c9XICO (apro).- En los primeros 100 d\u00edas del gobierno de la presidenta Claudia Sheinbaum Pardo \u201cse han reportado cuatro mil desapariciones, de las cuales una de cada cuatro corresponde a mujeres y adolescentes\u201d, acus\u00f3 la organizaci\u00f3n Coordinaci\u00f3n 8M.<\/p>\n\n\n\n<p>Por esa y otras razones, convoc\u00f3 a la Jornada Nacional &#8220;Paramos, Marchamos y Nos Organizamos&#8221;, que se realizar\u00e1 el s\u00e1bado 8 de marzo, D\u00eda Internacional de la Mujer, con una marcha que partir\u00e1 al mediod\u00eda de la Glorieta de las Mujeres que Luchan y terminar\u00e1 en el Z\u00f3calo capitalino.<\/p>\n\n\n\n<p>En un comunicado, la Coordinaci\u00f3n 8M lanz\u00f3 su llamado: &#8220;A ocho a\u00f1os del Paro Internacional de Mujeres, seguimos en pie de lucha, reivindicando el feminismo y convocando a la jornada Nacional \u00b4Paramos, Marchamos y Nos Organizamos\u2019\u201d.<\/p>\n\n\n\n<p>Difundido en sus redes sociales, en el texto acus\u00f3 que, \u201ca pesar de los discursos oficiales sobre avances en derechos, la violencia contra las mujeres no cesa. Cada a\u00f1o, miles de mujeres desaparecen y son asesinadas\u201d.<\/p>\n\n\n\n<p>Adem\u00e1s de las desapariciones de mujeres en los primeros 100 d\u00edas del actual gobierno, asegur\u00f3 que \u201cla crisis de violencia persiste. En M\u00e9xico se registran entre dos mil 500 y dos mil 600 asesinatos violentos cada mes, y una de cada cinco v\u00edctimas es mujer\u201d.&nbsp;<\/p>\n\n\n\n<p>La Coordinaci\u00f3n 8M denunci\u00f3 que \u201cmientras el Estado incumple su obligaci\u00f3n de garantizar nuestros derechos, las condiciones laborales siguen siendo desfavorables para nosotras: la brecha salarial y la precarizaci\u00f3n laboral nos afectan todos los d\u00edas\u201d.<\/p>\n\n\n\n<p>Y no es todo. A\u00f1adi\u00f3 que el trabajo dom\u00e9stico y de cuidados \u201csigue sin reconocimiento efectivo, la violencia digital aumenta, la criminalizaci\u00f3n del aborto en gran parte del pa\u00eds nos niega derechos fundamentales y la falta de refugios para v\u00edctimas de violencia deja a miles de mujeres en la indefensi\u00f3n\u201d.<\/p>\n\n\n\n<p>Entonces, la Coordinaci\u00f3n se declar\u00f3 \u201cindependiente\u201d de cualquier gobierno y partido pol\u00edtico y exigi\u00f3 el \u201crespeto pleno a nuestros derechos y la implementaci\u00f3n de pol\u00edticas p\u00fablicas anticapitalistas y antirracistas que transformen la realidad de las mujeres en M\u00e9xico y el mundo\u201d.<\/p>\n\n\n\n<p>Seg\u00fan dijo, \u201cen un contexto global donde los gobiernos reaccionarios avanzan, desde Argentina hasta Palestina, es imperativo reforzar la lucha feminista y la solidaridad internacional. No permitiremos que nos arrebaten nuestros derechos ni que la opresi\u00f3n se perpet\u00fae\u201d.<\/p>\n\n\n\n<p>La movilizaci\u00f3n del s\u00e1bado 8, anunci\u00f3, es \u201cporque no aceptaremos m\u00e1s impunidad, m\u00e1s violencia ni m\u00e1s silencio. Tomemos las calles, alcemos la voz y exijamos justicia\u201d.<\/p>\n\n\n\n<p><strong>LA HORA Y LA RUTA<\/strong><\/p>\n\n\n\n<p>La Coordinaci\u00f3n 8M detall\u00f3 que la marcha partir\u00e1 de la \u201cGlorieta de las Mujeres que luchamos\u201d hacia el Z\u00f3calo de la Ciudad de M\u00e9xico.<\/p>\n\n\n\n<p><strong>La cita es a las 11:30 horas, para salir a las 12:00 horas.<\/strong><\/p>\n\n\n\n<p><strong>La ruta que seguir\u00e1n ser\u00e1 la siguiente:<\/strong><\/p>\n\n\n\n<p>Paseo de la Reforma&nbsp;<\/p>\n\n\n\n<p>Avenida Ju\u00e1rez<\/p>\n\n\n\n<p>Avenida 5 de Mayo<\/p>\n\n\n\n<p>Z\u00f3calo capitalino, donde realizar\u00e1n un mitin.<\/p>\n\n\n\n<p><strong>EL CONTINGENTE<\/strong><\/p>\n\n\n\n<p>De acuerdo con la organizaci\u00f3n, el orden de los contingentes ser\u00e1 el siguiente:<\/p>\n\n\n\n<p>Contingente de familiares de v\u00edctimas de feminicidio, desaparici\u00f3n y sobrevivientes.<\/p>\n\n\n\n<p>Descubierta con manta: compa\u00f1eras por organizaci\u00f3n de convocantes del 8m 2025.<\/p>\n\n\n\n<p>Mujeres con infancias, mujeres y colectivas feministas, mujeres ind\u00edgenas, colectivos trans de la diversidad sexual y de g\u00e9nero.<\/p>\n\n\n\n<p>Personas con discapacidad.<\/p>\n\n\n\n<p>Comunidad universitaria.<\/p>\n\n\n\n<p>Organizaciones urbano-populares.<\/p>\n\n\n\n<p>Organizaciones sindicales.<\/p>\n\n\n\n<p>Organizaciones de la sociedad civil.<\/p>\n\n\n\n<p>Organizaciones pol\u00edticas<\/p>\n\n\n\n<p><strong>LAS DEMANDAS<\/strong><\/p>\n\n\n\n<p>En su comunicado, la Coordinaci\u00f3n 8M enlist\u00f3 las consignas que llevar\u00e1n a la marcha del pr\u00f3ximo s\u00e1bado:<\/p>\n\n\n\n<p>\u201c\u00a1Contra las violencias machistas y el trabajo precario!\u201d<\/p>\n\n\n\n<p>\u201c\u00a1Contra la Violencia Vicaria!\u201d<\/p>\n\n\n\n<p>\u201c\u00a1Basta de Impunidad!\u201d<\/p>\n\n\n\n<p>\u201c\u00a1Por la independencia pol\u00edtica del movimiento feminista!\u201d<\/p>\n\n\n\n<p>\u201c\u00a1Contra la criminalizaci\u00f3n de la lucha de las Mujeres!\u201d<\/p>\n\n\n\n<p>\u201c\u00a1Por el derecho a decidir!\u201d<\/p>\n\n\n\n<p>\u201c\u00a1Contra la militarizaci\u00f3n del pa\u00eds y en todo el mundo!\u201d<\/p>\n\n\n\n<p>\u201c\u00a1Alto a la represi\u00f3n contra las Comunidades Aut\u00f3nomas en todo el pa\u00eds!\u201d<\/p>\n\n\n\n<p>&nbsp;\u201c\u00a1Alto al genocidio en contra del pueblo palestino!\u201d<\/p>\n\n\n\n<p>\u00a0\u201c\u00a1Contra el avance del fascismo y el colonialismo!\u201d<\/p>\n\n\n\n<p><a href=\"https:\/\/www.proceso.com.mx\/nacional\/cdmx\/2025\/3\/5\/la-marcha-del-8m-por-las-mil-desaparecidas-en-los-primeros-100-dias-de-sheinbaum-346821.html\">https:\/\/www.proceso.com.mx\/nacional\/cdmx\/2025\/3\/5\/la-marcha-del-8m-por-las-mil-desaparecidas-en-los-primeros-100-dias-de-sheinbaum-346821.html<\/a><\/p>\n","protected":false},"excerpt":{"rendered":"<p>Esta ser\u00e1 la ruta, los horarios y la organizaci\u00f3n de los contingentes para la Marcha por el D\u00eda Internacional de la Mujer de este s\u00e1bado 8 de marzo. Tomado de Proceso Sara Pantoja Mi\u00e9rcoles 5 de marzo de 2025 CIUDAD DE M\u00c9XICO (apro).- En los primeros 100 d\u00edas del gobierno de la presidenta Claudia Sheinbaum [&hellip;]<\/p>\n","protected":false},"author":1,"featured_media":25532,"comment_status":"open","ping_status":"open","sticky":false,"template":"","format":"standard","meta":{"content-type":"","footnotes":""},"categories":[3,105],"tags":[],"class_list":{"0":"post-25531","1":"post","2":"type-post","3":"status-publish","4":"format-standard","5":"has-post-thumbnail","7":"category-mexico","8":"category-principal"},"_links":{"self":[{"href":"https:\/\/www.regioncuatronoticias.com\/index.php\/wp-json\/wp\/v2\/posts\/25531","targetHints":{"allow":["GET"]}}],"collection":[{"href":"https:\/\/www.regioncuatronoticias.com\/index.php\/wp-json\/wp\/v2\/posts"}],"about":[{"href":"https:\/\/www.regioncuatronoticias.com\/index.php\/wp-json\/wp\/v2\/types\/post"}],"author":[{"embeddable":true,"href":"https:\/\/www.regioncuatronoticias.com\/index.php\/wp-json\/wp\/v2\/users\/1"}],"replies":[{"embeddable":true,"href":"https:\/\/www.regioncuatronoticias.com\/index.php\/wp-json\/wp\/v2\/comments?post=25531"}],"version-history":[{"count":1,"href":"https:\/\/www.regioncuatronoticias.com\/index.php\/wp-json\/wp\/v2\/posts\/25531\/revisions"}],"predecessor-version":[{"id":25533,"href":"https:\/\/www.regioncuatronoticias.com\/index.php\/wp-json\/wp\/v2\/posts\/25531\/revisions\/25533"}],"wp:featuredmedia":[{"embeddable":true,"href":"https:\/\/www.regioncuatronoticias.com\/index.php\/wp-json\/wp\/v2\/media\/25532"}],"wp:attachment":[{"href":"https:\/\/www.regioncuatronoticias.com\/index.php\/wp-json\/wp\/v2\/media?parent=25531"}],"wp:term":[{"taxonomy":"category","embeddable":true,"href":"https:\/\/www.regioncuatronoticias.com\/index.php\/wp-json\/wp\/v2\/categories?post=25531"},{"taxonomy":"post_tag","embeddable":true,"href":"https:\/\/www.regioncuatronoticias.com\/index.php\/wp-json\/wp\/v2\/tags?post=25531"}],"curies":[{"name":"wp","href":"https:\/\/api.w.org\/{rel}","templated":true}]}}