{"id":25528,"date":"2025-03-05T23:09:06","date_gmt":"2025-03-06T06:09:06","guid":{"rendered":"https:\/\/www.regioncuatronoticias.com\/?p=25528"},"modified":"2025-03-05T23:09:08","modified_gmt":"2025-03-06T06:09:08","slug":"empresarios-hacen-frente-comun-con-sheinbaum-ante-embates-de-trump","status":"publish","type":"post","link":"https:\/\/www.regioncuatronoticias.com\/index.php\/2025\/03\/05\/empresarios-hacen-frente-comun-con-sheinbaum-ante-embates-de-trump\/","title":{"rendered":"Empresarios hacen \u201cfrente com\u00fan\u201d con Sheinbaum ante embates de Trump"},"content":{"rendered":"\n<p>&nbsp;Tomado de La Jornada<\/p>\n\n\n\n<p>Alma E. Mu\u00f1oz y Emir Olivares<\/p>\n\n\n\n<p>Mi\u00e9rcoles 5 de marzo de 2025<\/p>\n\n\n\n<p>Ciudad de M\u00e9xico. El presidente del Consejo Coordinador Empresarial (CCE), Francisco Cervantes, reconoci\u00f3 que hay preocupaci\u00f3n entre el sector ante la imposici\u00f3n de aranceles de 25 por ciento a las exportaciones mexicanas a Estados Unidos decretada por Donald Trump; por lo que realizan un \u201cfrente com\u00fan\u201d con la presidenta Claudia Sheinbaum pardo para revertir esas medidas.<\/p>\n\n\n\n<p>Dijo que todos los sectores de ambas naciones, incluidos los empresarios, se encuentran trabajando para alcanzar soluciones. \u201cS\u00ed, hay preocupaciones, pero en lugar de estar preocupados, estamos ocupados\u201d.<\/p>\n\n\n\n<p>El l\u00edder empresarial acudi\u00f3 este medio d\u00eda a una reuni\u00f3n con la presidenta Claudia Sheinbaum Pardo en Palacio Nacional con representantes del sector y funcionarios del gabinete de gobierno.<\/p>\n\n\n\n<p>En entrevista al salir del recinto, Cervantes se\u00f1al\u00f3 que los empresarios del pa\u00eds \u201cestamos haciendo un frente com\u00fan con la presidenta, apoy\u00e1ndola para que esta negociaci\u00f3n tenga un buen avance. Ha tenido muy buena comunicaci\u00f3n ella con el presidente Trump, ma\u00f1ana van a tener otra llamada\u201d.<\/p>\n\n\n\n<p>Calcul\u00f3 que unos 300 representantes del sector privado en M\u00e9xico acompa\u00f1ar\u00e1n a la mandataria federal durante la asamblea informativa del domingo en el Z\u00f3calo, donde presentar\u00e1 las medidas para responder a las determinaciones del presidente de Estados Unidos.<\/p>\n\n\n\n<p>\u201cLa presidenta est\u00e1 tomando mucho en cuenta al sector, hay comunicaci\u00f3n. Este domingo har\u00e1 un anuncio importante, vamos a estar para ver cu\u00e1les son las mejores medidas\u201d, apunt\u00f3.<\/p>\n\n\n\n<p>Interrogado sobre las charlas que los empresarios mexicanos han tenido con sus contrapartes estadunidenses, el l\u00edder del CCE indic\u00f3 que hay tambi\u00e9n preocupaci\u00f3n en los sectores estadunidenses.<\/p>\n\n\n\n<p>\u201cEstamos en pl\u00e1ticas, la visi\u00f3n bilateral es que la agenda, la parte de contenido nacional principalmente suba, la parte de los d\u00e9ficit, migraci\u00f3n, seguridad. Lo importante es que la presidenta est\u00e1 comprometida en la agenda, en la visi\u00f3n bilateral ayuda mucho\u201d.<\/p>\n\n\n\n<p>Lo importante, destac\u00f3, es que se da comunicaci\u00f3n tanto entre funcionarios de las dos naciones, como entre empresarios mexicanos y estadunidenses, y sobre todo entre ambos mandatarios.<\/p>\n\n\n\n<p>De su lado, la coordinadora del Consejo Asesor de Desarrollo Econ\u00f3mico, Altagracia G\u00f3mez, afirm\u00f3 que todo el sector est\u00e1 listo para trabajar en conjunto, para acelerar el Plan M\u00e9xico, para seguir fortaleciendo el mercado nacional y para estar muy pendientes en los pr\u00f3ximos d\u00edas en los sucesos que est\u00e1n por ocurrir.<\/p>\n\n\n\n<p>Asegur\u00f3 que en la reuni\u00f3n de este mi\u00e9rcoles en Palacio Nacional, los empresarios reafirmaron a la presidenta \u201cque todos estamos no s\u00f3lo en la mejor disposici\u00f3n, sino que realmente estamos comprometidos con el Plan M\u00e9xico, con los sectores estrat\u00e9gicos dentro del Plan M\u00e9xico, y sobre todo con la necesidad y la conveniencia de que ante cualquier dificultad apostemos por el pa\u00eds y por los empresarios nacionales\u201d.<\/p>\n\n\n\n<p><a href=\"https:\/\/www.jornada.com.mx\/noticia\/2025\/03\/05\/politica\/empresario-hacen-frente-comun-con-sheinbaum-ante-embates-de-trump\">https:\/\/www.jornada.com.mx\/noticia\/2025\/03\/05\/politica\/empresario-hacen-frente-comun-con-sheinbaum-ante-embates-de-trump<\/a><\/p>\n","protected":false},"excerpt":{"rendered":"<p>&nbsp;Tomado de La Jornada Alma E. Mu\u00f1oz y Emir Olivares Mi\u00e9rcoles 5 de marzo de 2025 Ciudad de M\u00e9xico. El presidente del Consejo Coordinador Empresarial (CCE), Francisco Cervantes, reconoci\u00f3 que hay preocupaci\u00f3n entre el sector ante la imposici\u00f3n de aranceles de 25 por ciento a las exportaciones mexicanas a Estados Unidos decretada por Donald Trump; [&hellip;]<\/p>\n","protected":false},"author":1,"featured_media":25529,"comment_status":"open","ping_status":"open","sticky":false,"template":"","format":"standard","meta":{"content-type":"","footnotes":""},"categories":[3,2,105],"tags":[],"class_list":{"0":"post-25528","1":"post","2":"type-post","3":"status-publish","4":"format-standard","5":"has-post-thumbnail","7":"category-mexico","8":"category-negocios","9":"category-principal"},"_links":{"self":[{"href":"https:\/\/www.regioncuatronoticias.com\/index.php\/wp-json\/wp\/v2\/posts\/25528","targetHints":{"allow":["GET"]}}],"collection":[{"href":"https:\/\/www.regioncuatronoticias.com\/index.php\/wp-json\/wp\/v2\/posts"}],"about":[{"href":"https:\/\/www.regioncuatronoticias.com\/index.php\/wp-json\/wp\/v2\/types\/post"}],"author":[{"embeddable":true,"href":"https:\/\/www.regioncuatronoticias.com\/index.php\/wp-json\/wp\/v2\/users\/1"}],"replies":[{"embeddable":true,"href":"https:\/\/www.regioncuatronoticias.com\/index.php\/wp-json\/wp\/v2\/comments?post=25528"}],"version-history":[{"count":1,"href":"https:\/\/www.regioncuatronoticias.com\/index.php\/wp-json\/wp\/v2\/posts\/25528\/revisions"}],"predecessor-version":[{"id":25530,"href":"https:\/\/www.regioncuatronoticias.com\/index.php\/wp-json\/wp\/v2\/posts\/25528\/revisions\/25530"}],"wp:featuredmedia":[{"embeddable":true,"href":"https:\/\/www.regioncuatronoticias.com\/index.php\/wp-json\/wp\/v2\/media\/25529"}],"wp:attachment":[{"href":"https:\/\/www.regioncuatronoticias.com\/index.php\/wp-json\/wp\/v2\/media?parent=25528"}],"wp:term":[{"taxonomy":"category","embeddable":true,"href":"https:\/\/www.regioncuatronoticias.com\/index.php\/wp-json\/wp\/v2\/categories?post=25528"},{"taxonomy":"post_tag","embeddable":true,"href":"https:\/\/www.regioncuatronoticias.com\/index.php\/wp-json\/wp\/v2\/tags?post=25528"}],"curies":[{"name":"wp","href":"https:\/\/api.w.org\/{rel}","templated":true}]}}