{"id":25525,"date":"2025-03-05T22:59:51","date_gmt":"2025-03-06T05:59:51","guid":{"rendered":"https:\/\/www.regioncuatronoticias.com\/?p=25525"},"modified":"2025-03-05T22:59:53","modified_gmt":"2025-03-06T05:59:53","slug":"narcobloqueos-enfrentamientos-y-quema-de-vehiculos-michoacan-vive-horas-de-terror","status":"publish","type":"post","link":"https:\/\/www.regioncuatronoticias.com\/index.php\/2025\/03\/05\/narcobloqueos-enfrentamientos-y-quema-de-vehiculos-michoacan-vive-horas-de-terror\/","title":{"rendered":"Narcobloqueos, enfrentamientos y quema de veh\u00edculos: Michoac\u00e1n vive horas de terror"},"content":{"rendered":"\n<p><strong>Michoac\u00e1n vive este mi\u00e9rcoles un d\u00eda de violencia con m\u00faltiples enfrentamientos entre narcos y las fuerzas de seguridad.<\/strong><\/p>\n\n\n\n<p>Tomado de El Financiero<\/p>\n\n\n\n<p>Redacci\u00f3n<\/p>\n\n\n\n<p>Mi\u00e9rcoles 5 de marzo de 2025<\/p>\n\n\n\n<p>Sujetos armados protagonizaron balaceras y quema de veh\u00edculos sobre las carreteras P\u00e1tzcuaro-Erongar\u00edcuaro y Sevina-Pich\u00e1taro, Michoac\u00e1n.<\/p>\n\n\n\n<p>La jornada de violencia inici\u00f3 a las 18:00 horas de este mi\u00e9rcoles 5 de marzo, en la autopista de Occidente, donde el Coordinador Estatal de la Guardia Nacional Divisi\u00f3n Caminos fue blanco de un ataque a balazos, y dos de sus escoltas resultaron heridos.<\/p>\n\n\n\n<p>Tras esto, sujetos armados incendiaron veh\u00edculos en la autopista mencionada, cerca de la caseta de Ecuandureo.<\/p>\n\n\n\n<p>A las 20:00 horas se report\u00f3 la quema de veh\u00edculos en P\u00e1tzcuaro, sin que hasta el momento se conozca si existe relaci\u00f3n entre ambos sucesos.<\/p>\n\n\n\n<p>En la carretera P\u00e1tzcuaro-Erongar\u00edcuaro, dos veh\u00edculos est\u00e1n en llamas, mientras que otros dos se encuentran en el tramo de Pich\u00e1taro a Sevina. En este sitio, se reporta que contin\u00faan las detonaciones de armas de fuego.<\/p>\n\n\n\n<p><strong>Liberan a \u2018El Chuy\u2019, l\u00edder del CJNG en Michoac\u00e1n<\/strong><\/p>\n\n\n\n<p>Horas antes de los hechos violentos en P\u00e1tzcuaro y Erongar\u00edcuaro, Michoac\u00e1n un juez federal resolvi\u00f3 liberar a Jes\u00fas \u2018N\u2019, alias El Chuy, l\u00edder del C\u00e1rtel Jalisco Nueva Generaci\u00f3n (CJNG), quien fue capturado el pasado 25 de febrero.<\/p>\n\n\n\n<p>La detenci\u00f3n de El Chuy provoc\u00f3 quema de veh\u00edculos y enfrentamientos en el estado. Seg\u00fan medios locales, los actos violentos de este mi\u00e9rcoles tambi\u00e9n estar\u00edan relacionados con la liberaci\u00f3n del jefe criminal.<\/p>\n\n\n\n<p>El Chuy fue recluido en el Centro Penitenciario Lic. David Franco Rodr\u00edguez en Morelia, de donde sali\u00f3 por una mala integraci\u00f3n de su proceso.<\/p>\n\n\n\n<p><strong>Violencia \u2018paraliza\u2019 las actividades en Michoac\u00e1n<\/strong><\/p>\n\n\n\n<p>Por los hechos violentos, el gobierno de Erongar\u00edcuaro anunci\u00f3 la suspensi\u00f3n de clases y actividades comerciales.<\/p>\n\n\n\n<p>\u2018Me dirijo a ustedes para informar que, debido a los hechos de violencia ocurridos en el municipio de P\u00e1tzcuaro y nuestro municipio, les pedimos que se resguarden y esperen a que la Secretar\u00eda de Seguridad P\u00fablica, la Guardia Nacional y el Ej\u00e9rcito Mexicano garanticen nuestra seguridad\u2019, pidi\u00f3 la alcaldesa Liliana Campos de la Luz.<\/p>\n\n\n\n<p>Con informaci\u00f3n de Quadrat\u00edn<\/p>\n\n\n\n<p><a href=\"https:\/\/www.elfinanciero.com.mx\/estados\/2025\/03\/05\/narcobloqueos-enfrentamientos-y-quema-de-vehiculos-michoacan-vive-horas-de-terror\">https:\/\/www.elfinanciero.com.mx\/estados\/2025\/03\/05\/narcobloqueos-enfrentamientos-y-quema-de-vehiculos-michoacan-vive-horas-de-terror<\/a><\/p>\n","protected":false},"excerpt":{"rendered":"<p>Michoac\u00e1n vive este mi\u00e9rcoles un d\u00eda de violencia con m\u00faltiples enfrentamientos entre narcos y las fuerzas de seguridad. Tomado de El Financiero Redacci\u00f3n Mi\u00e9rcoles 5 de marzo de 2025 Sujetos armados protagonizaron balaceras y quema de veh\u00edculos sobre las carreteras P\u00e1tzcuaro-Erongar\u00edcuaro y Sevina-Pich\u00e1taro, Michoac\u00e1n. La jornada de violencia inici\u00f3 a las 18:00 horas de este [&hellip;]<\/p>\n","protected":false},"author":1,"featured_media":25526,"comment_status":"open","ping_status":"open","sticky":false,"template":"","format":"standard","meta":{"content-type":"","footnotes":""},"categories":[3,105,113],"tags":[],"class_list":{"0":"post-25525","1":"post","2":"type-post","3":"status-publish","4":"format-standard","5":"has-post-thumbnail","7":"category-mexico","8":"category-principal","9":"category-seguridad"},"_links":{"self":[{"href":"https:\/\/www.regioncuatronoticias.com\/index.php\/wp-json\/wp\/v2\/posts\/25525","targetHints":{"allow":["GET"]}}],"collection":[{"href":"https:\/\/www.regioncuatronoticias.com\/index.php\/wp-json\/wp\/v2\/posts"}],"about":[{"href":"https:\/\/www.regioncuatronoticias.com\/index.php\/wp-json\/wp\/v2\/types\/post"}],"author":[{"embeddable":true,"href":"https:\/\/www.regioncuatronoticias.com\/index.php\/wp-json\/wp\/v2\/users\/1"}],"replies":[{"embeddable":true,"href":"https:\/\/www.regioncuatronoticias.com\/index.php\/wp-json\/wp\/v2\/comments?post=25525"}],"version-history":[{"count":1,"href":"https:\/\/www.regioncuatronoticias.com\/index.php\/wp-json\/wp\/v2\/posts\/25525\/revisions"}],"predecessor-version":[{"id":25527,"href":"https:\/\/www.regioncuatronoticias.com\/index.php\/wp-json\/wp\/v2\/posts\/25525\/revisions\/25527"}],"wp:featuredmedia":[{"embeddable":true,"href":"https:\/\/www.regioncuatronoticias.com\/index.php\/wp-json\/wp\/v2\/media\/25526"}],"wp:attachment":[{"href":"https:\/\/www.regioncuatronoticias.com\/index.php\/wp-json\/wp\/v2\/media?parent=25525"}],"wp:term":[{"taxonomy":"category","embeddable":true,"href":"https:\/\/www.regioncuatronoticias.com\/index.php\/wp-json\/wp\/v2\/categories?post=25525"},{"taxonomy":"post_tag","embeddable":true,"href":"https:\/\/www.regioncuatronoticias.com\/index.php\/wp-json\/wp\/v2\/tags?post=25525"}],"curies":[{"name":"wp","href":"https:\/\/api.w.org\/{rel}","templated":true}]}}