{"id":25514,"date":"2025-03-05T22:35:11","date_gmt":"2025-03-06T05:35:11","guid":{"rendered":"https:\/\/www.regioncuatronoticias.com\/?p=25514"},"modified":"2025-03-05T22:35:14","modified_gmt":"2025-03-06T05:35:14","slug":"celebran-a-armida-bernal-referente-del-periodismo-en-sonora-desde-hace-50-anos","status":"publish","type":"post","link":"https:\/\/www.regioncuatronoticias.com\/index.php\/2025\/03\/05\/celebran-a-armida-bernal-referente-del-periodismo-en-sonora-desde-hace-50-anos\/","title":{"rendered":"Celebran a Armida Bernal, referente del periodismo en Sonora desde hace 50 a\u00f1os"},"content":{"rendered":"\n<p><strong>Por varios minutos, la homenajeada recibi\u00f3 una ovaci\u00f3n de pie por parte del p\u00fablico, como reconocimiento a su trayectoria<\/strong><\/p>\n\n\n\n<p>El Sol de Hermosillo<\/p>\n\n\n\n<p>Adal Navarro<\/p>\n\n\n\n<p>Mi\u00e9rcoles 5 de marzo de 2025<\/p>\n\n\n\n<p>La tarde de este martes, amigos, colegas y familiares de Armida Bernal llevaron a cabo un homenaje por sus 50 a\u00f1os de trayectoria period\u00edstica, siendo un referente de esta profesi\u00f3n en la entidad.<\/p>\n\n\n\n<p>La emotiva ceremonia, llevada a cabo en el auditorio de la Sociedad Sonorense de Historia, present\u00f3 la carrera y los logros de la periodista que, a lo largo de cinco d\u00e9cadas destac\u00f3 en medios impresos, radio y televisi\u00f3n.<\/p>\n\n\n\n<p>El evento fue una grata sorpresa para la homenajeada, quien desconoc\u00eda que el reflector estar\u00eda sobre ella, pues fue hasta que estuvo sobre el escenario, entre aplausos y ovaciones, que se dio cuenta de lo que realmente se trataba y, entre l\u00e1grimas agradeci\u00f3 el gesto de los invitados.<\/p>\n\n\n\n<p>Fueron sus cuatro hijas quienes organizaron dicho homenaje sin contarle nada, d\u00e1ndole un emotivo agradecimiento por sus ense\u00f1anzas y trabajo incansable.<\/p>\n\n\n\n<p>Asimismo, mediante la proyecci\u00f3n de un video, colegas de la periodista le demostraron su afecto y aprecio, y resaltaron su trayectoria desde sus inicios en el ya extinto peri\u00f3dico Informaci\u00f3n, su paso por el Canal 12 local y Telemax, as\u00ed como por Radio Capital y el \u00e1rea de comunicaci\u00f3n de la Secretar\u00eda de Educaci\u00f3n y Cultura (SEC).Para m\u00ed, esta ha sido una de las sorpresas m\u00e1s gratificantes de mi vida despu\u00e9s de ver el rostro de mis hijas al darles a luzArmida Bernal<\/p>\n\n\n\n<p>Destac\u00f3 que, desde sus inicios en el Peri\u00f3dico Informaci\u00f3n hasta este momento lo ha hecho con pasi\u00f3n.<\/p>\n\n\n\n<p>Y agreg\u00f3 que, durante su trayectoria ella misma se ha encargado de que su vida personal sea p\u00fablica, esto para evitar la desconfianza en su persona por la invenci\u00f3n de rumores.<\/p>\n\n\n\n<p><a href=\"https:\/\/oem.com.mx\/elsoldehermosillo\/cultura\/celebran-a-armida-bernal-referente-del-periodismo-en-sonora-desde-hace-50-anos-21997999\">https:\/\/oem.com.mx\/elsoldehermosillo\/cultura\/celebran-a-armida-bernal-referente-del-periodismo-en-sonora-desde-hace-50-anos-21997999<\/a><\/p>\n","protected":false},"excerpt":{"rendered":"<p>Por varios minutos, la homenajeada recibi\u00f3 una ovaci\u00f3n de pie por parte del p\u00fablico, como reconocimiento a su trayectoria El Sol de Hermosillo Adal Navarro Mi\u00e9rcoles 5 de marzo de 2025 La tarde de este martes, amigos, colegas y familiares de Armida Bernal llevaron a cabo un homenaje por sus 50 a\u00f1os de trayectoria period\u00edstica, [&hellip;]<\/p>\n","protected":false},"author":1,"featured_media":25515,"comment_status":"open","ping_status":"open","sticky":false,"template":"","format":"standard","meta":{"content-type":"","footnotes":""},"categories":[117,9],"tags":[],"class_list":{"0":"post-25514","1":"post","2":"type-post","3":"status-publish","4":"format-standard","5":"has-post-thumbnail","7":"category-general","8":"category-sonora"},"_links":{"self":[{"href":"https:\/\/www.regioncuatronoticias.com\/index.php\/wp-json\/wp\/v2\/posts\/25514","targetHints":{"allow":["GET"]}}],"collection":[{"href":"https:\/\/www.regioncuatronoticias.com\/index.php\/wp-json\/wp\/v2\/posts"}],"about":[{"href":"https:\/\/www.regioncuatronoticias.com\/index.php\/wp-json\/wp\/v2\/types\/post"}],"author":[{"embeddable":true,"href":"https:\/\/www.regioncuatronoticias.com\/index.php\/wp-json\/wp\/v2\/users\/1"}],"replies":[{"embeddable":true,"href":"https:\/\/www.regioncuatronoticias.com\/index.php\/wp-json\/wp\/v2\/comments?post=25514"}],"version-history":[{"count":1,"href":"https:\/\/www.regioncuatronoticias.com\/index.php\/wp-json\/wp\/v2\/posts\/25514\/revisions"}],"predecessor-version":[{"id":25516,"href":"https:\/\/www.regioncuatronoticias.com\/index.php\/wp-json\/wp\/v2\/posts\/25514\/revisions\/25516"}],"wp:featuredmedia":[{"embeddable":true,"href":"https:\/\/www.regioncuatronoticias.com\/index.php\/wp-json\/wp\/v2\/media\/25515"}],"wp:attachment":[{"href":"https:\/\/www.regioncuatronoticias.com\/index.php\/wp-json\/wp\/v2\/media?parent=25514"}],"wp:term":[{"taxonomy":"category","embeddable":true,"href":"https:\/\/www.regioncuatronoticias.com\/index.php\/wp-json\/wp\/v2\/categories?post=25514"},{"taxonomy":"post_tag","embeddable":true,"href":"https:\/\/www.regioncuatronoticias.com\/index.php\/wp-json\/wp\/v2\/tags?post=25514"}],"curies":[{"name":"wp","href":"https:\/\/api.w.org\/{rel}","templated":true}]}}