{"id":2551,"date":"2023-11-09T15:51:46","date_gmt":"2023-11-09T22:51:46","guid":{"rendered":"https:\/\/www.regioncuatronoticias.com\/?p=2551"},"modified":"2023-11-09T15:51:48","modified_gmt":"2023-11-09T22:51:48","slug":"jesus-el-choby-ochoa-y-sergio-galindo-estrenaran-la-obra-fruncidos-en-hermosillo","status":"publish","type":"post","link":"https:\/\/www.regioncuatronoticias.com\/index.php\/2023\/11\/09\/jesus-el-choby-ochoa-y-sergio-galindo-estrenaran-la-obra-fruncidos-en-hermosillo\/","title":{"rendered":"Jes\u00fas \u201cEl Choby\u201d Ochoa y Sergio Galindo estrenar\u00e1n la obra \u201cFruncidos\u201d en Hermosillo"},"content":{"rendered":"\n<p>Los actores sonorenses y grandes amigos se reencontrar\u00e1n en el escenario de la capital sonorense con el sue\u00f1o cumplido de hacerlo en El Mentidero, su propio teatro<\/p>\n\n\n\n<p>\u201cEl Choby\u201d Ochoa y Sergio Galindo se reencontrar\u00e1n en el escenario, con su p\u00fablico \/ Foto: Cortes\u00eda | El Mentidero<\/p>\n\n\n\n<p>Carlos Castro | El Sol de Hermosillo<\/p>\n\n\n\n<p>El teatro sonorense no podr\u00eda entenderse sin la presencia y el camino que han forjado Jes\u00fas \u201cEl Choby\u201d Ochoa y Sergio Galindo desde hace m\u00e1s de 40 a\u00f1os, cuando colaboraron para armar esa f\u00e1bula regional que es La Tuba del Goyo Trejo.<\/p>\n\n\n\n<p>La producci\u00f3n audiovisual que luego se llev\u00f3 al entramado marc\u00f3 un antes y un despu\u00e9s en el arte esc\u00e9nico de la entidad y su caracter\u00edstico humor norte\u00f1o sigue divirtiendo al p\u00fablico de otras latitudes, tal y como quedara de manifiesto en la pasada edici\u00f3n del Festival Cervantino, donde se dramatiz\u00f3 con gran \u00e9xito en la Plaza de San Fernando.<\/p>\n\n\n\n<p>Ya en el siglo XXI el actor de Ures y el director y dramaturgo hermosillense hicieron nuevamente de las suyas para rescatar un edificio en el coraz\u00f3n de la ciudad que termin\u00f3 siendo El Mentidero.<\/p>\n\n\n\n<p>El espacio ofrece a la comunidad art\u00edstica y al p\u00fablico en general un foro que alberga permanentemente una variada programaci\u00f3n de danza, teatro, conciertos y festivales, dando cabida a decenas de artistas que se han formado en este recinto ubicado en el Centro Hist\u00f3rico de Hermosillo.<\/p>\n\n\n\n<p>Ahora, \u201cEl Choby\u201d Ochoa y Sergio Galindo se reencontrar\u00e1n en el escenario, con su p\u00fablico y con el sue\u00f1o de hacerlo en su propio teatro, con el estreno a finales de a\u00f1o de Fruncidos.<\/p>\n\n\n\n<p>La \u201cselfie teatral\u201d sigue al Chato Dom\u00ednguez y al Melit\u00f3n, \u201cdos serre\u00f1os sonorenses que, habiendo quedado viudos, ahora enfrentan una situaci\u00f3n in\u00e9dita que compromete seriamente la salud de uno de ellos\u201d, se lee en la sinopsis de la obra.<\/p>\n\n\n\n<p>\u201cLa situaci\u00f3n es el detonante de una serie de recuerdos, reclamos y an\u00e9cdotas de toda una vida, expresadas en el m\u00e1s puro lenguaje y tono sonorenses. A m\u00e1s tragedia m\u00e1s humor, parece ser la lecci\u00f3n de esta pareja de entra\u00f1ables amigos que huye del melodrama sin dejar de conmovernos al tiempo de dejarnos con una sonrisa en la boca\u201d, en lo que Jes\u00fas Ochoa define como una duo biograf\u00eda.<\/p>\n\n\n\n<p>\u201cEs una chingoner\u00eda\u2026 la verdad. Nunca hab\u00eda hecho una obra as\u00ed. Y ninguna obra me hab\u00eda costado tanto trabajo como esta, precisamente por esa interioridad propia\u201d, confes\u00f3 el actor urense en una entrevista grabada para las redes sociales de El Mentidero.<\/p>\n\n\n\n<p>\u201cEs una obra que lleva mucha historia. Mucho tiempo atr\u00e1s maquin\u00e1ndose en nuestro cerebro y goz\u00e1ndose en nuestro coraz\u00f3n, y a veces sufri\u00e9ndose en el cuerpo, tambi\u00e9n\u201d.<\/p>\n\n\n\n<p>\u00bfCu\u00e1ndo es el estreno?<\/p>\n\n\n\n<p>Fruncidos es un texto original de Sergio Galindo y la direcci\u00f3n de escena est\u00e1 a cargo de Paulo Galindo, con la producci\u00f3n de la Compa\u00f1\u00eda Teatral del Norte.<\/p>\n\n\n\n<p>La pieza se estrenar\u00e1 el pr\u00f3ximo mes de diciembre, con fecha y costo de boletos a\u00fan por anunciar, y se espera que &#8220;La Plaza&#8221;, el foro al aire libre de El Mentidero, est\u00e9 completamente remodelado para el estreno de la obra.<\/p>\n\n\n\n<p>Los detalles de la presentaci\u00f3n podr\u00e1n consultarse en las redes sociales de El Mentidero, as\u00ed como en su sitio web mentidero.mx.<\/p>\n\n\n\n<p>\u201cAhora s\u00ed, p\u00e1senle a nuestra casa\u201d, invit\u00f3 Sergio Galindo. \u201cVamos a platicar muy a gusto, con un bacanorita\u201d.<\/p>\n","protected":false},"excerpt":{"rendered":"<p>Los actores sonorenses y grandes amigos se reencontrar\u00e1n en el escenario de la capital sonorense con el sue\u00f1o cumplido de hacerlo en El Mentidero, su propio teatro \u201cEl Choby\u201d Ochoa y Sergio Galindo se reencontrar\u00e1n en el escenario, con su p\u00fablico \/ Foto: Cortes\u00eda | El Mentidero Carlos Castro | El Sol de Hermosillo El [&hellip;]<\/p>\n","protected":false},"author":1,"featured_media":2552,"comment_status":"open","ping_status":"open","sticky":false,"template":"","format":"standard","meta":{"content-type":"","footnotes":""},"categories":[112,105],"tags":[],"class_list":{"0":"post-2551","1":"post","2":"type-post","3":"status-publish","4":"format-standard","5":"has-post-thumbnail","7":"category-cultura","8":"category-principal"},"_links":{"self":[{"href":"https:\/\/www.regioncuatronoticias.com\/index.php\/wp-json\/wp\/v2\/posts\/2551","targetHints":{"allow":["GET"]}}],"collection":[{"href":"https:\/\/www.regioncuatronoticias.com\/index.php\/wp-json\/wp\/v2\/posts"}],"about":[{"href":"https:\/\/www.regioncuatronoticias.com\/index.php\/wp-json\/wp\/v2\/types\/post"}],"author":[{"embeddable":true,"href":"https:\/\/www.regioncuatronoticias.com\/index.php\/wp-json\/wp\/v2\/users\/1"}],"replies":[{"embeddable":true,"href":"https:\/\/www.regioncuatronoticias.com\/index.php\/wp-json\/wp\/v2\/comments?post=2551"}],"version-history":[{"count":1,"href":"https:\/\/www.regioncuatronoticias.com\/index.php\/wp-json\/wp\/v2\/posts\/2551\/revisions"}],"predecessor-version":[{"id":2553,"href":"https:\/\/www.regioncuatronoticias.com\/index.php\/wp-json\/wp\/v2\/posts\/2551\/revisions\/2553"}],"wp:featuredmedia":[{"embeddable":true,"href":"https:\/\/www.regioncuatronoticias.com\/index.php\/wp-json\/wp\/v2\/media\/2552"}],"wp:attachment":[{"href":"https:\/\/www.regioncuatronoticias.com\/index.php\/wp-json\/wp\/v2\/media?parent=2551"}],"wp:term":[{"taxonomy":"category","embeddable":true,"href":"https:\/\/www.regioncuatronoticias.com\/index.php\/wp-json\/wp\/v2\/categories?post=2551"},{"taxonomy":"post_tag","embeddable":true,"href":"https:\/\/www.regioncuatronoticias.com\/index.php\/wp-json\/wp\/v2\/tags?post=2551"}],"curies":[{"name":"wp","href":"https:\/\/api.w.org\/{rel}","templated":true}]}}