{"id":25498,"date":"2025-03-05T21:40:47","date_gmt":"2025-03-06T04:40:47","guid":{"rendered":"https:\/\/www.regioncuatronoticias.com\/?p=25498"},"modified":"2025-03-05T21:40:50","modified_gmt":"2025-03-06T04:40:50","slug":"morena-sonora-conmemora-el-dia-internacional-de-la-mujer","status":"publish","type":"post","link":"https:\/\/www.regioncuatronoticias.com\/index.php\/2025\/03\/05\/morena-sonora-conmemora-el-dia-internacional-de-la-mujer\/","title":{"rendered":"Morena Sonora conmemora el D\u00eda Internacional de la Mujer"},"content":{"rendered":"\n<p>Hermosillo, Sonora; a 5 de marzo de 2025.- En el marco de la conmemoraci\u00f3n del D\u00eda Internacional de la Mujer, Morena Sonora llev\u00f3 a cabo el evento \u201cInterseccionalidad: Di\u00e1logos Violetas\u201d, el cual sirvi\u00f3 como un recorrido&nbsp; por la historia del feminismo en M\u00e9xico, las luchas y reivindicaciones del movimiento, as\u00ed como los avances y retos que se han dado en la Cuarta Transformaci\u00f3n en esta tem\u00e1tica.<\/p>\n\n\n\n<p>Ante un auditorio completo, Judith Armenta Cota,&nbsp; presidenta de Morena-Sonora, record\u00f3 los avances de este movimiento durante el per\u00edodo del ex presidente Andr\u00e9s Manuel L\u00f3pez Obrador, tales como la paridad de g\u00e9nero en el gabinete.<\/p>\n\n\n\n<p>De la misma forma, los logros alcanzados en lo que va de la la administraci\u00f3n de Claudia Sheinbaum Pardo, primera presidenta en la historia de M\u00e9xico, entre los que se cuentan elevar a nivel de Secretar\u00eda al Instituto Nacional de la Mujer, incrementar los apoyos gubernamentales a las mujeres, la visibilizaci\u00f3n medi\u00e1tica de mujeres que han transformado la vida p\u00fablica de este pa\u00eds y acuerdos y programas destinados a garantizar la vida libre de violencia, el sistema nacional de cuidados y romper con la brecha general de salarios, entre otros.<\/p>\n\n\n\n<p>\u201cEn el pasado proceso electoral, el camino de nuestra historia dio un giro que fue muy necesario y que era urgente y logramos entre todas y todos que llegara al poder la presidenta Claudia Sheinbaum, eso lo logramos con el estigma de que vivimos en un pa\u00eds machista, a 200 a\u00f1os de la rep\u00fablica y a 70 a\u00f1os&nbsp; de que apenas las mujeres tuvi\u00e9ramos derecho a votar\u201d, expres\u00f3 la dirigente estatal.<\/p>\n\n\n\n<p>Por su parte, Yessenia Borb\u00f3n Sotelo, Secretaria de Mujeres de Morena Sonora, explic\u00f3 que estos di\u00e1logos violetas ten\u00edan como objetivo el encuentro para reflexionar y conversar para seguir posicionando los diversos temas sobre la agenda.<\/p>\n\n\n\n<p>\u201cLa importancia de continuar con la conmemoraci\u00f3n del 8 de marzo est\u00e1 fundada sobre la desafortunada y vigente violencia que vivimos todas las mujeres: en ese sentido hemos organizado este evento con la finalidad de dialogar entre nosotros y seguir poniendo estos temas en la agenda\u201d, expuso Borb\u00f3n Sotelo.<\/p>\n\n\n\n<p>As\u00ed, desde la experiencia de las ponentes, cada una desde su trinchera, el evento se convirti\u00f3 en un recorrido hist\u00f3rico, en el desglose de un panorama actual y en la mirada hacia un futuro en el cual se aspira a lograr una verdadera igualdad. De los or\u00edgenes del D\u00eda Internacional de la Mujer, con las manifestaciones de mujeres obreras en Nueva York al pensamiento de Rosa de Luxemburgo, una de las grandes pensadoras del siglo XX, intervenci\u00f3n dada por la diputada Deni Gast\u00e9lum Barreras; al recuento de los avances legislativos en Sonora&nbsp; de la diputada Ernestina Castro; del enciclop\u00e9dico saber de las distintas violencias contra la mujer que brind\u00f3 la diputada Alicia Gayt\u00e1n a las experiencias que le han tocado atestiguar de las mujeres ind\u00edgenas de la diputada Vicky Espinoza. De los obst\u00e1culos y discriminaciones sufridas por la acad\u00e9mica y fundadora de la Organizaci\u00f3n Civil Sonora Trans A.C, Fernanda Velarde, al ejercicio de empat\u00eda propuesto por la doctora Mar\u00eda Fernanda Ju\u00e1rez Velarde y su tema de mujeres con discapacidad.<\/p>\n\n\n\n<p>Interseccionalidad: Di\u00e1logos violetas se convirti\u00f3 en un evento vibrante donde el epicentro fue la mujer. Porque como dice la presidenta Claudia Shienbaum: no lleg\u00f3 ella, llegaron todas.<\/p>\n","protected":false},"excerpt":{"rendered":"<p>Hermosillo, Sonora; a 5 de marzo de 2025.- En el marco de la conmemoraci\u00f3n del D\u00eda Internacional de la Mujer, Morena Sonora llev\u00f3 a cabo el evento \u201cInterseccionalidad: Di\u00e1logos Violetas\u201d, el cual sirvi\u00f3 como un recorrido&nbsp; por la historia del feminismo en M\u00e9xico, las luchas y reivindicaciones del movimiento, as\u00ed como los avances y retos [&hellip;]<\/p>\n","protected":false},"author":1,"featured_media":25499,"comment_status":"open","ping_status":"open","sticky":false,"template":"","format":"standard","meta":{"content-type":"","footnotes":""},"categories":[115,9],"tags":[],"class_list":{"0":"post-25498","1":"post","2":"type-post","3":"status-publish","4":"format-standard","5":"has-post-thumbnail","7":"category-politica","8":"category-sonora"},"_links":{"self":[{"href":"https:\/\/www.regioncuatronoticias.com\/index.php\/wp-json\/wp\/v2\/posts\/25498","targetHints":{"allow":["GET"]}}],"collection":[{"href":"https:\/\/www.regioncuatronoticias.com\/index.php\/wp-json\/wp\/v2\/posts"}],"about":[{"href":"https:\/\/www.regioncuatronoticias.com\/index.php\/wp-json\/wp\/v2\/types\/post"}],"author":[{"embeddable":true,"href":"https:\/\/www.regioncuatronoticias.com\/index.php\/wp-json\/wp\/v2\/users\/1"}],"replies":[{"embeddable":true,"href":"https:\/\/www.regioncuatronoticias.com\/index.php\/wp-json\/wp\/v2\/comments?post=25498"}],"version-history":[{"count":1,"href":"https:\/\/www.regioncuatronoticias.com\/index.php\/wp-json\/wp\/v2\/posts\/25498\/revisions"}],"predecessor-version":[{"id":25500,"href":"https:\/\/www.regioncuatronoticias.com\/index.php\/wp-json\/wp\/v2\/posts\/25498\/revisions\/25500"}],"wp:featuredmedia":[{"embeddable":true,"href":"https:\/\/www.regioncuatronoticias.com\/index.php\/wp-json\/wp\/v2\/media\/25499"}],"wp:attachment":[{"href":"https:\/\/www.regioncuatronoticias.com\/index.php\/wp-json\/wp\/v2\/media?parent=25498"}],"wp:term":[{"taxonomy":"category","embeddable":true,"href":"https:\/\/www.regioncuatronoticias.com\/index.php\/wp-json\/wp\/v2\/categories?post=25498"},{"taxonomy":"post_tag","embeddable":true,"href":"https:\/\/www.regioncuatronoticias.com\/index.php\/wp-json\/wp\/v2\/tags?post=25498"}],"curies":[{"name":"wp","href":"https:\/\/api.w.org\/{rel}","templated":true}]}}