{"id":25479,"date":"2025-03-04T22:30:06","date_gmt":"2025-03-05T05:30:06","guid":{"rendered":"https:\/\/www.regioncuatronoticias.com\/?p=25479"},"modified":"2025-03-04T22:30:07","modified_gmt":"2025-03-05T05:30:07","slug":"camion-se-estrella-contra-casa-tras-fuerte-choque-en-hermosillo-hay-7-heridos","status":"publish","type":"post","link":"https:\/\/www.regioncuatronoticias.com\/index.php\/2025\/03\/04\/camion-se-estrella-contra-casa-tras-fuerte-choque-en-hermosillo-hay-7-heridos\/","title":{"rendered":"Cami\u00f3n se estrella contra casa tras fuerte choque en Hermosillo; hay 7 heridos"},"content":{"rendered":"\n<p>Tomado de Expreso<\/p>\n\n\n\n<p>Ana Mar\u00eda L\u00f3pez<\/p>\n\n\n\n<p>Martes 4 de marzo de 2025.<\/p>\n\n\n\n<p>Los primeros reportes en el lugar de los hechos se\u00f1alaron que el chofer del cami\u00f3n se cruz\u00f3 la luz roja del sem\u00e1foro.<\/p>\n\n\n\n<p>La ma\u00f1ana de este martes 04 de marzo se registr\u00f3 un fuerte accidente de tr\u00e1nsito en Hermosillo, donde se vieron involucrados una unidad del transporte p\u00fablico y un veh\u00edculo Kia R\u00edo tipo sed\u00e1n, da\u00f1ando tambi\u00e9n un domicilio particular.<\/p>\n\n\n\n<p>Los hechos ocurrieron a las 06:00 horas en la avenida \u00c1ngel Garc\u00eda Aburto y de la Reforma, donde el cami\u00f3n de transporte p\u00fablico se impact\u00f3 con el sed\u00e1n, y tras la colisi\u00f3n la pesada unidad termin\u00f3 estrell\u00e1ndose contra un domicilio.<\/p>\n\n\n\n<p>En el accidente resultaron siete personas lesionadas, incluyendo al chofer del autob\u00fas, el cual seg\u00fan los primeros reportes en el lugar de los hechos, se\u00f1alaron que se cruz\u00f3 la luz roja del sem\u00e1foro.<\/p>\n\n\n\n<p>La se\u00f1ora Ang\u00e9lica Mar\u00eda Villegas Dom\u00ednguez, quien habita el domicilio afectado, comparti\u00f3 que se asustaron al escuchar el impacto y que partes de concreto del techo les cayeron a ella y a sus hijos.<\/p>\n\n\n\n<p>Villegas Dom\u00ednguez agreg\u00f3 que el accidente para ellos no pas\u00f3 a mayores, y que la aseguradora ya habl\u00f3 con ellos luego del accidente.<\/p>\n\n\n\n<p>Por su parte, el vocero del departamento de Tr\u00e1nsito Municipal, David S\u00e1nchez, se\u00f1al\u00f3 como evidente que el chofer \u00edban a exceso de velocidad, con la intenci\u00f3n de &#8216;ganarle&#8217; al sem\u00e1foro, algo com\u00fan en este sector, asever\u00f3.<\/p>\n\n\n\n<p>David S\u00e1nchez aclar\u00f3 que tanto en la calle \u00c1ngel Garc\u00eda Aburto como en la Reforma, la m\u00e1xima velocidad permitida es 45 kil\u00f3metros por hora.<\/p>\n\n\n\n<p>&#8220;Ah\u00ed en el lugar espec\u00edfico donde sucede este accidente hay imprudencias de por medio, alguno de los conductores no respet\u00f3 el sem\u00e1foro, tambi\u00e9n se combina la velocidad, posterior del choque entre los veh\u00edculos el cami\u00f3n pierde el control hacia la izquierda y se impacta contra un domicilio particular&#8221;, manifest\u00f3.<\/p>\n\n\n\n<p>El vocero de tr\u00e1nsito agreg\u00f3 que las personas que no fueron trasladadas para su atenci\u00f3n m\u00e9dica deber\u00e1n acudir al Ministerio P\u00fablico para que se les d\u00e9 una orden y puedan ir por sus propios medios a una revisi\u00f3n m\u00e9dica.<\/p>\n\n\n\n<p><a href=\"https:\/\/www.expreso.com.mx\/noticias\/hermosillo\/camion-choca-y-se-estrella-contra-una-casa-en-hermosillo\/227520\">https:\/\/www.expreso.com.mx\/noticias\/hermosillo\/camion-choca-y-se-estrella-contra-una-casa-en-hermosillo\/227520<\/a><\/p>\n\n\n\n<p><\/p>\n","protected":false},"excerpt":{"rendered":"<p>Tomado de Expreso Ana Mar\u00eda L\u00f3pez Martes 4 de marzo de 2025. Los primeros reportes en el lugar de los hechos se\u00f1alaron que el chofer del cami\u00f3n se cruz\u00f3 la luz roja del sem\u00e1foro. La ma\u00f1ana de este martes 04 de marzo se registr\u00f3 un fuerte accidente de tr\u00e1nsito en Hermosillo, donde se vieron involucrados [&hellip;]<\/p>\n","protected":false},"author":1,"featured_media":25480,"comment_status":"open","ping_status":"open","sticky":false,"template":"","format":"standard","meta":{"content-type":"","footnotes":""},"categories":[8,113],"tags":[],"class_list":{"0":"post-25479","1":"post","2":"type-post","3":"status-publish","4":"format-standard","5":"has-post-thumbnail","7":"category-hermosillo","8":"category-seguridad"},"_links":{"self":[{"href":"https:\/\/www.regioncuatronoticias.com\/index.php\/wp-json\/wp\/v2\/posts\/25479","targetHints":{"allow":["GET"]}}],"collection":[{"href":"https:\/\/www.regioncuatronoticias.com\/index.php\/wp-json\/wp\/v2\/posts"}],"about":[{"href":"https:\/\/www.regioncuatronoticias.com\/index.php\/wp-json\/wp\/v2\/types\/post"}],"author":[{"embeddable":true,"href":"https:\/\/www.regioncuatronoticias.com\/index.php\/wp-json\/wp\/v2\/users\/1"}],"replies":[{"embeddable":true,"href":"https:\/\/www.regioncuatronoticias.com\/index.php\/wp-json\/wp\/v2\/comments?post=25479"}],"version-history":[{"count":1,"href":"https:\/\/www.regioncuatronoticias.com\/index.php\/wp-json\/wp\/v2\/posts\/25479\/revisions"}],"predecessor-version":[{"id":25481,"href":"https:\/\/www.regioncuatronoticias.com\/index.php\/wp-json\/wp\/v2\/posts\/25479\/revisions\/25481"}],"wp:featuredmedia":[{"embeddable":true,"href":"https:\/\/www.regioncuatronoticias.com\/index.php\/wp-json\/wp\/v2\/media\/25480"}],"wp:attachment":[{"href":"https:\/\/www.regioncuatronoticias.com\/index.php\/wp-json\/wp\/v2\/media?parent=25479"}],"wp:term":[{"taxonomy":"category","embeddable":true,"href":"https:\/\/www.regioncuatronoticias.com\/index.php\/wp-json\/wp\/v2\/categories?post=25479"},{"taxonomy":"post_tag","embeddable":true,"href":"https:\/\/www.regioncuatronoticias.com\/index.php\/wp-json\/wp\/v2\/tags?post=25479"}],"curies":[{"name":"wp","href":"https:\/\/api.w.org\/{rel}","templated":true}]}}