{"id":25464,"date":"2025-03-04T21:40:18","date_gmt":"2025-03-05T04:40:18","guid":{"rendered":"https:\/\/www.regioncuatronoticias.com\/?p=25464"},"modified":"2025-03-04T21:40:23","modified_gmt":"2025-03-05T04:40:23","slug":"la-esperanza-es-lo-ultimo-que-muere","status":"publish","type":"post","link":"https:\/\/www.regioncuatronoticias.com\/index.php\/2025\/03\/04\/la-esperanza-es-lo-ultimo-que-muere\/","title":{"rendered":"La esperanza es lo \u00faltimo que muere\u2026"},"content":{"rendered":"\n<p><strong>Columna De Primera Mano<\/strong><\/p>\n\n\n\n<p><strong>Francisco Javier Ruiz Quirr\u00edn<\/strong><\/p>\n\n\n\n<p><strong>La esperanza es lo \u00faltimo que muere\u2026<\/strong><\/p>\n\n\n\n<p><strong>Mi\u00e9rcoles 5 de marzo de 2025<\/strong><\/p>\n\n\n\n<p><strong>ABUNDAN <\/strong>las opiniones en el sentido de que la Presidenta Sheinbaum est\u00e1 actuando de manera prudente y muy inteligente al darse su tiempo para regresar a Donald Trump la imposici\u00f3n arancelaria.<\/p>\n\n\n\n<p>A diferencia de Justin Trudeau, el primer ministro canadiense que respondi\u00f3 de inmediato al anunciar la imposici\u00f3n de aranceles por un 25 por ciento a las exportaciones estadounidenses, la mandataria mexicana inform\u00f3 que s\u00ed responder\u00e1, pero lo har\u00e1 en plaza p\u00fablica el pr\u00f3ximo domingo.<\/p>\n\n\n\n<p>Antes de la media noche de este lunes, Trump firm\u00f3 la orden con la que decretaba el cumplimiento de sus amenazas a M\u00e9xico, Canad\u00e1 y China, como una sanci\u00f3n a lo que consideraba un incumplimiento a compromisos pactados con EU.<\/p>\n\n\n\n<p>Por su lado, China emiti\u00f3 una declaraci\u00f3n e hizo referencia a la intimidaci\u00f3n, la que \u201cno nos asusta. El acoso no funciona con nosotros. La presi\u00f3n, la coerci\u00f3n o las amenazas, no son forma correcta de tratar con China. Cualquiera que ejerza la m\u00e1xima presi\u00f3n sobre China est\u00e1 eligiendo a la persona equivocada\u201d.<\/p>\n\n\n\n<p>Y remata:<\/p>\n\n\n\n<p>\u201cSi Estados Unidos realmente quiere resolver el problema del fentanilo, lo correcto es consultar a China y tratar a los dem\u00e1s como iguales\u201d.<\/p>\n\n\n\n<p>En realidad, Sheinbaum, Trudeau y China coinciden en la condena al gobierno de Donald Trump ante la inaceptable medida \u201ccon la que nadie gana y s\u00ed perjudica a todos\u201d.<\/p>\n\n\n\n<p>En M\u00e9xico siempre se apost\u00f3 a que Trump ser\u00eda incapaz de imponer los aranceles, por lo absurdo de la medida, ya que finalmente el alza de los precios de los diferentes productos y la inflaci\u00f3n que generar\u00eda, impactar\u00eda al consumidor final.<\/p>\n\n\n\n<p>Pues ahora sale a relucir la esperanza de que la amenaza y presiones del presidente de los Estados Unidos contra M\u00e9xico, sean nuevamente pausadas.<\/p>\n\n\n\n<p>Porque la presidenta Sheinbaum dejar\u00e1 pasar algunos d\u00edas, ante la posibilidad de entablar otra conversaci\u00f3n telef\u00f3nica con el vecino del norte y saque alg\u00fan acuerdo que detenga la locura cometida. Dicho encuentro podr\u00eda darse este jueves.<\/p>\n\n\n\n<p>Finalmente la esperanza es lo \u00faltimo que muere, consciente de que M\u00e9xico le ha dado de todo a Trump y hasta de m\u00e1s, pero el tipo es insaciable, dentro de ese estilo \u201cnegociador\u201d porque sabe que es el due\u00f1o del estadio, del bat y de las pelotas.<\/p>\n\n\n\n<p>Como sea, con o sin pausa, Sheinbaum llevar\u00e1 a cabo una concentraci\u00f3n en el z\u00f3calo de la ciudad de M\u00e9xico el pr\u00f3ximo domingo 9 de marzo, para mostrar al mundo el gran apoyo que le otorga el pueblo de M\u00e9xico.<\/p>\n\n\n\n<p>Una respuesta pol\u00edtica, a una sanci\u00f3n econ\u00f3mica.<\/p>\n\n\n\n<p><strong>AYER<\/strong> el presidente municipal de Hermosillo, Antonio Astiazar\u00e1n, fue cuestionado por los reporteros respecto a sus aspiraciones por la candidatura al Gobierno del Estado en el 2027\u2026 Y toda vez que el pasado fin de semana, al asistir a una reuni\u00f3n del comit\u00e9 estatal del Partido Acci\u00f3n Nacional en Sonora, se\u00f1al\u00f3 que \u201cas\u00ed como hemos cambiado a Hermosillo, ese cambio lo podr\u00eda hacer tambi\u00e9n en todo el Estado\u201d\u2026 En esta ocasi\u00f3n, \u201cTo\u00f1o\u201d dijo que no es tiempo de campa\u00f1as pol\u00edticas \u201cque est\u00e1 disfrutando al m\u00e1ximo su trabajo como presidente municipal y que nada va a mover mi atenci\u00f3n y concentraci\u00f3n para seguir al frente de mi responsabilidad\u201d\u2026 Tan-tan.<\/p>\n\n\n\n<p><strong>LOS VOCEROS DE LA <\/strong>iniciativa privada sonorense, Gilberto (COPARMEX) Robles, Jes\u00fas (INDEX) G\u00e1mez y Juan (UGRS) Ochoa Valenzuela, dieron la cara ayer con los primeros comentarios acerca de la imposici\u00f3n de aranceles y mantuvieron un denominador com\u00fan: La medida nos pega a todos, pero tambi\u00e9n conservan la esperanza de que una negociaci\u00f3n pol\u00edtica permita regresar a la \u201cnormalidad\u201d y esta \u201cguerra\u201d promovida por el se\u00f1or Trump, quede como una lastimosa an\u00e9cdota en nuestra historia.<\/p>\n","protected":false},"excerpt":{"rendered":"<p>Columna De Primera Mano Francisco Javier Ruiz Quirr\u00edn La esperanza es lo \u00faltimo que muere\u2026 Mi\u00e9rcoles 5 de marzo de 2025 ABUNDAN las opiniones en el sentido de que la Presidenta Sheinbaum est\u00e1 actuando de manera prudente y muy inteligente al darse su tiempo para regresar a Donald Trump la imposici\u00f3n arancelaria. A diferencia de [&hellip;]<\/p>\n","protected":false},"author":1,"featured_media":25465,"comment_status":"open","ping_status":"open","sticky":false,"template":"","format":"standard","meta":{"content-type":"","footnotes":""},"categories":[124],"tags":[],"class_list":{"0":"post-25464","1":"post","2":"type-post","3":"status-publish","4":"format-standard","5":"has-post-thumbnail","7":"category-francisco-javier-ruiz-quirrin"},"_links":{"self":[{"href":"https:\/\/www.regioncuatronoticias.com\/index.php\/wp-json\/wp\/v2\/posts\/25464","targetHints":{"allow":["GET"]}}],"collection":[{"href":"https:\/\/www.regioncuatronoticias.com\/index.php\/wp-json\/wp\/v2\/posts"}],"about":[{"href":"https:\/\/www.regioncuatronoticias.com\/index.php\/wp-json\/wp\/v2\/types\/post"}],"author":[{"embeddable":true,"href":"https:\/\/www.regioncuatronoticias.com\/index.php\/wp-json\/wp\/v2\/users\/1"}],"replies":[{"embeddable":true,"href":"https:\/\/www.regioncuatronoticias.com\/index.php\/wp-json\/wp\/v2\/comments?post=25464"}],"version-history":[{"count":1,"href":"https:\/\/www.regioncuatronoticias.com\/index.php\/wp-json\/wp\/v2\/posts\/25464\/revisions"}],"predecessor-version":[{"id":25466,"href":"https:\/\/www.regioncuatronoticias.com\/index.php\/wp-json\/wp\/v2\/posts\/25464\/revisions\/25466"}],"wp:featuredmedia":[{"embeddable":true,"href":"https:\/\/www.regioncuatronoticias.com\/index.php\/wp-json\/wp\/v2\/media\/25465"}],"wp:attachment":[{"href":"https:\/\/www.regioncuatronoticias.com\/index.php\/wp-json\/wp\/v2\/media?parent=25464"}],"wp:term":[{"taxonomy":"category","embeddable":true,"href":"https:\/\/www.regioncuatronoticias.com\/index.php\/wp-json\/wp\/v2\/categories?post=25464"},{"taxonomy":"post_tag","embeddable":true,"href":"https:\/\/www.regioncuatronoticias.com\/index.php\/wp-json\/wp\/v2\/tags?post=25464"}],"curies":[{"name":"wp","href":"https:\/\/api.w.org\/{rel}","templated":true}]}}