{"id":25458,"date":"2025-03-04T21:17:19","date_gmt":"2025-03-05T04:17:19","guid":{"rendered":"https:\/\/www.regioncuatronoticias.com\/?p=25458"},"modified":"2025-03-04T21:17:22","modified_gmt":"2025-03-05T04:17:22","slug":"abuchea-a-trump-en-su-mensaje-a-la-nacion-y-lo-sacan-de-la-camara-de-representantes-quien-es-al-green","status":"publish","type":"post","link":"https:\/\/www.regioncuatronoticias.com\/index.php\/2025\/03\/04\/abuchea-a-trump-en-su-mensaje-a-la-nacion-y-lo-sacan-de-la-camara-de-representantes-quien-es-al-green\/","title":{"rendered":"Abuchea a Trump en su mensaje a la naci\u00f3n y lo sacan de la C\u00e1mara de Representantes \u00bfQui\u00e9n es Al Green?"},"content":{"rendered":"\n<p>&#8211;<strong>La reacci\u00f3n del gobierno estadounidense contra el legislador se ha vuelto viral d\u00e1ndole la vuelta al mundo.<\/strong><\/p>\n\n\n\n<p>Tomado de El Imparcial<\/p>\n\n\n\n<p>Pablo Rubio&nbsp;<\/p>\n\n\n\n<p>Martes 4 de marzo de 2025<\/p>\n\n\n\n<p>WASHINGTON, D.C.- Un suceso incre\u00edble ocurri\u00f3 durante el mensaje a la naci\u00f3n que el presidente Donald Trump prepar\u00f3 este martes 4 de marzo para los Estados Unidos.<\/p>\n\n\n\n<p>En v\u00edsperas del inicio del discurso de Trump, Al Green, representante republicano abuche\u00f3 al mandatario y la reacci\u00f3n se ha vuelto viral d\u00e1ndole la vuelta al mundo.<\/p>\n\n\n\n<p>El presidente de la C\u00e1mara de Representantes, Mike Johnson, orden\u00f3 al sargento de armas sacar al representante dem\u00f3crate Al Green, luego de que se escucharan abucheos que r\u00e1pidamente fueron cubiertos por gritos de apoyo al son de \u201cUSA\u201d y aplausos.<\/p>\n\n\n\n<p>Al Green alz\u00f3 su bast\u00f3n e intent\u00f3 callar al presidente estadounidense en una acci\u00f3n que dividi\u00f3 opiniones. Mientras unos lo llamaban h\u00e9roe, otras tantos lo tacharon de \u201cinfantil y poco profesional\u201d.<\/p>\n\n\n\n<p>Por otro lado hay quienes recuerdan que esto tambi\u00e9n sucedi\u00f3 de parte de los Republicanos cuando interrump\u00edan discursos del ex mandatario Joe Biden.<\/p>\n\n\n\n<p><strong>\u00bfQui\u00e9n es Al Green?<\/strong><\/p>\n\n\n\n<p>Al Green, de 78 a\u00f1os, es un representante dem\u00f3crata de Texas que ha mostrado desde a\u00f1os atr\u00e1s sus diferencias con Donald Trump y sus pol\u00edticas, lo ha calificado de racista y fue el primer congresista que pidi\u00f3 que lo sometieran a juicio pol\u00edtico.<\/p>\n\n\n\n<p>Green la solicit\u00f3 luego de que Trump despidiera a James Comey como director del FBI de una forma que calific\u00f3 como \u201cfulminante\u201d sumado tambi\u00e9n a los se\u00f1almientos e investagiones que en ese entonces exist\u00edan por la supuesta injerencia rusa en las elecciones de 2016.<\/p>\n\n\n\n<p>Alexander Green se gradu\u00f3 como abogado en 1974 y sirve en el Congreso desde 2005 donde ha centrado sus propuestas el acceso justo a la vivienda y reformas laborales equitativas, especialmente para las minor\u00edas.<\/p>\n\n\n\n<p><a href=\"https:\/\/www.elimparcial.com\/mundo\/2025\/03\/05\/abuchea-a-trump-en-su-mensaje-a-la-nacion-y-lo-sacan-de-la-camara-de-representantes-quien-es-al-green-video\">https:\/\/www.elimparcial.com\/mundo\/2025\/03\/05\/abuchea-a-trump-en-su-mensaje-a-la-nacion-y-lo-sacan-de-la-camara-de-representantes-quien-es-al-green-video<\/a><\/p>\n","protected":false},"excerpt":{"rendered":"<p>&#8211;La reacci\u00f3n del gobierno estadounidense contra el legislador se ha vuelto viral d\u00e1ndole la vuelta al mundo. Tomado de El Imparcial Pablo Rubio&nbsp; Martes 4 de marzo de 2025 WASHINGTON, D.C.- Un suceso incre\u00edble ocurri\u00f3 durante el mensaje a la naci\u00f3n que el presidente Donald Trump prepar\u00f3 este martes 4 de marzo para los Estados [&hellip;]<\/p>\n","protected":false},"author":1,"featured_media":25459,"comment_status":"open","ping_status":"open","sticky":false,"template":"","format":"standard","meta":{"content-type":"","footnotes":""},"categories":[7,115,105],"tags":[],"class_list":{"0":"post-25458","1":"post","2":"type-post","3":"status-publish","4":"format-standard","5":"has-post-thumbnail","7":"category-internacional","8":"category-politica","9":"category-principal"},"_links":{"self":[{"href":"https:\/\/www.regioncuatronoticias.com\/index.php\/wp-json\/wp\/v2\/posts\/25458","targetHints":{"allow":["GET"]}}],"collection":[{"href":"https:\/\/www.regioncuatronoticias.com\/index.php\/wp-json\/wp\/v2\/posts"}],"about":[{"href":"https:\/\/www.regioncuatronoticias.com\/index.php\/wp-json\/wp\/v2\/types\/post"}],"author":[{"embeddable":true,"href":"https:\/\/www.regioncuatronoticias.com\/index.php\/wp-json\/wp\/v2\/users\/1"}],"replies":[{"embeddable":true,"href":"https:\/\/www.regioncuatronoticias.com\/index.php\/wp-json\/wp\/v2\/comments?post=25458"}],"version-history":[{"count":1,"href":"https:\/\/www.regioncuatronoticias.com\/index.php\/wp-json\/wp\/v2\/posts\/25458\/revisions"}],"predecessor-version":[{"id":25460,"href":"https:\/\/www.regioncuatronoticias.com\/index.php\/wp-json\/wp\/v2\/posts\/25458\/revisions\/25460"}],"wp:featuredmedia":[{"embeddable":true,"href":"https:\/\/www.regioncuatronoticias.com\/index.php\/wp-json\/wp\/v2\/media\/25459"}],"wp:attachment":[{"href":"https:\/\/www.regioncuatronoticias.com\/index.php\/wp-json\/wp\/v2\/media?parent=25458"}],"wp:term":[{"taxonomy":"category","embeddable":true,"href":"https:\/\/www.regioncuatronoticias.com\/index.php\/wp-json\/wp\/v2\/categories?post=25458"},{"taxonomy":"post_tag","embeddable":true,"href":"https:\/\/www.regioncuatronoticias.com\/index.php\/wp-json\/wp\/v2\/tags?post=25458"}],"curies":[{"name":"wp","href":"https:\/\/api.w.org\/{rel}","templated":true}]}}