{"id":25452,"date":"2025-03-04T21:13:21","date_gmt":"2025-03-05T04:13:21","guid":{"rendered":"https:\/\/www.regioncuatronoticias.com\/?p=25452"},"modified":"2025-03-04T21:13:24","modified_gmt":"2025-03-05T04:13:24","slug":"claudia-sheinbaum-pide-mantener-calma-ante-aranceles-de-eu","status":"publish","type":"post","link":"https:\/\/www.regioncuatronoticias.com\/index.php\/2025\/03\/04\/claudia-sheinbaum-pide-mantener-calma-ante-aranceles-de-eu\/","title":{"rendered":"Claudia Sheinbaum pide mantener calma ante aranceles de EU"},"content":{"rendered":"\n<p><strong>Enfatiz\u00f3 que se actuar\u00e1 con firmeza y en defensa de los intereses nacionales.<\/strong><\/p>\n\n\n\n<p>Tomado de El Imparcial<\/p>\n\n\n\n<p>Claudia Ulloa&nbsp;<\/p>\n\n\n\n<p>Martes 4 de marzo de 2025<\/p>\n\n\n\n<p>La presidenta Claudia Sheinbaum hizo un llamado a la ciudadan\u00eda para asistir a una concentraci\u00f3n este domingo 9 de marzo en el Z\u00f3calo capitalino, con el objetivo de informar sobre las acciones que su gobierno emprender\u00e1 frente a la imposici\u00f3n unilateral de aranceles por parte de Estados Unidos.<\/p>\n\n\n\n<p>A trav\u00e9s de la plataforma X, la mandataria comparti\u00f3 un mensaje en el que subray\u00f3 la importancia de mantener la calma y la unidad ante esta medida<\/p>\n\n\n\n<p>\u201cDebemos estar tranquilos ante la imposici\u00f3n unilateral de aranceles. Es tiempo de unidad y defensa de la soberan\u00eda; convoco a las y los mexicanos al Z\u00f3calo este domingo 9 de marzo a las 12 del d\u00eda para informar las acciones que llevaremos a cabo. Juntos saldremos adelante\u201d.<\/p>\n\n\n\n<p>En su publicaci\u00f3n, Sheinbaum Pardo incluy\u00f3 un video con extractos de su conferencia de prensa matutina, donde ley\u00f3 un comunicado en el que detall\u00f3 las medidas que su administraci\u00f3n implementar\u00e1 para enfrentar los aranceles del 25% impuestos por el gobierno de Donald Trump a las mercanc\u00edas mexicanas.<\/p>\n\n\n\n<p>Aunque no especific\u00f3 los detalles de dichas acciones, enfatiz\u00f3 que se actuar\u00e1 con firmeza y en defensa de los intereses nacionales<\/p>\n\n\n\n<p>La convocatoria ha generado reacciones diversas en redes sociales, donde ciudadanos y organizaciones han expresado su apoyo a la iniciativa, mientras que otros han cuestionado la estrategia del gobierno frente a la tensi\u00f3n comercial con Estados Unidos.<\/p>\n\n\n\n<p><a href=\"https:\/\/www.elimparcial.com\/mexico\/2025\/03\/05\/claudia-sheinbaum-pide-mantener-calma-ante-aranceles-de-eu\">https:\/\/www.elimparcial.com\/mexico\/2025\/03\/05\/claudia-sheinbaum-pide-mantener-calma-ante-aranceles-de-eu<\/a><\/p>\n\n\n\n<p><\/p>\n","protected":false},"excerpt":{"rendered":"<p>Enfatiz\u00f3 que se actuar\u00e1 con firmeza y en defensa de los intereses nacionales. Tomado de El Imparcial Claudia Ulloa&nbsp; Martes 4 de marzo de 2025 La presidenta Claudia Sheinbaum hizo un llamado a la ciudadan\u00eda para asistir a una concentraci\u00f3n este domingo 9 de marzo en el Z\u00f3calo capitalino, con el objetivo de informar sobre [&hellip;]<\/p>\n","protected":false},"author":1,"featured_media":25453,"comment_status":"open","ping_status":"open","sticky":false,"template":"","format":"standard","meta":{"content-type":"","footnotes":""},"categories":[3,115,105],"tags":[],"class_list":{"0":"post-25452","1":"post","2":"type-post","3":"status-publish","4":"format-standard","5":"has-post-thumbnail","7":"category-mexico","8":"category-politica","9":"category-principal"},"_links":{"self":[{"href":"https:\/\/www.regioncuatronoticias.com\/index.php\/wp-json\/wp\/v2\/posts\/25452","targetHints":{"allow":["GET"]}}],"collection":[{"href":"https:\/\/www.regioncuatronoticias.com\/index.php\/wp-json\/wp\/v2\/posts"}],"about":[{"href":"https:\/\/www.regioncuatronoticias.com\/index.php\/wp-json\/wp\/v2\/types\/post"}],"author":[{"embeddable":true,"href":"https:\/\/www.regioncuatronoticias.com\/index.php\/wp-json\/wp\/v2\/users\/1"}],"replies":[{"embeddable":true,"href":"https:\/\/www.regioncuatronoticias.com\/index.php\/wp-json\/wp\/v2\/comments?post=25452"}],"version-history":[{"count":1,"href":"https:\/\/www.regioncuatronoticias.com\/index.php\/wp-json\/wp\/v2\/posts\/25452\/revisions"}],"predecessor-version":[{"id":25454,"href":"https:\/\/www.regioncuatronoticias.com\/index.php\/wp-json\/wp\/v2\/posts\/25452\/revisions\/25454"}],"wp:featuredmedia":[{"embeddable":true,"href":"https:\/\/www.regioncuatronoticias.com\/index.php\/wp-json\/wp\/v2\/media\/25453"}],"wp:attachment":[{"href":"https:\/\/www.regioncuatronoticias.com\/index.php\/wp-json\/wp\/v2\/media?parent=25452"}],"wp:term":[{"taxonomy":"category","embeddable":true,"href":"https:\/\/www.regioncuatronoticias.com\/index.php\/wp-json\/wp\/v2\/categories?post=25452"},{"taxonomy":"post_tag","embeddable":true,"href":"https:\/\/www.regioncuatronoticias.com\/index.php\/wp-json\/wp\/v2\/tags?post=25452"}],"curies":[{"name":"wp","href":"https:\/\/api.w.org\/{rel}","templated":true}]}}