{"id":25430,"date":"2025-03-04T09:46:07","date_gmt":"2025-03-04T16:46:07","guid":{"rendered":"https:\/\/www.regioncuatronoticias.com\/?p=25430"},"modified":"2025-03-04T09:46:18","modified_gmt":"2025-03-04T16:46:18","slug":"mexico-pospone-represalia-arancelaria-a-eu-sheinbaum-convoca-a-mitin-el-domingo","status":"publish","type":"post","link":"https:\/\/www.regioncuatronoticias.com\/index.php\/2025\/03\/04\/mexico-pospone-represalia-arancelaria-a-eu-sheinbaum-convoca-a-mitin-el-domingo\/","title":{"rendered":"M\u00e9xico pospone represalia arancelaria a EU; Sheinbaum convoca a mitin el domingo"},"content":{"rendered":"\n<p>\u201cHemos decidido responder con medidas arancelarias; no es el prop\u00f3sito iniciar una confrontaci\u00f3n econ\u00f3mica o comercial opuesto a lo que se est\u00e1 haciendo&#8221;, afirm\u00f3 la presidenta.<\/p>\n\n\n\n<p>Tomado de Proceso<\/p>\n\n\n\n<p>Redacci\u00f3n<\/p>\n\n\n\n<p>Martes 4 de marzo de 2025<\/p>\n\n\n\n<p>CIUDAD DE M\u00c9XICO (apro).-La presidenta Claudia Sheinbaum ley\u00f3 un comunicado en respuesta por los aranceles impuestos por Estados Unidos y revel\u00f3 que ser\u00e1 hasta el domingo cuando d\u00e9 a conocer las medidas que seguir\u00e1 el gobierno de M\u00e9xico, adem\u00e1s conden\u00f3 las declaraciones de Donald Trump respecto a que los c\u00e1rteles del narcotr\u00e1fico gobiernan el pa\u00eds y las tild\u00f3 de \u201cdifamatorias y sin sustento\u201d.<\/p>\n\n\n\n<p>\u201cNo hay motivo, raz\u00f3n, ni justificaci\u00f3n de esta decisi\u00f3n que afectar\u00e1 a nuestros pueblos\u201d, asegur\u00f3 la mandataria.<\/p>\n\n\n\n<p>El pr\u00f3ximo domingo Sheinbaum anunciar\u00e1 desde el Z\u00f3calo las medidas arancelarias que M\u00e9xico implementar\u00e1.<\/p>\n\n\n\n<p>&#8220;Es tiempo de la defensa de M\u00e9xico y su soberan\u00eda (&#8230;) convoco a una asamblea informativa el pr\u00f3ximo domingo -9 de marzo- a las 12 del d\u00eda para dar a conocer las acciones que emprenderemos&#8221;, indic\u00f3.<\/p>\n\n\n\n<p>Sheinbaum subray\u00f3 que &#8220;es inconcebible que no se piense en el da\u00f1o&#8221; que esta medida va a ocasionar a ambos lados de la frontera, pues no solo afectar\u00e1 los ciudadanos y empresas de Estados Unidos, sino tambi\u00e9n a la creaci\u00f3n de empleo en ambos pa\u00edses. &#8220;Nadie gana con esta decisi\u00f3n&#8221;, lament\u00f3.<\/p>\n\n\n\n<p>\u201cHemos decidido responder con medidas arancelarias no es el prop\u00f3sito iniciar una confrontaci\u00f3n econ\u00f3mica o comercial opuesto a lo que se est\u00e1 haciendo. Es inconcebible que no se piense en el da\u00f1o que se va a causar tanto a ciudadanos y a empresas en Estados Unidos nadie gana con esta decisi\u00f3n\u201d, dijo la presidenta.<\/p>\n\n\n\n<p>Trump ha estado justificando su decisi\u00f3n de gravar al 25% las exportaciones de M\u00e9xico y Canad\u00e1 &#8211;que ya ha anunciado que responder\u00e1 con reciprocidad&#8211; por su supuesta laxitud para hacer frente al tr\u00e1fico de estupefacientes y a la inmigraci\u00f3n irregular en su lado de la frontera.<\/p>\n\n\n\n<p>La Casa Blanca tambi\u00e9n orden\u00f3 incrementar al 20% los aranceles a China, pa\u00eds al que Trump tambi\u00e9n ha acusado de no tomar medidas suficientes para frenar el flujo de opioides sint\u00e9ticos y que ya ha anunciado &#8220;contramedidas&#8221; para hacer frente a una decisi\u00f3n tomada desde Washington en base a &#8220;infundios&#8221;.<\/p>\n\n\n\n<p>El mandatario estadunidense decidi\u00f3 el 3 de febrero pausar durante un mes los aranceles del 25% a todas las importaciones mexicanas a cambio de que M\u00e9xico reforzara la frontera com\u00fan con 10 mil efectivos y diera resultados en seguridad, migraci\u00f3n y lucha contra el narcotr\u00e1fico.<\/p>\n\n\n\n<p>El Secretario del Tesoro estadunidense, Scott Bessent, dijo el domingo que M\u00e9xico hab\u00eda ofrecido imponer aranceles a China iguales a los decretados por Washington. Sheinbaum no descart\u00f3 ni confirm\u00f3 este punto la semana pasada, pero s\u00ed plante\u00f3 la posibilidad de imponer estos impuestos a pa\u00edses con los que no hay tratados comerciales y China es uno de ellos.<\/p>\n\n\n\n<p>Durante su primer mandato, Trump impuso aranceles a la mayor\u00eda de los productos chinos y a paneles solares importados, lavadoras, acero y aluminio. Los aumentos de impuestos podr\u00edan haber elevado los precios de esos art\u00edculos, pero tuvieron poco o ning\u00fan impacto en la inflaci\u00f3n general, que se mantuvo moderada.<\/p>\n\n\n\n<p><a href=\"https:\/\/www.proceso.com.mx\/nacional\/2025\/3\/4\/mexico-pospone-represalia-arancelaria-eu-sheinbaum-convoca-mitin-el-domingo-346671.html\">https:\/\/www.proceso.com.mx\/nacional\/2025\/3\/4\/mexico-pospone-represalia-arancelaria-eu-sheinbaum-convoca-mitin-el-domingo-346671.html<\/a><\/p>\n\n\n\n<p><strong>SHEINBAUM TIENE PREVISTA UNA LLAMADA SOBRE ARANCELES CON TRUMP &#8220;PROBABLEMENTE&#8221; ESTE JUEVES<\/strong><\/p>\n\n\n\n<p>La presidenta de M\u00e9xico, Claudia Sheinbaum, dijo este martes que tiene pactada una llamada con su hom\u00f3logo estadounidense, Donald Trump, luego de que el magnate impusiera aranceles del 25% a las exportaciones mexicanas a Estados Unidos<\/p>\n\n\n\n<p>Tomado de El Economista<\/p>\n\n\n\n<p>Redacci\u00f3n<\/p>\n\n\n\n<p>Martes 04 de marzo de 2025<\/p>\n\n\n\n<p>La presidenta de M\u00e9xico, Claudia Sheinbaum, dijo este martes que tiene pactada una llamada con su hom\u00f3logo estadounidense, Donald Trump, luego de que el magnate impusiera aranceles del 25% a las exportaciones mexicanas a Estados Unidos.<\/p>\n\n\n\n<p>&#8220;Esta semana tenemos pactada una llamada con el presidente Trump (&#8230;) probablemente el jueves&#8221;, dijo la mandataria en rueda de prensa tras anunciar que su gobierno alista medidas &#8220;arancelarias y no arancelarias&#8221; en represalia a Estados Unidos.<\/p>\n\n\n\n<p>China contraataca con aranceles a la agricultura de EU y asegura que no se dejar\u00e1 intimidar<\/p>\n\n\n\n<p>Poco m\u00e1s temprano, la primera mandataria conden\u00f3 y consider\u00f3 injustificados los aranceles impuestos por el gobierno de Trump contra productos mexicanos y anunci\u00f3 que el domingo dar\u00e1 a conocer en un acto p\u00fablico en el Z\u00f3calo de la CDMX medidas arancelarias y no arancelarias contra Estados Unidos.<\/p>\n\n\n\n<p>Trump cumpli\u00f3 el martes su amenaza de imponer aranceles del 25% a importaciones mexicanas, una medida que la Casa Blanca justifica porque considera que M\u00e9xico no hace los suficiente para frenar el flujo de migrantes y el tr\u00e1fico de drogas, sobre todo el fentanilo.<\/p>\n\n\n\n<p>Tras calificar de &#8220;ofensivo, difamatorio y sin sustento&#8221; un comunicado de la Casa Blanca el lunes sobre los aranceles, Sheinbaum afirm\u00f3 que M\u00e9xico ha dado resultados en seguridad, citando una reducci\u00f3n de un 50% en las incautaciones de fentanilo en Estados Unidos provenientes de M\u00e9xico.<\/p>\n\n\n\n<p>Tambi\u00e9n destac\u00f3 la incautaci\u00f3n en M\u00e9xico de casi 7,000 armas de fuego, 75% de las cuales provienen de Estados Unidos, de 1,260 kilogramos y de un 1.33 millones de pastillas de fentanilo, y de 26.4 toneladas de coca\u00edna en operaciones mar\u00edtimas, adem\u00e1s del desmantelamiento de 329 laboratorios clandestinos de metanfetaminas.<\/p>\n\n\n\n<p>La mandataria agreg\u00f3 que fueron detenidas casi 14,000 personas por delitos de alto impacto en su administraci\u00f3n y record\u00f3 que el jueves fueron trasladados al pa\u00eds vecino 29 presuntos narcotraficantes al vecino pa\u00eds para que sean juzgados ah\u00ed, en una de las operaciones m\u00e1s grandes de este tipo en a\u00f1os.<\/p>\n\n\n\n<p>Adem\u00e1s, reiter\u00f3 su visi\u00f3n de que la integraci\u00f3n de las econom\u00edas estadounidense y mexicana es beneficiosa para ambas partes. Con los aranceles, lo que M\u00e9xico produce va a costarle un 25% m\u00e1s a los consumidores estadounidenses, enfatiz\u00f3.<\/p>\n\n\n\n<p>(Con informaci\u00f3n de AFP y Reuters)<\/p>\n\n\n\n<p><strong>INFORMACI\u00d3N EN PROCESO&#8230;<\/strong><\/p>\n\n\n\n<p><a href=\"https:\/\/www.eleconomista.com.mx\/politica\/sheinbaum-prevista-llamada-sobre-aranceles-trump-probablemente-jueves-20250304-748884.html\">https:\/\/www.eleconomista.com.mx\/politica\/sheinbaum-prevista-llamada-sobre-aranceles-trump-probablemente-jueves-20250304-748884.html<\/a><\/p>\n\n\n\n<p><\/p>\n","protected":false},"excerpt":{"rendered":"<p>\u201cHemos decidido responder con medidas arancelarias; no es el prop\u00f3sito iniciar una confrontaci\u00f3n econ\u00f3mica o comercial opuesto a lo que se est\u00e1 haciendo&#8221;, afirm\u00f3 la presidenta. Tomado de Proceso Redacci\u00f3n Martes 4 de marzo de 2025 CIUDAD DE M\u00c9XICO (apro).-La presidenta Claudia Sheinbaum ley\u00f3 un comunicado en respuesta por los aranceles impuestos por Estados Unidos [&hellip;]<\/p>\n","protected":false},"author":1,"featured_media":25431,"comment_status":"open","ping_status":"open","sticky":false,"template":"","format":"standard","meta":{"content-type":"","footnotes":""},"categories":[114,7,105],"tags":[],"class_list":{"0":"post-25430","1":"post","2":"type-post","3":"status-publish","4":"format-standard","5":"has-post-thumbnail","7":"category-economia","8":"category-internacional","9":"category-principal"},"_links":{"self":[{"href":"https:\/\/www.regioncuatronoticias.com\/index.php\/wp-json\/wp\/v2\/posts\/25430","targetHints":{"allow":["GET"]}}],"collection":[{"href":"https:\/\/www.regioncuatronoticias.com\/index.php\/wp-json\/wp\/v2\/posts"}],"about":[{"href":"https:\/\/www.regioncuatronoticias.com\/index.php\/wp-json\/wp\/v2\/types\/post"}],"author":[{"embeddable":true,"href":"https:\/\/www.regioncuatronoticias.com\/index.php\/wp-json\/wp\/v2\/users\/1"}],"replies":[{"embeddable":true,"href":"https:\/\/www.regioncuatronoticias.com\/index.php\/wp-json\/wp\/v2\/comments?post=25430"}],"version-history":[{"count":1,"href":"https:\/\/www.regioncuatronoticias.com\/index.php\/wp-json\/wp\/v2\/posts\/25430\/revisions"}],"predecessor-version":[{"id":25432,"href":"https:\/\/www.regioncuatronoticias.com\/index.php\/wp-json\/wp\/v2\/posts\/25430\/revisions\/25432"}],"wp:featuredmedia":[{"embeddable":true,"href":"https:\/\/www.regioncuatronoticias.com\/index.php\/wp-json\/wp\/v2\/media\/25431"}],"wp:attachment":[{"href":"https:\/\/www.regioncuatronoticias.com\/index.php\/wp-json\/wp\/v2\/media?parent=25430"}],"wp:term":[{"taxonomy":"category","embeddable":true,"href":"https:\/\/www.regioncuatronoticias.com\/index.php\/wp-json\/wp\/v2\/categories?post=25430"},{"taxonomy":"post_tag","embeddable":true,"href":"https:\/\/www.regioncuatronoticias.com\/index.php\/wp-json\/wp\/v2\/tags?post=25430"}],"curies":[{"name":"wp","href":"https:\/\/api.w.org\/{rel}","templated":true}]}}