{"id":25424,"date":"2025-03-04T09:27:07","date_gmt":"2025-03-04T16:27:07","guid":{"rendered":"https:\/\/www.regioncuatronoticias.com\/?p=25424"},"modified":"2025-03-04T09:27:10","modified_gmt":"2025-03-04T16:27:10","slug":"peso-mexicano-cae-con-fuerza-contra-el-dolar-tras-entrada-en-vigor-de-aranceles-de-eu","status":"publish","type":"post","link":"https:\/\/www.regioncuatronoticias.com\/index.php\/2025\/03\/04\/peso-mexicano-cae-con-fuerza-contra-el-dolar-tras-entrada-en-vigor-de-aranceles-de-eu\/","title":{"rendered":"Peso mexicano cae con fuerza contra el d\u00f3lar tras entrada en vigor de aranceles de EU"},"content":{"rendered":"\n<p><strong>-La divisa local retrocede tras la entrada en vigor de los aranceles de Estados Unidos a M\u00e9xico y despu\u00e9s de que la presidenta Claudia Sheinbaum dijo que responder\u00e1 con medidas arancelarias y no arancelarias.<\/strong><\/p>\n\n\n\n<p><strong>-Tras retroceder durante la jornada, la moneda se estabiliz\u00f3, con la atenci\u00f3n del mercado en el presidente estadounidense, Donald Trump, y sus amenazas, que han debilitado el entorno para los activos de riesgo.<\/strong><\/p>\n\n\n\n<p>Tomado de El Economista<\/p>\n\n\n\n<p>Jos\u00e9 Antonio Rivera<\/p>\n\n\n\n<p>Martes 04 de marzo de 2025<\/p>\n\n\n\n<p>El peso mexicano cae con fuerza la ma\u00f1ana de este martes. La divisa local retrocede tras la entrada en vigor de los aranceles de Estados Unidos a M\u00e9xico y despu\u00e9s de que la presidenta Claudia Sheinbaum adelanto medidas arancelarias y no arancelarias en respuesta.<\/p>\n\n\n\n<p>El tipo de cambio spot se ubica en el nivel de 20.9262 pesos por d\u00f3lar. Comparado con el cierre de 20.7176 unidades de ayer, con el dato oficial del Banco de M\u00e9xico (Banxico), este movimiento significa para el peso una p\u00e9rdida de 20.86 centavos o de 1.01 por ciento.<\/p>\n\n\n\n<p>El precio del d\u00f3lar se mueve en un rango entre un m\u00e1ximo de 20.9999 unidades y un nivel m\u00ednimo de 20.6880. El \u00cdndice D\u00f3lar (DXY), del Intercontinental Exchange, que mide al billete verde con una canasta de seis monedas referencia, pierde 0.30% a 106.23 unidades.<\/p>\n\n\n\n<p>Los aranceles de Estados Unidos de 25% a los productos mexicanos y canadienses entraron en vigor este martes, a pesar de los esfuerzos que ambos gobiernos realizaron durante el periodo de gracia para llegar a un acuerdo con el presidente estadounidense, Donald Trump.<\/p>\n\n\n\n<p>&#8220;El peso mexicano es afectado por la imposici\u00f3n de aranceles de 25%. La atenci\u00f3n pasa a las medidas que implementar\u00e1 M\u00e9xico hacia Estados Unidos, considerando que Canad\u00e1 y China tomaron represalias&#8221;, destacaron analistas de Monex Grupo Financiero en un reporte.<\/p>\n\n\n\n<p><strong>Peso ampl\u00eda su ca\u00edda<\/strong><\/p>\n\n\n\n<p>Durante la madrugada, el tipo de cambio marc\u00f3 un m\u00e1ximo de 20.9360 unidades por d\u00f3lar, ampliando sus p\u00e9rdidas iniciales hacia la zona de 21 unidades despu\u00e9s de que la presidenta Sheinbaum inform\u00f3 que el domingo anunciar\u00e1 medidas arancelarias y no arancelarias.<\/p>\n\n\n\n<p>&#8220;Hemos decidido responder (a los aranceles) con medidas arancelarias y no arancelarias que anunciar\u00e9 el domingo&#8221;, afirm\u00f3 Sheinbaum en su conferencia diaria. &#8220;No hay motivo, raz\u00f3n ni justificaci\u00f3n que soporte esta decisi\u00f3n (de Trump) que afectar\u00e1 a nuestros pueblos&#8221;.<\/p>\n\n\n\n<p>&#8220;El impacto de estas decisiones ya se est\u00e1 reflejando en los mercados y en el comercio global. Las pr\u00f3ximas semanas ser\u00e1n clave para entender hacia d\u00f3nde se dirige esta disputa y de qu\u00e9 manera debemos reaccionar&#8221;, explic\u00f3 Eduardo Ramos, analista del broker VT Markets.<\/p>\n\n\n\n<figure class=\"wp-block-embed\"><div class=\"wp-block-embed__wrapper\">\nhttps:\/\/www.eleconomista.com.mx\/mercados\/precio-dolar-hoy-4-marzo-2025-cuanto-cerro-20250304-748885.html\n<\/div><\/figure>\n","protected":false},"excerpt":{"rendered":"<p>-La divisa local retrocede tras la entrada en vigor de los aranceles de Estados Unidos a M\u00e9xico y despu\u00e9s de que la presidenta Claudia Sheinbaum dijo que responder\u00e1 con medidas arancelarias y no arancelarias. -Tras retroceder durante la jornada, la moneda se estabiliz\u00f3, con la atenci\u00f3n del mercado en el presidente estadounidense, Donald Trump, y [&hellip;]<\/p>\n","protected":false},"author":1,"featured_media":25425,"comment_status":"open","ping_status":"open","sticky":false,"template":"","format":"standard","meta":{"content-type":"","footnotes":""},"categories":[114,7,105],"tags":[],"class_list":{"0":"post-25424","1":"post","2":"type-post","3":"status-publish","4":"format-standard","5":"has-post-thumbnail","7":"category-economia","8":"category-internacional","9":"category-principal"},"_links":{"self":[{"href":"https:\/\/www.regioncuatronoticias.com\/index.php\/wp-json\/wp\/v2\/posts\/25424","targetHints":{"allow":["GET"]}}],"collection":[{"href":"https:\/\/www.regioncuatronoticias.com\/index.php\/wp-json\/wp\/v2\/posts"}],"about":[{"href":"https:\/\/www.regioncuatronoticias.com\/index.php\/wp-json\/wp\/v2\/types\/post"}],"author":[{"embeddable":true,"href":"https:\/\/www.regioncuatronoticias.com\/index.php\/wp-json\/wp\/v2\/users\/1"}],"replies":[{"embeddable":true,"href":"https:\/\/www.regioncuatronoticias.com\/index.php\/wp-json\/wp\/v2\/comments?post=25424"}],"version-history":[{"count":1,"href":"https:\/\/www.regioncuatronoticias.com\/index.php\/wp-json\/wp\/v2\/posts\/25424\/revisions"}],"predecessor-version":[{"id":25426,"href":"https:\/\/www.regioncuatronoticias.com\/index.php\/wp-json\/wp\/v2\/posts\/25424\/revisions\/25426"}],"wp:featuredmedia":[{"embeddable":true,"href":"https:\/\/www.regioncuatronoticias.com\/index.php\/wp-json\/wp\/v2\/media\/25425"}],"wp:attachment":[{"href":"https:\/\/www.regioncuatronoticias.com\/index.php\/wp-json\/wp\/v2\/media?parent=25424"}],"wp:term":[{"taxonomy":"category","embeddable":true,"href":"https:\/\/www.regioncuatronoticias.com\/index.php\/wp-json\/wp\/v2\/categories?post=25424"},{"taxonomy":"post_tag","embeddable":true,"href":"https:\/\/www.regioncuatronoticias.com\/index.php\/wp-json\/wp\/v2\/tags?post=25424"}],"curies":[{"name":"wp","href":"https:\/\/api.w.org\/{rel}","templated":true}]}}