{"id":25418,"date":"2025-03-04T00:30:10","date_gmt":"2025-03-04T07:30:10","guid":{"rendered":"https:\/\/www.regioncuatronoticias.com\/?p=25418"},"modified":"2025-03-04T00:30:12","modified_gmt":"2025-03-04T07:30:12","slug":"firme-el-movimiento-contra-el-alza-al-predial-en-navojoa","status":"publish","type":"post","link":"https:\/\/www.regioncuatronoticias.com\/index.php\/2025\/03\/04\/firme-el-movimiento-contra-el-alza-al-predial-en-navojoa\/","title":{"rendered":"Firme el movimiento contra el alza al predial en Navojoa"},"content":{"rendered":"\n<p><strong>Columna Encuadre<\/strong><\/p>\n\n\n\n<p><strong>Jos\u00e9 F. Medina<\/strong><\/p>\n\n\n\n<p><strong>&nbsp;Firme el movimiento contra el alza al predial en Navojoa<\/strong><\/p>\n\n\n\n<p><strong>Martes 4 de marzo de 2025<\/strong><\/p>\n\n\n\n<p>Mal y de malas el alcalde navojoense, Jorge El\u00edas Retes, con el tema del desmesurado aumento de este impuesto.<\/p>\n\n\n\n<p>Los navojoenses integrantes del \u201cMovimiento Familiar No al Alza del Predial\u201d no cejan en su lucha por aminorar el impacto que ocasionar\u00e1 en la econom\u00eda familiar.<\/p>\n\n\n\n<p>Y es que despu\u00e9s de varios meses de aprobado dicho incremento, y que en algunos casos llega hasta el 300 por cierto, apenas el alcalde El\u00edas Retes recibi\u00f3 a los inconformes este lunes, aunque dice encabezar un gobierno de \u201cpuertas abiertas\u201d.<\/p>\n\n\n\n<p>\u00bfQu\u00e9 tal si las tuviera cerradas?<\/p>\n\n\n\n<p>Ya no es posible argumentar el quebranto financiero del gobierno municipal como justificaci\u00f3n del incremento al predial, y que sean los ciudadanos los que soporten dicha carga, porque en verdad, son los menos culpables de la situaci\u00f3n.<\/p>\n\n\n\n<p>Ser\u00eda un grandioso detalle que los titulares de todas las principales \u00e1reas que llegaron junto con El\u00edas Retes para \u201cservir\u201d a Navojoa, no cobraran su sueldo durante un a\u00f1o a fin de aportar su parte para aliviar un tanto la pobre situaci\u00f3n de las arcas municipales, tal como llora por todos los rincones del edificio el mismo mun\u00edcipe.<\/p>\n\n\n\n<p>O que no les dieran gasolina para hacer su trabajo, o no les pagaran el celular, o dejaran los gastos de representaci\u00f3n de lado, o desecharan recibir cualquier otra canonj\u00eda de esas que se acostumbran en los ayuntamientos para sus funcionarios.<\/p>\n\n\n\n<p>Eso ser\u00eda predicar con el ejemplo, en absoluta solidaridad con los navojoenses m\u00e1s necesitados econ\u00f3micamente, y que aun as\u00ed, su predial siempre est\u00e1 al d\u00eda.<\/p>\n\n\n\n<p>Por lo pronto, los voceros ciudadanos del movimiento, Jorge Omar Valenzuela Echeverr\u00eda, Cristina Chairez Verdugo, Humberto Hern\u00e1ndez Vizcarra. Fidel \u00c1ngel Ochoa y Julio Salvatierra, har\u00e1n acto de presencia hoy martes en el Congreso del Estado para dar seguimiento a la solicitud de modificaci\u00f3n de la Ley de Ingresos del municipio, ante el desproporcionado aumento en el pago del predial, exigiendo tambi\u00e9n que se establezca un tope de hasta un diez por ciento de incremento, tope, me dicen, que ya exist\u00eda y fue eliminado.<\/p>\n\n\n\n<p>Ahora la pelota se traslada a la cancha de los diputados. A ver c\u00f3mo responden. Esta es la oportunidad de Pr\u00f3spero Valenzuela de congraciarse con sus paisanos, y comprobar con hechos, su rechazo a la pol\u00edtica recaudatoria de El\u00edas Retes.<\/p>\n\n\n\n<p>Matar\u00eda dos p\u00e1jaros de una sola pedrada: quedar\u00eda muy bien con los navojoenses y se cobrar\u00eda los agravios del alcalde.<\/p>\n\n\n\n<p>Por lo dem\u00e1s, el tema ya lleg\u00f3 tambi\u00e9n hasta Palacio Nacional.<\/p>\n\n\n\n<p>Una carta explicando el caso fue entregada en Atenci\u00f3n Ciudadana de la Presidencia de la Rep\u00fablica, cuya directora general de esa \u00e1rea, Lieda Adriana Contreras Vera, ya acus\u00f3 recibo.<\/p>\n\n\n\n<p><strong>&nbsp;NOGALES YA TIENE COMIT\u00c9 MUNICIPAL DEL PARTIDO SONORENSE<\/strong><\/p>\n\n\n\n<p>Pian pianito, el Partido Sonorense inicia con el pie derecho este a\u00f1o postelectoral, al conformar en esta frontera su primer comit\u00e9 municipal.<\/p>\n\n\n\n<p>Integrado por ciudadanos de a pie, esta nueva estructura partidista tiene a la cabeza a Salvador Boj\u00f3rquez, Mar\u00eda Elizabeth Cortez y Brian Michaell Gast\u00e9lum, como su presidente, secretaria general y secretario de Organizaci\u00f3n, respectivamente.<\/p>\n\n\n\n<p>Nada de perfiles del pol\u00edtico tradicional; son rostros frescos, con enormes deseos de aportar y trascender, nogalenses de esfuerzo y trabajo, de a pie, que ven en el PS una forma de reivindicar a quienes no se sienten representados por los partidos tradicionales.<\/p>\n\n\n\n<p>Por el bien de Nogales, ojal\u00e1 que su trabajo sea la mar de fruct\u00edfero.<\/p>\n\n\n\n<p><strong>&nbsp;ENCUADRE PUNZANTE<\/strong><\/p>\n\n\n\n<p>Con tantas justificaciones y explicaciones para el traslado \u2013que no extradici\u00f3n, dice el secre Garc\u00eda Harfuch y el fiscal Gertz Manero \u2013 de los 29 presos de alta peligrosidad hacia Estados Unidos, hasta pareciera que nos quieren convencer de algo.<\/p>\n\n\n\n<p>Que si la Presidenta no particip\u00f3 en la decisi\u00f3n del traslado, que si hab\u00eda temor fundado de que algunos de los presos salieran libres, que si la corrupci\u00f3n en el Poder Judicial, que si nada tiene que ver con la amenaza de los aranceles, que si M\u00e9xico es soberano, que s\u00ed a la coordinaci\u00f3n y no a la subordinaci\u00f3n\u2026que<\/p>\n\n\n\n<p>Dice el dicho que \u201cexplicaciones no pedidas, culpabilidad aceptada\u201d.<\/p>\n\n\n\n<p>Lo cierto es que Donaldo Trump sigue marcando agenda al gobierno federal, al menos en la lucha contra el narcotr\u00e1fico se refiere.<\/p>\n\n\n\n<p>\u00bfEs bueno, es malo? Cada quien.<\/p>\n\n\n\n<p>Me quedo con la percepci\u00f3n de que la Doctora Sheinbaum le est\u00e1 cumpliendo todos los pedidos a Mr. Trump, que en buen castellano significa que no tiene mucho margen para donde hacerse. Las amenazas del norteamericano est\u00e1n haciendo efecto.<\/p>\n\n\n\n<p>(A la hora de redacci\u00f3n de estos p\u00e1rrafos, cerca de las 23:10 horas en Hermosillo, la entrada en vigor del cobro de aranceles para M\u00e9xico ya se hab\u00eda hecho efectiva).<\/p>\n\n\n\n<p>De pron\u00f3sticos reservados esta \u201cguerra de aranceles\u201d. El gobierno canadiense dijo que la decisi\u00f3n de Trump no se quedar\u00e1 sin respuesta: tambi\u00e9n impondr\u00e1n aranceles a productos gringos.<\/p>\n\n\n\n<p>Veremos este martes qu\u00e9 dice el gobierno mexicano. Seg\u00fan esto, ya hay un plan A, B, C y hasta D.<\/p>\n\n\n\n<p>IN PROXIMUM<\/p>\n\n\n\n<p><strong>Me puedes seguir en FB: Jos\u00e9 Felipe Medina<\/strong><\/p>\n\n\n\n<p><strong>En X: @josefe31, @fm_informativo<\/strong><\/p>\n\n\n\n<p><strong>Correo electr\u00f3nico: josefe31@hotmail.com, josefe31@gmail.com<\/strong><\/p>\n\n\n\n<p><strong>FMINFORMATIVO.COM<\/strong><\/p>\n","protected":false},"excerpt":{"rendered":"<p>Columna Encuadre Jos\u00e9 F. Medina &nbsp;Firme el movimiento contra el alza al predial en Navojoa Martes 4 de marzo de 2025 Mal y de malas el alcalde navojoense, Jorge El\u00edas Retes, con el tema del desmesurado aumento de este impuesto. Los navojoenses integrantes del \u201cMovimiento Familiar No al Alza del Predial\u201d no cejan en su [&hellip;]<\/p>\n","protected":false},"author":1,"featured_media":25419,"comment_status":"open","ping_status":"open","sticky":false,"template":"","format":"standard","meta":{"content-type":"","footnotes":""},"categories":[122],"tags":[],"class_list":{"0":"post-25418","1":"post","2":"type-post","3":"status-publish","4":"format-standard","5":"has-post-thumbnail","7":"category-jose-felipe-medina"},"_links":{"self":[{"href":"https:\/\/www.regioncuatronoticias.com\/index.php\/wp-json\/wp\/v2\/posts\/25418","targetHints":{"allow":["GET"]}}],"collection":[{"href":"https:\/\/www.regioncuatronoticias.com\/index.php\/wp-json\/wp\/v2\/posts"}],"about":[{"href":"https:\/\/www.regioncuatronoticias.com\/index.php\/wp-json\/wp\/v2\/types\/post"}],"author":[{"embeddable":true,"href":"https:\/\/www.regioncuatronoticias.com\/index.php\/wp-json\/wp\/v2\/users\/1"}],"replies":[{"embeddable":true,"href":"https:\/\/www.regioncuatronoticias.com\/index.php\/wp-json\/wp\/v2\/comments?post=25418"}],"version-history":[{"count":1,"href":"https:\/\/www.regioncuatronoticias.com\/index.php\/wp-json\/wp\/v2\/posts\/25418\/revisions"}],"predecessor-version":[{"id":25420,"href":"https:\/\/www.regioncuatronoticias.com\/index.php\/wp-json\/wp\/v2\/posts\/25418\/revisions\/25420"}],"wp:featuredmedia":[{"embeddable":true,"href":"https:\/\/www.regioncuatronoticias.com\/index.php\/wp-json\/wp\/v2\/media\/25419"}],"wp:attachment":[{"href":"https:\/\/www.regioncuatronoticias.com\/index.php\/wp-json\/wp\/v2\/media?parent=25418"}],"wp:term":[{"taxonomy":"category","embeddable":true,"href":"https:\/\/www.regioncuatronoticias.com\/index.php\/wp-json\/wp\/v2\/categories?post=25418"},{"taxonomy":"post_tag","embeddable":true,"href":"https:\/\/www.regioncuatronoticias.com\/index.php\/wp-json\/wp\/v2\/tags?post=25418"}],"curies":[{"name":"wp","href":"https:\/\/api.w.org\/{rel}","templated":true}]}}