{"id":25415,"date":"2025-03-04T00:25:43","date_gmt":"2025-03-04T07:25:43","guid":{"rendered":"https:\/\/www.regioncuatronoticias.com\/?p=25415"},"modified":"2025-03-04T00:25:45","modified_gmt":"2025-03-04T07:25:45","slug":"estoy-listo-dice-tono","status":"publish","type":"post","link":"https:\/\/www.regioncuatronoticias.com\/index.php\/2025\/03\/04\/estoy-listo-dice-tono\/","title":{"rendered":"\u201cEstoy listo\u201d, dice To\u00f1o"},"content":{"rendered":"\n<p><strong>Columna Corren Rumores<\/strong><\/p>\n\n\n\n<p><strong>Hilario Olea<\/strong><\/p>\n\n\n\n<p><strong>\u201cEstoy listo\u201d, dice To\u00f1o<\/strong><\/p>\n\n\n\n<p><strong>Martes 4 de marzo de 2025<\/strong><\/p>\n\n\n\n<p><strong>EL QUE MADRUGA\u2026 <\/strong>Sale mejor en las encuestas\u2026Eso de andar acelerado y promocion\u00e1ndose funciona y si no creen preg\u00fantenle en su tiempo a Vicente Fox. Y que pero le ponen al exdue\u00f1o de palacio nacional, L\u00f3pez Obrador que se destap\u00f3 seis a\u00f1os antes. Por eso no es raro que todos los morenos ya comiencen a moverse que es un contento. Saben bien que tienen que aparecer en las encuestas para que les pongan atenci\u00f3n en los palacios. Luego entonces, apenas si hizo bien el alcalde de Hermosillo, Antonio Astiazar\u00e1n, de abrirse en la reuni\u00f3n del consejo estatal del PAN, cuando les dijo a los consejeros panistas que est\u00e1 listo y \u201ccon el \u00e1nimo de ir juntos para que cambie nuestro estado\u201d. Y seg\u00fan reportan logr\u00f3 tener a la mayor\u00eda de los liderazgos panistas a su favor para iniciar su proyecto electoral para el 2027.<\/p>\n\n\n\n<p><strong>NO SE OLVIDA\u2026 <\/strong>Aprovechando la tribuna les dijo \u201cLas amistades se demuestran en las buenas y en las malas, y en las malas estuvo el PAN siempre apoyando a \u2018To\u00f1o\u2019 Astiazar\u00e1n y eso nunca se me va a olvidar\u201d. Y remat\u00f3 diciendo \u201cLas y los necesito como un grande esfuerzo que es capaz de construir grandes cambios en nuestras ciudades y en nuestro estado. Les quiero decir que estoy listo y estoy con todo el \u00e1nimo de ir juntos para que cambie nuestro estado\u201d. Con esto ya tiene en la bolsa a su partido base para arrancar en forma su precampa\u00f1a. Ahora deber\u00e1 comenzar a tejer alianzas.&nbsp; Veremos si se logra volver a juntar a los otros aliados que son el PRI y el PRD.&nbsp; El problema con los priistas es que el factor de divisi\u00f3n entre ellos y con otras fuerzas pol\u00edticas es el dirigente nacional Alex Moreno.&nbsp; Lo m\u00e1s probable es que el PRD se las quiera volver a jugar, aunque no sabemos si como partido local puede hacer alianzas electorales. Veremos.<\/p>\n\n\n\n<p><strong>EL PAN VA SOLO\u2026 <\/strong>Ser\u00eda un error garrafal el que el PAN pretenda ir solo con su candidato para el 2027, sobre todo luego de ver las encuestas en donde las preferencias electorales favorecen de manera aplastante a Morena. Aqu\u00ed el consejo es que se ponga a tejer y muy fino para atraer aliados &nbsp;que sumen y no personajes que resten.&nbsp; Ah\u00ed tienen a Movimiento Ciudadano que va en franco crecimiento y que podr\u00eda aportar no solo estructura, sino adem\u00e1s figuras destacadas que pueden ser buenos candidatos. Tambi\u00e9n hay personajes independientes con capital pol\u00edtico como el caso de Ra\u00fal Gonz\u00e1lez de la Vega, quien tiene la mayor estructura de su antiguo partido. Pero ya ser\u00e1 decisi\u00f3n de la dirigencia panista, si creen que solos pueden tener una m\u00ednima oportunidad.<\/p>\n\n\n\n<p><strong>VIEJO CENTENARIO\u2026 <\/strong>Este 4 marzo se cumple un aniversario m\u00e1s de la fundaci\u00f3n del viejo PRI en 1929, donde fue creado con el nombre de Partido Nacional Revolucionario de parte de Plutarco El\u00edas Calles con el fin de agrupar a sectores, grupos y facciones revolucionarias. Ya calmado, lo reinventaron como Partido de la Revoluci\u00f3n Mexicana en 1938.&nbsp; Y finalmente con Miguel Alem\u00e1n inventar\u00edan al invencible PRI&nbsp; en 1946, que dio paso a la creaci\u00f3n de la presidencia imperial.&nbsp; Fue un verdadero partido camale\u00f3n que igual estaba a la izquierda&nbsp; que a la derecha. Depend\u00eda de la ideolog\u00eda del presidente en turno.&nbsp; Primer tropiezo fuerte fue el&nbsp; 2000 cuando pierden la presidencia.&nbsp; Y tocan fondo con la llegada de Morena al poder.&nbsp; Hoy se ha convertido en un partido Baig\u00f3n,&nbsp; porque se hace cada vez m\u00e1s chiquito.&nbsp; Seguramente y vayan apunt\u00e1ndolo por ah\u00ed, Alito Moreno va a buscar cambiarle por cuarta vez el nombre.&nbsp; Carlos Salinas no pudo imponerle el de Partido Solidaridad. Pero&nbsp; ahora como \u201cAlito\u201d es due\u00f1o completo, se lo puede echar como si nada..<\/p>\n\n\n\n<p><strong>MAYOR\u00cdA DE EDAD\u2026 <\/strong>Felicidades a todo el equipo al portal de noticias Ehui.com porque hoy 4 de marzo cumple 21 a\u00f1os de haber iniciado en redes sociales.&nbsp; En su momento, hay que reconocerlo, fue el primer portal cien por ciento dise\u00f1ado para&nbsp; ser de noticias y an\u00e1lisis.&nbsp; Hab\u00eda otros, pero eran complementos de medios impresos o electr\u00f3nicos.&nbsp; Por su parte, Ehui que ha tenido una trayectoria exitosa naci\u00f3 para ser un portal noticioso.&nbsp; Felicidades a todo el equipo por los \u00e9xitos logrados y los que faltan por lograr. Si la mente no me falla, creo que Rafael Cano fue el primer director&nbsp; y luego desfilaron grandes figuras del periodismo.&nbsp; Y, les insisto, falta muchos kil\u00f3metros que recorrer.&nbsp; Esperemos que como cada aniversario pronto nos traigan alguna noticia de cambios interesantes. Felicidades y sigan los \u00e9xitos.&nbsp;<\/p>\n\n\n\n<p><strong>En fin, la vida es bella y como dijo el Comanche Maldonado, nunca digas nunca, y menos cuando la hielera est\u00e1 llena. Sale.<\/strong><\/p>\n\n\n\n<p><strong>S\u00edganos en la cuenta de X o Twitter @hilarioolea.<\/strong><\/p>\n\n\n\n<p><strong>Pueden vernos de lunes a viernes de 8 a 9 de la noche en nuestro canal de YouTube \u201cEntre Todos Digital\u201d.<\/strong><\/p>\n\n\n\n<p><strong>Sigan nuestras redes sociales<\/strong><\/p>\n","protected":false},"excerpt":{"rendered":"<p>Columna Corren Rumores Hilario Olea \u201cEstoy listo\u201d, dice To\u00f1o Martes 4 de marzo de 2025 EL QUE MADRUGA\u2026 Sale mejor en las encuestas\u2026Eso de andar acelerado y promocion\u00e1ndose funciona y si no creen preg\u00fantenle en su tiempo a Vicente Fox. Y que pero le ponen al exdue\u00f1o de palacio nacional, L\u00f3pez Obrador que se destap\u00f3 [&hellip;]<\/p>\n","protected":false},"author":1,"featured_media":25416,"comment_status":"open","ping_status":"open","sticky":false,"template":"","format":"standard","meta":{"content-type":"","footnotes":""},"categories":[121],"tags":[],"class_list":{"0":"post-25415","1":"post","2":"type-post","3":"status-publish","4":"format-standard","5":"has-post-thumbnail","7":"category-hilarioolea"},"_links":{"self":[{"href":"https:\/\/www.regioncuatronoticias.com\/index.php\/wp-json\/wp\/v2\/posts\/25415","targetHints":{"allow":["GET"]}}],"collection":[{"href":"https:\/\/www.regioncuatronoticias.com\/index.php\/wp-json\/wp\/v2\/posts"}],"about":[{"href":"https:\/\/www.regioncuatronoticias.com\/index.php\/wp-json\/wp\/v2\/types\/post"}],"author":[{"embeddable":true,"href":"https:\/\/www.regioncuatronoticias.com\/index.php\/wp-json\/wp\/v2\/users\/1"}],"replies":[{"embeddable":true,"href":"https:\/\/www.regioncuatronoticias.com\/index.php\/wp-json\/wp\/v2\/comments?post=25415"}],"version-history":[{"count":1,"href":"https:\/\/www.regioncuatronoticias.com\/index.php\/wp-json\/wp\/v2\/posts\/25415\/revisions"}],"predecessor-version":[{"id":25417,"href":"https:\/\/www.regioncuatronoticias.com\/index.php\/wp-json\/wp\/v2\/posts\/25415\/revisions\/25417"}],"wp:featuredmedia":[{"embeddable":true,"href":"https:\/\/www.regioncuatronoticias.com\/index.php\/wp-json\/wp\/v2\/media\/25416"}],"wp:attachment":[{"href":"https:\/\/www.regioncuatronoticias.com\/index.php\/wp-json\/wp\/v2\/media?parent=25415"}],"wp:term":[{"taxonomy":"category","embeddable":true,"href":"https:\/\/www.regioncuatronoticias.com\/index.php\/wp-json\/wp\/v2\/categories?post=25415"},{"taxonomy":"post_tag","embeddable":true,"href":"https:\/\/www.regioncuatronoticias.com\/index.php\/wp-json\/wp\/v2\/tags?post=25415"}],"curies":[{"name":"wp","href":"https:\/\/api.w.org\/{rel}","templated":true}]}}