{"id":25409,"date":"2025-03-04T00:16:39","date_gmt":"2025-03-04T07:16:39","guid":{"rendered":"https:\/\/www.regioncuatronoticias.com\/?p=25409"},"modified":"2025-03-04T00:16:41","modified_gmt":"2025-03-04T07:16:41","slug":"sheinbaum-serenidad-y-paciencia-mi-pequeno-solin","status":"publish","type":"post","link":"https:\/\/www.regioncuatronoticias.com\/index.php\/2025\/03\/04\/sheinbaum-serenidad-y-paciencia-mi-pequeno-solin\/","title":{"rendered":"Sheinbaum: \u201cSerenidad y paciencia mi peque\u00f1o Sol\u00edn\u201d"},"content":{"rendered":"\n<p><strong>Columna De Primera Mano<\/strong><\/p>\n\n\n\n<p><strong>Francisco Javier Ruiz Quirr\u00edn<\/strong><\/p>\n\n\n\n<p><strong>Sheinbaum: \u201cSerenidad y paciencia mi peque\u00f1o Sol\u00edn\u201d<\/strong><\/p>\n\n\n\n<p><strong>Martes 4 de marzo de 2025<\/strong><\/p>\n\n\n\n<p><strong>COMO SE<\/strong> esperaba, el presidente de los Estados Unidos, Donald Trump, no se anduvo por las ramas y ayer por la tarde confirmaba la aplicaci\u00f3n de aranceles a Canad\u00e1, M\u00e9xico y China.<\/p>\n\n\n\n<p>Una vez m\u00e1s, est\u00e1 seguro que tiene en su baraja los ases y est\u00e1 dispuesto a imponerlos a todo el mundo.<\/p>\n\n\n\n<p>Por lo pronto, la confrontaci\u00f3n verbal que sostuvo con el presidente de Ukrania, Volodimir Selenski en la oficina oval de la Casa Blanca el pasado fin de semana, permiti\u00f3 unir a Europa en su contra luego de una cumbre llevada a cabo en Londres y signada por los mandatarios, entre ellos Francia, Espa\u00f1a y Alemania, as\u00ed como la extraordinaria presencia americana de Canad\u00e1 con Justin Trudeau a la cabeza.<\/p>\n\n\n\n<p>Y es que Trump se abri\u00f3 a favor del dictador Vladimir Putin a pesar de que \u00e9ste \u00faltimo fue el agresor al invadir Ukrania y provocar la muerte de miles de personas, entre ellos cientos de inocentes.<\/p>\n\n\n\n<p>El esp\u00edritu expansionista de Putin, es el mismo que muestra Trump, solo que \u00e9ste pretende alcanzar sus prop\u00f3sitos por la v\u00eda del dinero y su enorme influencia. El presidente de los Estados Unidos quiere comprar a Dinamarca la isla m\u00e1s grande del mundo: Groenlandia.<\/p>\n\n\n\n<p>Finalmente, Selenski logr\u00f3 la solidaridad de su continente y Trump simpatiza adem\u00e1s con Javier Milei, el derechista presidente de la Argentina, con quien est\u00e1 dispuesto a firmar un Tratado de Libre Comercio.<\/p>\n\n\n\n<p>Por lo que toca a M\u00e9xico, la presidenta Sheinbaum nos dijo ayer desde palacio nacional que tiene \u201cpiedras guardadas\u201d para utilizarlas en esta \u201cguerra\u201d con su vecino del norte, a quien le ha dado lo que ha pedido y m\u00e1s, pero es insaciable.<\/p>\n\n\n\n<p>As\u00ed podemos entender su expresi\u00f3n sobre el tema al decir que cuenta con un plan A,B,C y hasta D. \u00bfEn qu\u00e9 consisten? Solo ella lo sabe.<\/p>\n\n\n\n<p>Ha querido llevar el baile con el \u201cTio Sam\u201d de manera tranquila y podr\u00eda responder imponiendo aranceles a los productos estadounidenses que se exportan a M\u00e9xico y queremos pensar que podr\u00eda armar otra \u201ccumbre\u201d latinoamericana, en la que se plasme la solidaridad con M\u00e9xico de dictaduras como las de Cuba, Venezuela, Nicaragua, as\u00ed como Colombia, Bolivia y Brasil.<\/p>\n\n\n\n<p>Quiz\u00e1 lo mejor que tenemos de la Presidenta de M\u00e9xico, es su rostro impasible y su buen humor al decir que ante todo esto habr\u00e1 que poner cabeza fr\u00eda y \u201cmucha serenidad y paciencia\u201d como aquel Kalim\u00e1n de la radio de los a\u00f1os sesentas y setentas que lo repet\u00eda constantemente a su peque\u00f1o amigo, Sol\u00edn.<\/p>\n\n\n\n<p>Y como en todo el abecedario, primero conoceremos la A del gobierno de M\u00e9xico ante el imponente y amenazante Trump.<\/p>\n\n\n\n<p>Como sea, veremos si la dupla AMLO-Sheinbaum y sus noro\u00f1as y monreales, pueden levantarse de la silla donde han estado atados de pies y manos por las exigencias de Estados Unidos.<\/p>\n\n\n\n<p><strong>DE REGRESO<\/strong> a Sonora, finalmente el presidente municipal de Hermosillo, Antonio \u201cTo\u00f1o\u201d Astiazar\u00e1n Guti\u00e9rrez, se anim\u00f3 a levantar la mano con la mira en el 2027, al participar en una reuni\u00f3n del consejo estatal del Partido Acci\u00f3n Nacional\u2026 Entre otras cosas, el exitoso alcalde de la capital de Sonora expres\u00f3 que \u201cjam\u00e1s olvidar\u00eda\u201d que en los momentos dif\u00edciles el PAN estuvo a su lado\u2026 Asimismo, muy convencido, asegur\u00f3 que \u201cas\u00ed como ha transformado Hermosillo, tambi\u00e9n habr\u00e1 que transformar al Estado\u201d\u2026 Y bueno, para la elecci\u00f3n de gobernador falta poco m\u00e1s de dos a\u00f1os, pero la verdad es que la carrera ya ha comenzado y To\u00f1o es el \u00fanico perfil opositor a MORENA que podr\u00eda ofrecer competencia a la maquinaria oficial\u2026 Por rumbos del partido de la presidenta de la rep\u00fablica y del gobernador del Estado, quien ha comenzado a admitir que no descarta la posibilidad de buscar \u201cbailar con do\u00f1a Leonor el 27\u201d es el alcalde de Cajeme, Javier Lamarque Cano, sobre todo despu\u00e9s de publicarse una incre\u00edble encuesta donde sale muy bien calificado, al lado del impresentable \u201ccubano\u201d Abraham Mier y de la guaymense Karla C\u00f3rdova\u2026 Por su lado, los senadores Lorenia Valles, Heriberto Aguilar y el secretario de gobierno Adolfo Salazar, han declarado en su momento no tener tiempo de pensar en el 27 pues est\u00e1n s\u00faper-concentrados en su trabajo ahora\u2026 Claro.<\/p>\n","protected":false},"excerpt":{"rendered":"<p>Columna De Primera Mano Francisco Javier Ruiz Quirr\u00edn Sheinbaum: \u201cSerenidad y paciencia mi peque\u00f1o Sol\u00edn\u201d Martes 4 de marzo de 2025 COMO SE esperaba, el presidente de los Estados Unidos, Donald Trump, no se anduvo por las ramas y ayer por la tarde confirmaba la aplicaci\u00f3n de aranceles a Canad\u00e1, M\u00e9xico y China. Una vez [&hellip;]<\/p>\n","protected":false},"author":1,"featured_media":25410,"comment_status":"open","ping_status":"open","sticky":false,"template":"","format":"standard","meta":{"content-type":"","footnotes":""},"categories":[124],"tags":[],"class_list":{"0":"post-25409","1":"post","2":"type-post","3":"status-publish","4":"format-standard","5":"has-post-thumbnail","7":"category-francisco-javier-ruiz-quirrin"},"_links":{"self":[{"href":"https:\/\/www.regioncuatronoticias.com\/index.php\/wp-json\/wp\/v2\/posts\/25409","targetHints":{"allow":["GET"]}}],"collection":[{"href":"https:\/\/www.regioncuatronoticias.com\/index.php\/wp-json\/wp\/v2\/posts"}],"about":[{"href":"https:\/\/www.regioncuatronoticias.com\/index.php\/wp-json\/wp\/v2\/types\/post"}],"author":[{"embeddable":true,"href":"https:\/\/www.regioncuatronoticias.com\/index.php\/wp-json\/wp\/v2\/users\/1"}],"replies":[{"embeddable":true,"href":"https:\/\/www.regioncuatronoticias.com\/index.php\/wp-json\/wp\/v2\/comments?post=25409"}],"version-history":[{"count":1,"href":"https:\/\/www.regioncuatronoticias.com\/index.php\/wp-json\/wp\/v2\/posts\/25409\/revisions"}],"predecessor-version":[{"id":25411,"href":"https:\/\/www.regioncuatronoticias.com\/index.php\/wp-json\/wp\/v2\/posts\/25409\/revisions\/25411"}],"wp:featuredmedia":[{"embeddable":true,"href":"https:\/\/www.regioncuatronoticias.com\/index.php\/wp-json\/wp\/v2\/media\/25410"}],"wp:attachment":[{"href":"https:\/\/www.regioncuatronoticias.com\/index.php\/wp-json\/wp\/v2\/media?parent=25409"}],"wp:term":[{"taxonomy":"category","embeddable":true,"href":"https:\/\/www.regioncuatronoticias.com\/index.php\/wp-json\/wp\/v2\/categories?post=25409"},{"taxonomy":"post_tag","embeddable":true,"href":"https:\/\/www.regioncuatronoticias.com\/index.php\/wp-json\/wp\/v2\/tags?post=25409"}],"curies":[{"name":"wp","href":"https:\/\/api.w.org\/{rel}","templated":true}]}}